{"id":99361,"date":"2024-10-15T09:00:00","date_gmt":"2024-10-15T07:00:00","guid":{"rendered":"https:\/\/www.reichelt.com\/magazin\/?p=99361"},"modified":"2026-04-08T14:24:21","modified_gmt":"2026-04-08T12:24:21","slug":"pret-a-prendre-la-route-cet-hiver-preparez-votre-voiture-pour-la-saison-froide","status":"publish","type":"post","link":"https:\/\/www.reichelt.com\/magazin\/fr\/conseils\/pret-a-prendre-la-route-cet-hiver-preparez-votre-voiture-pour-la-saison-froide\/","title":{"rendered":"Pr\u00eat \u00e0 prendre la route cet hiver ? Pr\u00e9parez votre voiture pour la saison froide."},"content":{"rendered":"\n<p>Neige, verglas, pluie vergla\u00e7ante : L&#8217;arriv\u00e9e de l&#8217;hiver implique non seulement un changement des paysages et des temp\u00e9ratures, mais aussi un changement des exigences vis-\u00e0-vis de votre v\u00e9hicule. Afin de passer les mois d&#8217;hiver en toute s\u00e9curit\u00e9 et d&#8217;\u00e9viter les mauvaises surprises, il est conseill\u00e9 de pr\u00e9parer minutieusement votre voiture aux conditions hivernales. De la batterie de la voiture aux pneus, de nombreux \u00e9l\u00e9ments doivent \u00eatre pris en compte pour garantir \u00e0 la fois votre propre s\u00e9curit\u00e9 et la long\u00e9vit\u00e9 de votre v\u00e9hicule. Dans ce guide, vous trouverez des conseils pratiques et des recommandations pour pr\u00e9parer votre voiture de mani\u00e8re optimale \u00e0 l&#8217;hiver. Des pneus-neige \u00e0 la protection antigel, en passant par les petites outils , les conseils suivants vous permettront de rouler en toute s\u00e9curit\u00e9 et en toute s\u00e9r\u00e9nit\u00e9 cet hiver.<\/p>\n\n\n\n<h2 class=\"wp-block-heading\" id=\"h-freins\">Freins<\/h2>\n\n\n\n<p>Si vous fa\u00eetes changer vos pneus dans un garage, il est recommand\u00e9 de faire contr\u00f4ler les freins en m\u00eame temps. Une l\u00e9g\u00e8re rouille peut g\u00e9n\u00e9ralement s&#8217;\u00e9liminer avec le temps en roulant et en freinant, mais si des rainures ou autres aparaissent sur les disques de frein normalement lisses, ceux-ci doivent \u00eatre remplac\u00e9s. Il est \u00e9galement important de disposer de suffisamment de liquide de frein. S&#8217;il n&#8217;y en a plus assez, cela signifie g\u00e9n\u00e9ralement que les plaquettes de frein sont us\u00e9es.<\/p>\n\n\n\n<h2 class=\"wp-block-heading\" id=\"h-antigel-de-radiateur\">Antigel de radiateur<\/h2>\n\n\n\n<p>Il faut absolument v\u00e9rifier l&#8217;eau de refroidissement avant le premier gel pour s&#8217;assurer qu&#8217;elle contient suffisamment d&#8217;antigel. En effet, d\u00e8s que les temp\u00e9ratures baissent, le risque que l&#8217;eau de refroidissement g\u00e8le augmente si elle n&#8217;est pas antigel. Les cons\u00e9quences peuvent \u00eatre graves : destruction du syst\u00e8me de refroidissement ou m\u00eame panne de moteur.<\/p>\n\n\n\n<p>Il est possible de contr\u00f4ler facilement l&#8217;eau de refroidissement \u00e0 l&#8217;aide d&#8217;un <strong><a href=\"https:\/\/www.reichelt.com\/fr\/fr\/shop\/produit\/testeur_d_antigel_automobile_en_forme_de_batonnet_court-52366\" target=\"_blank\" rel=\"noreferrer noopener\">testeur de protection contre le gel<\/a><\/strong>. Vous pouvez \u00e9galement demander un appareil de mesure \u00e0 la station-service ou dans un garage. La mesure doit donner une valeur d&#8217;au moins -25 \u00b0C. Si la temp\u00e9rature est inf\u00e9rieure \u00e0 -25 \u00b0C, le syst\u00e8me de refroidissement ne fonctionne pas.<\/p>\n\n\n\n<h2 class=\"wp-block-heading\" id=\"h-liquide-pour-les-essuie-glaces\">Liquide pour les essuie-glaces<\/h2>\n\n\n\n<p>L&#8217;antigel est \u00e9galement important dans le liquide lave-glace, afin d&#8217;\u00e9viter le gel des tuyaux, de la pompe ou les buses de pulv\u00e9risation. Le liquide lave-glace est disponible dans toutes les stations-service sous forme de m\u00e9lange pr\u00eat \u00e0 l&#8217;emploi ou de concentr\u00e9. Lors de la dilution du concentr\u00e9, veillez \u00e0 respecter les bonnes proportions. Dans le cas contraire, l&#8217;efficacit\u00e9 du nettoyage peut en souffrir. En plus de l&#8217;antigel, vous pouvez ajouter des <strong><a href=\"https:\/\/www.reichelt.com\/fr\/fr\/shop\/produit\/pastilles_lave-glace_-_purgator-106667\" target=\"_blank\" rel=\"noreferrer noopener\">pastilles de nettoyant<\/a><\/strong> comme additif \u00e0 l&#8217;antigel pour un meilleur nettoyage.<\/p>\n\n\n\n<h2 class=\"wp-block-heading\" id=\"h-phares-eclairage\">Phares + \u00e9clairage<\/h2>\n\n\n<span data-view=\"article\" data-artid=\"86025\" data-lang=\"de\"><\/span>\n\n\n\n<p>Une bonne visibilit\u00e9 est essentielle pour une conduite s\u00fbre, surtout en cas de chute de neige. Il est pr\u00e9f\u00e9rable de v\u00e9rifier avant chaque trajet que vos phares et vos feux stop sont exempts de neige et de glace. Il est \u00e9galement conseill\u00e9 de v\u00e9rifier le r\u00e9glage des phares. En cas de mauvais r\u00e9glage, vous risquez d&#8217;\u00e9blouir le trafic en sens inverse ou de ne pas \u00e9clairer correctement votre route. Dans les deux cas, cela peut s&#8217;av\u00e9rer dangereux.<\/p>\n\n\n\n<p>La s\u00e9curit\u00e9 routi\u00e8re d\u00e9pend en grande partie d&#8217;un bon \u00e9clairage. Un phare d\u00e9fectueux augmente consid\u00e9rablement le risque d&#8217;accident ; il doit donc \u00eatre remplac\u00e9 imm\u00e9diatement afin d&#8217;\u00e9viter que le deuxi\u00e8me phare ne tombe \u00e9galement en panne. En cas d&#8217;urgence, il est conseill\u00e9 d&#8217;avoir toujours un <strong><a href=\"https:\/\/www.reichelt.com\/de\/fr\/\/2\/?ACTION=2&amp;LANGUAGE=fr&amp;search=**&amp;propselect[0]=1%23~%23G%C3%A9n%C3%A9ralit%C3%A9%23~%23Type%23~%23Kit%20d%27%C3%A9clairage%20de%20v%C3%A9hicule%20%23~%23Kit%20d%27%C3%A9clairage%20de%20v%C3%A9hicule%23~%230\" target=\"_blank\" rel=\"noreferrer noopener\">jeu de lampes de rechange<\/a><\/strong> dans son v\u00e9hicule. Cette mesure est d\u00e9j\u00e0 obligatoire dans plusieurs pays europ\u00e9ens, dont la Slov\u00e9nie, la Croatie, la Mac\u00e9doine, la Bosnie-Herz\u00e9govine, l&#8217;Espagne et la R\u00e9publique tch\u00e8que. La France et la Slovaquie recommandent \u00e9galement la pr\u00e9sence d&#8217;une telle bo\u00eete. Vous trouverez des <strong><a href=\"https:\/\/www.reichelt.com\/fr\/fr\/shop\/cat%C3%A9gorie\/ampoules_pour_voitures-4548\" target=\"_blank\" rel=\"noreferrer noopener\">ampoules de rechange pour v\u00e9hicules<\/a><\/strong> dans la boutique en ligne reichelt.<\/p>\n\n\n\n<h2 class=\"wp-block-heading\" id=\"h-batterie-de-voiture\">Batterie de voiture<\/h2>\n\n\n\n<p>La batterie de voiture est responsable de l&#8217;une des pannes les plus classiques et les plus fr\u00e9quentes en hiver. Si votre voiture ne d\u00e9marre plus, c&#8217;est g\u00e9n\u00e9ralement parce que la batterie est faible ou vieille. Les voitures utilis\u00e9es principalement pour de courts trajets sont les plus expos\u00e9es \u00e0 ce probl\u00e8me. Pour savoir si votre batterie doit \u00eatre remplac\u00e9e, vous pouvez utiliser <strong><a href=\"https:\/\/www.reichelt.com\/fr\/fr\/shop\/produit\/testeur_de_batterie_cbt12xs_pour_batteries_de_voiture_12_v-319368\" target=\"_blank\" rel=\"noreferrer noopener\">un testeur de batterie<\/a><\/strong>. Si celui-ci affiche une valeur de 12,6 V ou moins, cela signifie que la batterie est d\u00e9fectueuse.<\/p>\n\n\n\n<h2 class=\"wp-block-heading\" id=\"h-petits-et-grands-outils\">Petits et grands outils<\/h2>\n\n\n\n<p>Outre les pr\u00e9paratifs que nous venons de mentionner, il existe toute une s\u00e9rie d&#8217;outils petits et grands qui vous permettront de relever tous les d\u00e9fis pendant les mois d&#8217;hiver :<\/p>\n\n\n\n<ul class=\"wp-block-list\">\n<li><strong><a href=\"https:\/\/www.reichelt.com\/fr\/fr\/shop\/cat%C3%A9gorie\/chaines_a_neige-8977\" target=\"_blank\" rel=\"noreferrer noopener\">Cha\u00eenes<\/a><\/strong> : permettent de rouler en toute s\u00e9curit\u00e9 dans les r\u00e9gions particuli\u00e8rement enneig\u00e9es.<\/li>\n\n\n\n<li><strong><a href=\"https:\/\/www.reichelt.com\/fr\/fr\/shop\/produit\/grattoir_a_glace_pour_voiture_avec_poignee_souple_22cm_noir-389362\" target=\"_blank\" rel=\"noreferrer noopener\">Grattoir \u00e0 glace<\/a><\/strong> : indispensable pour d\u00e9givrer les vitres de la voiture.<\/li>\n\n\n\n<li><strong><a href=\"https:\/\/www.reichelt.com\/fr\/fr\/shop\/produit\/bache_pour_pare-brise_1_4_1_9_m_x_68_cm-163627\" target=\"_blank\" rel=\"noreferrer noopener\">Film de protection<\/a><\/strong> : \u00e9viter d&#8217;avoir \u00e0 gratter ou d&#8217;ab\u00eemer les caoutchoucs des essuie-glaces s&#8217;il est coinc\u00e9 dessous pendant la nuit.<\/li>\n\n\n\n<li><strong><a href=\"https:\/\/www.reichelt.com\/fr\/fr\/shop\/produit\/voiture_-_degivreur_de_serrure_de_portiere_50_ml-267487\" target=\"_blank\" rel=\"noreferrer noopener\">D\u00e9givrant pour porti\u00e8res<\/a><\/strong> : lorsque les porti\u00e8res sont fortement gel\u00e9es, le d\u00e9givrant pour porti\u00e8res est parfois le seul moyen d&#8217;acc\u00e9der \u00e0 la voiture. Il est donc conseill\u00e9 de ne pas le laisser dans la voiture.<\/li>\n<\/ul>\n\n\n<span data-view=\"article\" data-artid=\"151129\" data-lang=\"de\"><\/span>\n\n\n\n<p>Les routes glissantes ou les fortes chutes de neige augmentent le risque d&#8217;accident. Pour pouvoir porter secours ou aider les autres en cas d&#8217;urgence :<\/p>\n\n\n\n<ul class=\"wp-block-list\">\n<li><strong><a href=\"https:\/\/www.reichelt.com\/fr\/fr\/shop\/produit\/cable_de_remorquage_de_voitures_jaune_2_500_kg-52363\" target=\"_blank\" rel=\"noreferrer noopener\">C\u00e2ble de remorquage<\/a><\/strong><\/li>\n\n\n\n<li>C\u00e2ble de d\u00e9marrage<\/li>\n\n\n\n<li><strong><a href=\"https:\/\/www.reichelt.com\/fr\/fr\/shop\/produit\/voiture_-_triangle_d_avertissement_norme_e13_refermable-267505\" target=\"_blank\" rel=\"noreferrer noopener\">Triangle de signalisation<\/a><\/strong><\/li>\n\n\n\n<li><strong><a href=\"https:\/\/www.reichelt.com\/fr\/fr\/shop\/produit\/trousse_de_premiers_secours_pour_v_hicule_din13164_2022_sac-357214\" target=\"_blank\" rel=\"noreferrer noopener\">Trousse de secours<\/a><\/strong><\/li>\n\n\n\n<li>Des chaussures solides et chaudes, si vous pr\u00e9voyez d&#8217;aller en ville en costume.<\/li>\n\n\n\n<li>Si vous n&#8217;avez pas encore emport\u00e9 de gants, vous appr\u00e9cierez d&#8217;en avoir une paire de secours dans votre voiture.<\/li>\n<\/ul>\n\n\n\n<p>Il ne faut pas oublier l&#8217;\u00e9quipement obligatoire qui doit se trouver dans la voiture en toute saison: le <strong><a href=\"https:\/\/www.reichelt.com\/fr\/fr\/shop\/produit\/gilet_de_securite_pour_enfants_taille_s_7-12_ans_jaune_din_en_-137152\" target=\"_blank\" rel=\"noreferrer noopener\">gilet de s\u00e9curit\u00e9 et de s\u00fbret\u00e9<\/a> <\/strong><\/p>\n\n\n\n<p>Ces conseils, sous forme de guide, peuvent vous aider \u00e0 pr\u00e9parer au mieux votre voiture, ainsi que vous-m\u00eame, \u00e0 l&#8217;arriv\u00e9e des mois froids. En effet, des pneus adapt\u00e9s, une protection antigel suffisante et un contr\u00f4le r\u00e9gulier des feux peuvent faire la diff\u00e9rence entre une conduite d\u00e9tendue et des surprises d\u00e9sagr\u00e9ables sur les routes enneig\u00e9es. Des accessoires tels que des c\u00e2bles de d\u00e9marrage et un c\u00e2ble de remorquage compl\u00e8tent l&#8217;\u00e9quipement hivernal et permettent de faire face aux situations impr\u00e9vues.<\/p>\n\n\n\n<p>Images : Adobe Stock<\/p>\n\n\n\n<div style=\"height:10px\" aria-hidden=\"true\" class=\"wp-block-spacer\"><\/div>\n\n\n\n<p><\/p>\n","protected":false},"excerpt":{"rendered":"<p>Neige, verglas, pluie vergla\u00e7ante : L&#8217;arriv\u00e9e de l&#8217;hiver implique non seulement un changement des paysages et des temp\u00e9ratures, mais aussi un changement des exigences vis-\u00e0-vis de votre v\u00e9hicule. Afin de passer les mois d&#8217;hiver en toute s\u00e9curit\u00e9 et d&#8217;\u00e9viter les mauvaises surprises, il est conseill\u00e9 de pr\u00e9parer minutieusement votre voiture aux conditions hivernales. De la [&hellip;]<\/p>\n","protected":false},"author":13,"featured_media":99385,"comment_status":"open","ping_status":"open","sticky":false,"template":"","format":"standard","meta":{"footnotes":""},"categories":[6044],"tags":[9803,6726,9809,9805,9807,9801],"class_list":["post-99361","post","type-post","status-publish","format-standard","has-post-thumbnail","hentry","category-conseils","tag-antigel","tag-batterie-de-voiture","tag-chaines-a-neige","tag-freins","tag-phares","tag-pneus-hiver"],"yoast_head":"<!-- This site is optimized with the Yoast SEO Premium plugin v27.4 (Yoast SEO v27.4) - https:\/\/yoast.com\/product\/yoast-seo-premium-wordpress\/ -->\n<title>Pr\u00e9parez votre voiture pour l&#039;hiver : conseils pratiques - reichelt Magazin<\/title>\n<meta name=\"description\" content=\"Pr\u00e9parez votre voiture pour l&#039;hiver et \u00e9vitez les mauvaises surprises sur la route durant la saison froide.\" \/>\n<meta name=\"robots\" content=\"index, follow, max-snippet:-1, max-image-preview:large, max-video-preview:-1\" \/>\n<link rel=\"canonical\" href=\"https:\/\/www.reichelt.com\/magazin\/fr\/conseils\/pret-a-prendre-la-route-cet-hiver-preparez-votre-voiture-pour-la-saison-froide\/\" \/>\n<meta property=\"og:locale\" content=\"fr_FR\" \/>\n<meta property=\"og:type\" content=\"article\" \/>\n<meta property=\"og:title\" content=\"Pr\u00eat \u00e0 prendre la route cet hiver ? Pr\u00e9parez votre voiture pour la saison froide.\" \/>\n<meta property=\"og:description\" content=\"Pr\u00e9parez votre voiture pour l&#039;hiver et \u00e9vitez les mauvaises surprises sur la route durant la saison froide.\" \/>\n<meta property=\"og:url\" content=\"https:\/\/www.reichelt.com\/magazin\/fr\/conseils\/pret-a-prendre-la-route-cet-hiver-preparez-votre-voiture-pour-la-saison-froide\/\" \/>\n<meta property=\"og:site_name\" content=\"reichelt Magazin\" \/>\n<meta property=\"article:published_time\" content=\"2024-10-15T07:00:00+00:00\" \/>\n<meta property=\"article:modified_time\" content=\"2026-04-08T12:24:21+00:00\" \/>\n<meta property=\"og:image\" content=\"https:\/\/www.reichelt.de\/magazin\/wp-content\/uploads\/2024\/09\/titel-auto-winterfest-machen.png\" \/>\n\t<meta property=\"og:image:width\" content=\"1350\" \/>\n\t<meta property=\"og:image:height\" content=\"400\" \/>\n\t<meta property=\"og:image:type\" content=\"image\/png\" \/>\n<meta name=\"author\" content=\"Anne-Dominique Leroy\" \/>\n<meta name=\"twitter:card\" content=\"summary_large_image\" \/>\n<meta name=\"twitter:label1\" content=\"\u00c9crit par\" \/>\n\t<meta name=\"twitter:data1\" content=\"Anne-Dominique Leroy\" \/>\n\t<meta name=\"twitter:label2\" content=\"Dur\u00e9e de lecture estim\u00e9e\" \/>\n\t<meta name=\"twitter:data2\" content=\"5 minutes\" \/>\n<script type=\"application\/ld+json\" class=\"yoast-schema-graph\">{\"@context\":\"https:\\\/\\\/schema.org\",\"@graph\":[{\"@type\":\"Article\",\"@id\":\"https:\\\/\\\/www.reichelt.com\\\/magazin\\\/fr\\\/conseils\\\/pret-a-prendre-la-route-cet-hiver-preparez-votre-voiture-pour-la-saison-froide\\\/#article\",\"isPartOf\":{\"@id\":\"https:\\\/\\\/www.reichelt.com\\\/magazin\\\/fr\\\/conseils\\\/pret-a-prendre-la-route-cet-hiver-preparez-votre-voiture-pour-la-saison-froide\\\/\"},\"author\":{\"name\":\"Anne-Dominique Leroy\",\"@id\":\"https:\\\/\\\/www.reichelt.com\\\/magazin\\\/fr\\\/#\\\/schema\\\/person\\\/f47a62fd69ad795a26a04e25ed011c9c\"},\"headline\":\"Pr\u00eat \u00e0 prendre la route cet hiver ? Pr\u00e9parez votre voiture pour la saison froide.\",\"datePublished\":\"2024-10-15T07:00:00+00:00\",\"dateModified\":\"2026-04-08T12:24:21+00:00\",\"mainEntityOfPage\":{\"@id\":\"https:\\\/\\\/www.reichelt.com\\\/magazin\\\/fr\\\/conseils\\\/pret-a-prendre-la-route-cet-hiver-preparez-votre-voiture-pour-la-saison-froide\\\/\"},\"wordCount\":1130,\"commentCount\":0,\"publisher\":{\"@id\":\"https:\\\/\\\/www.reichelt.com\\\/magazin\\\/fr\\\/#organization\"},\"image\":{\"@id\":\"https:\\\/\\\/www.reichelt.com\\\/magazin\\\/fr\\\/conseils\\\/pret-a-prendre-la-route-cet-hiver-preparez-votre-voiture-pour-la-saison-froide\\\/#primaryimage\"},\"thumbnailUrl\":\"https:\\\/\\\/www.reichelt.com\\\/magazin\\\/wp-content\\\/uploads\\\/2024\\\/09\\\/titel-auto-winterfest-machen.png\",\"keywords\":[\"antigel\",\"batterie de voiture\",\"cha\u00eenes \u00e0 neige\",\"freins\",\"phares\",\"Pneus hiver\"],\"articleSection\":[\"Tutoriels\"],\"inLanguage\":\"fr-FR\",\"potentialAction\":[{\"@type\":\"CommentAction\",\"name\":\"Comment\",\"target\":[\"https:\\\/\\\/www.reichelt.com\\\/magazin\\\/fr\\\/conseils\\\/pret-a-prendre-la-route-cet-hiver-preparez-votre-voiture-pour-la-saison-froide\\\/#respond\"]}]},{\"@type\":\"WebPage\",\"@id\":\"https:\\\/\\\/www.reichelt.com\\\/magazin\\\/fr\\\/conseils\\\/pret-a-prendre-la-route-cet-hiver-preparez-votre-voiture-pour-la-saison-froide\\\/\",\"url\":\"https:\\\/\\\/www.reichelt.com\\\/magazin\\\/fr\\\/conseils\\\/pret-a-prendre-la-route-cet-hiver-preparez-votre-voiture-pour-la-saison-froide\\\/\",\"name\":\"Pr\u00e9parez votre voiture pour l'hiver : conseils pratiques - reichelt Magazin\",\"isPartOf\":{\"@id\":\"https:\\\/\\\/www.reichelt.com\\\/magazin\\\/fr\\\/#website\"},\"primaryImageOfPage\":{\"@id\":\"https:\\\/\\\/www.reichelt.com\\\/magazin\\\/fr\\\/conseils\\\/pret-a-prendre-la-route-cet-hiver-preparez-votre-voiture-pour-la-saison-froide\\\/#primaryimage\"},\"image\":{\"@id\":\"https:\\\/\\\/www.reichelt.com\\\/magazin\\\/fr\\\/conseils\\\/pret-a-prendre-la-route-cet-hiver-preparez-votre-voiture-pour-la-saison-froide\\\/#primaryimage\"},\"thumbnailUrl\":\"https:\\\/\\\/www.reichelt.com\\\/magazin\\\/wp-content\\\/uploads\\\/2024\\\/09\\\/titel-auto-winterfest-machen.png\",\"datePublished\":\"2024-10-15T07:00:00+00:00\",\"dateModified\":\"2026-04-08T12:24:21+00:00\",\"description\":\"Pr\u00e9parez votre voiture pour l'hiver et \u00e9vitez les mauvaises surprises sur la route durant la saison froide.\",\"breadcrumb\":{\"@id\":\"https:\\\/\\\/www.reichelt.com\\\/magazin\\\/fr\\\/conseils\\\/pret-a-prendre-la-route-cet-hiver-preparez-votre-voiture-pour-la-saison-froide\\\/#breadcrumb\"},\"inLanguage\":\"fr-FR\",\"potentialAction\":[{\"@type\":\"ReadAction\",\"target\":[\"https:\\\/\\\/www.reichelt.com\\\/magazin\\\/fr\\\/conseils\\\/pret-a-prendre-la-route-cet-hiver-preparez-votre-voiture-pour-la-saison-froide\\\/\"]}]},{\"@type\":\"ImageObject\",\"inLanguage\":\"fr-FR\",\"@id\":\"https:\\\/\\\/www.reichelt.com\\\/magazin\\\/fr\\\/conseils\\\/pret-a-prendre-la-route-cet-hiver-preparez-votre-voiture-pour-la-saison-froide\\\/#primaryimage\",\"url\":\"https:\\\/\\\/www.reichelt.com\\\/magazin\\\/wp-content\\\/uploads\\\/2024\\\/09\\\/titel-auto-winterfest-machen.png\",\"contentUrl\":\"https:\\\/\\\/www.reichelt.com\\\/magazin\\\/wp-content\\\/uploads\\\/2024\\\/09\\\/titel-auto-winterfest-machen.png\",\"width\":1350,\"height\":400,\"caption\":\"Winterfest im Stra\u00dfenverkehr: So bereiten Sie Ihr Auto optimal auf die kalte Jahreszeit vor\"},{\"@type\":\"BreadcrumbList\",\"@id\":\"https:\\\/\\\/www.reichelt.com\\\/magazin\\\/fr\\\/conseils\\\/pret-a-prendre-la-route-cet-hiver-preparez-votre-voiture-pour-la-saison-froide\\\/#breadcrumb\",\"itemListElement\":[{\"@type\":\"ListItem\",\"position\":1,\"name\":\"Home\",\"item\":\"https:\\\/\\\/www.reichelt.com\\\/magazin\\\/fr\\\/\"},{\"@type\":\"ListItem\",\"position\":2,\"name\":\"Pr\u00eat \u00e0 prendre la route cet hiver ? Pr\u00e9parez votre voiture pour la saison froide.\"}]},{\"@type\":\"WebSite\",\"@id\":\"https:\\\/\\\/www.reichelt.com\\\/magazin\\\/fr\\\/#website\",\"url\":\"https:\\\/\\\/www.reichelt.com\\\/magazin\\\/fr\\\/\",\"name\":\"reichelt Magazin\",\"description\":\"Das Technik Magazin\",\"publisher\":{\"@id\":\"https:\\\/\\\/www.reichelt.com\\\/magazin\\\/fr\\\/#organization\"},\"potentialAction\":[{\"@type\":\"SearchAction\",\"target\":{\"@type\":\"EntryPoint\",\"urlTemplate\":\"https:\\\/\\\/www.reichelt.com\\\/magazin\\\/fr\\\/?s={search_term_string}\"},\"query-input\":{\"@type\":\"PropertyValueSpecification\",\"valueRequired\":true,\"valueName\":\"search_term_string\"}}],\"inLanguage\":\"fr-FR\"},{\"@type\":\"Organization\",\"@id\":\"https:\\\/\\\/www.reichelt.com\\\/magazin\\\/fr\\\/#organization\",\"name\":\"reichelt Magazin\",\"url\":\"https:\\\/\\\/www.reichelt.com\\\/magazin\\\/fr\\\/\",\"logo\":{\"@type\":\"ImageObject\",\"inLanguage\":\"fr-FR\",\"@id\":\"https:\\\/\\\/www.reichelt.com\\\/magazin\\\/fr\\\/#\\\/schema\\\/logo\\\/image\\\/\",\"url\":\"https:\\\/\\\/www.reichelt.com\\\/magazin\\\/wp-content\\\/uploads\\\/2021\\\/11\\\/reichelt_magazin_logo_de_nl-1.svg\",\"contentUrl\":\"https:\\\/\\\/www.reichelt.com\\\/magazin\\\/wp-content\\\/uploads\\\/2021\\\/11\\\/reichelt_magazin_logo_de_nl-1.svg\",\"width\":456,\"height\":149,\"caption\":\"reichelt Magazin\"},\"image\":{\"@id\":\"https:\\\/\\\/www.reichelt.com\\\/magazin\\\/fr\\\/#\\\/schema\\\/logo\\\/image\\\/\"}},{\"@type\":\"Person\",\"@id\":\"https:\\\/\\\/www.reichelt.com\\\/magazin\\\/fr\\\/#\\\/schema\\\/person\\\/f47a62fd69ad795a26a04e25ed011c9c\",\"name\":\"Anne-Dominique Leroy\"}]}<\/script>\n<!-- \/ Yoast SEO Premium plugin. -->","yoast_head_json":{"title":"Pr\u00e9parez votre voiture pour l'hiver : conseils pratiques - reichelt Magazin","description":"Pr\u00e9parez votre voiture pour l'hiver et \u00e9vitez les mauvaises surprises sur la route durant la saison froide.","robots":{"index":"index","follow":"follow","max-snippet":"max-snippet:-1","max-image-preview":"max-image-preview:large","max-video-preview":"max-video-preview:-1"},"canonical":"https:\/\/www.reichelt.com\/magazin\/fr\/conseils\/pret-a-prendre-la-route-cet-hiver-preparez-votre-voiture-pour-la-saison-froide\/","og_locale":"fr_FR","og_type":"article","og_title":"Pr\u00eat \u00e0 prendre la route cet hiver ? Pr\u00e9parez votre voiture pour la saison froide.","og_description":"Pr\u00e9parez votre voiture pour l'hiver et \u00e9vitez les mauvaises surprises sur la route durant la saison froide.","og_url":"https:\/\/www.reichelt.com\/magazin\/fr\/conseils\/pret-a-prendre-la-route-cet-hiver-preparez-votre-voiture-pour-la-saison-froide\/","og_site_name":"reichelt Magazin","article_published_time":"2024-10-15T07:00:00+00:00","article_modified_time":"2026-04-08T12:24:21+00:00","og_image":[{"width":1350,"height":400,"url":"https:\/\/www.reichelt.de\/magazin\/wp-content\/uploads\/2024\/09\/titel-auto-winterfest-machen.png","type":"image\/png"}],"author":"Anne-Dominique Leroy","twitter_card":"summary_large_image","twitter_misc":{"\u00c9crit par":"Anne-Dominique Leroy","Dur\u00e9e de lecture estim\u00e9e":"5 minutes"},"schema":{"@context":"https:\/\/schema.org","@graph":[{"@type":"Article","@id":"https:\/\/www.reichelt.com\/magazin\/fr\/conseils\/pret-a-prendre-la-route-cet-hiver-preparez-votre-voiture-pour-la-saison-froide\/#article","isPartOf":{"@id":"https:\/\/www.reichelt.com\/magazin\/fr\/conseils\/pret-a-prendre-la-route-cet-hiver-preparez-votre-voiture-pour-la-saison-froide\/"},"author":{"name":"Anne-Dominique Leroy","@id":"https:\/\/www.reichelt.com\/magazin\/fr\/#\/schema\/person\/f47a62fd69ad795a26a04e25ed011c9c"},"headline":"Pr\u00eat \u00e0 prendre la route cet hiver ? Pr\u00e9parez votre voiture pour la saison froide.","datePublished":"2024-10-15T07:00:00+00:00","dateModified":"2026-04-08T12:24:21+00:00","mainEntityOfPage":{"@id":"https:\/\/www.reichelt.com\/magazin\/fr\/conseils\/pret-a-prendre-la-route-cet-hiver-preparez-votre-voiture-pour-la-saison-froide\/"},"wordCount":1130,"commentCount":0,"publisher":{"@id":"https:\/\/www.reichelt.com\/magazin\/fr\/#organization"},"image":{"@id":"https:\/\/www.reichelt.com\/magazin\/fr\/conseils\/pret-a-prendre-la-route-cet-hiver-preparez-votre-voiture-pour-la-saison-froide\/#primaryimage"},"thumbnailUrl":"https:\/\/www.reichelt.com\/magazin\/wp-content\/uploads\/2024\/09\/titel-auto-winterfest-machen.png","keywords":["antigel","batterie de voiture","cha\u00eenes \u00e0 neige","freins","phares","Pneus hiver"],"articleSection":["Tutoriels"],"inLanguage":"fr-FR","potentialAction":[{"@type":"CommentAction","name":"Comment","target":["https:\/\/www.reichelt.com\/magazin\/fr\/conseils\/pret-a-prendre-la-route-cet-hiver-preparez-votre-voiture-pour-la-saison-froide\/#respond"]}]},{"@type":"WebPage","@id":"https:\/\/www.reichelt.com\/magazin\/fr\/conseils\/pret-a-prendre-la-route-cet-hiver-preparez-votre-voiture-pour-la-saison-froide\/","url":"https:\/\/www.reichelt.com\/magazin\/fr\/conseils\/pret-a-prendre-la-route-cet-hiver-preparez-votre-voiture-pour-la-saison-froide\/","name":"Pr\u00e9parez votre voiture pour l'hiver : conseils pratiques - reichelt Magazin","isPartOf":{"@id":"https:\/\/www.reichelt.com\/magazin\/fr\/#website"},"primaryImageOfPage":{"@id":"https:\/\/www.reichelt.com\/magazin\/fr\/conseils\/pret-a-prendre-la-route-cet-hiver-preparez-votre-voiture-pour-la-saison-froide\/#primaryimage"},"image":{"@id":"https:\/\/www.reichelt.com\/magazin\/fr\/conseils\/pret-a-prendre-la-route-cet-hiver-preparez-votre-voiture-pour-la-saison-froide\/#primaryimage"},"thumbnailUrl":"https:\/\/www.reichelt.com\/magazin\/wp-content\/uploads\/2024\/09\/titel-auto-winterfest-machen.png","datePublished":"2024-10-15T07:00:00+00:00","dateModified":"2026-04-08T12:24:21+00:00","description":"Pr\u00e9parez votre voiture pour l'hiver et \u00e9vitez les mauvaises surprises sur la route durant la saison froide.","breadcrumb":{"@id":"https:\/\/www.reichelt.com\/magazin\/fr\/conseils\/pret-a-prendre-la-route-cet-hiver-preparez-votre-voiture-pour-la-saison-froide\/#breadcrumb"},"inLanguage":"fr-FR","potentialAction":[{"@type":"ReadAction","target":["https:\/\/www.reichelt.com\/magazin\/fr\/conseils\/pret-a-prendre-la-route-cet-hiver-preparez-votre-voiture-pour-la-saison-froide\/"]}]},{"@type":"ImageObject","inLanguage":"fr-FR","@id":"https:\/\/www.reichelt.com\/magazin\/fr\/conseils\/pret-a-prendre-la-route-cet-hiver-preparez-votre-voiture-pour-la-saison-froide\/#primaryimage","url":"https:\/\/www.reichelt.com\/magazin\/wp-content\/uploads\/2024\/09\/titel-auto-winterfest-machen.png","contentUrl":"https:\/\/www.reichelt.com\/magazin\/wp-content\/uploads\/2024\/09\/titel-auto-winterfest-machen.png","width":1350,"height":400,"caption":"Winterfest im Stra\u00dfenverkehr: So bereiten Sie Ihr Auto optimal auf die kalte Jahreszeit vor"},{"@type":"BreadcrumbList","@id":"https:\/\/www.reichelt.com\/magazin\/fr\/conseils\/pret-a-prendre-la-route-cet-hiver-preparez-votre-voiture-pour-la-saison-froide\/#breadcrumb","itemListElement":[{"@type":"ListItem","position":1,"name":"Home","item":"https:\/\/www.reichelt.com\/magazin\/fr\/"},{"@type":"ListItem","position":2,"name":"Pr\u00eat \u00e0 prendre la route cet hiver ? Pr\u00e9parez votre voiture pour la saison froide."}]},{"@type":"WebSite","@id":"https:\/\/www.reichelt.com\/magazin\/fr\/#website","url":"https:\/\/www.reichelt.com\/magazin\/fr\/","name":"reichelt Magazin","description":"Das Technik Magazin","publisher":{"@id":"https:\/\/www.reichelt.com\/magazin\/fr\/#organization"},"potentialAction":[{"@type":"SearchAction","target":{"@type":"EntryPoint","urlTemplate":"https:\/\/www.reichelt.com\/magazin\/fr\/?s={search_term_string}"},"query-input":{"@type":"PropertyValueSpecification","valueRequired":true,"valueName":"search_term_string"}}],"inLanguage":"fr-FR"},{"@type":"Organization","@id":"https:\/\/www.reichelt.com\/magazin\/fr\/#organization","name":"reichelt Magazin","url":"https:\/\/www.reichelt.com\/magazin\/fr\/","logo":{"@type":"ImageObject","inLanguage":"fr-FR","@id":"https:\/\/www.reichelt.com\/magazin\/fr\/#\/schema\/logo\/image\/","url":"https:\/\/www.reichelt.com\/magazin\/wp-content\/uploads\/2021\/11\/reichelt_magazin_logo_de_nl-1.svg","contentUrl":"https:\/\/www.reichelt.com\/magazin\/wp-content\/uploads\/2021\/11\/reichelt_magazin_logo_de_nl-1.svg","width":456,"height":149,"caption":"reichelt Magazin"},"image":{"@id":"https:\/\/www.reichelt.com\/magazin\/fr\/#\/schema\/logo\/image\/"}},{"@type":"Person","@id":"https:\/\/www.reichelt.com\/magazin\/fr\/#\/schema\/person\/f47a62fd69ad795a26a04e25ed011c9c","name":"Anne-Dominique Leroy"}]}},"_links":{"self":[{"href":"https:\/\/www.reichelt.com\/magazin\/fr\/wp-json\/wp\/v2\/posts\/99361","targetHints":{"allow":["GET"]}}],"collection":[{"href":"https:\/\/www.reichelt.com\/magazin\/fr\/wp-json\/wp\/v2\/posts"}],"about":[{"href":"https:\/\/www.reichelt.com\/magazin\/fr\/wp-json\/wp\/v2\/types\/post"}],"author":[{"embeddable":true,"href":"https:\/\/www.reichelt.com\/magazin\/fr\/wp-json\/wp\/v2\/users\/13"}],"replies":[{"embeddable":true,"href":"https:\/\/www.reichelt.com\/magazin\/fr\/wp-json\/wp\/v2\/comments?post=99361"}],"version-history":[{"count":28,"href":"https:\/\/www.reichelt.com\/magazin\/fr\/wp-json\/wp\/v2\/posts\/99361\/revisions"}],"predecessor-version":[{"id":116748,"href":"https:\/\/www.reichelt.com\/magazin\/fr\/wp-json\/wp\/v2\/posts\/99361\/revisions\/116748"}],"wp:featuredmedia":[{"embeddable":true,"href":"https:\/\/www.reichelt.com\/magazin\/fr\/wp-json\/wp\/v2\/media\/99385"}],"wp:attachment":[{"href":"https:\/\/www.reichelt.com\/magazin\/fr\/wp-json\/wp\/v2\/media?parent=99361"}],"wp:term":[{"taxonomy":"category","embeddable":true,"href":"https:\/\/www.reichelt.com\/magazin\/fr\/wp-json\/wp\/v2\/categories?post=99361"},{"taxonomy":"post_tag","embeddable":true,"href":"https:\/\/www.reichelt.com\/magazin\/fr\/wp-json\/wp\/v2\/tags?post=99361"}],"curies":[{"name":"wp","href":"https:\/\/api.w.org\/{rel}","templated":true}]}}