{"id":90364,"date":"2023-11-29T08:16:28","date_gmt":"2023-11-29T07:16:28","guid":{"rendered":"https:\/\/www.reichelt.com\/magazin\/?p=90364"},"modified":"2023-11-29T08:16:31","modified_gmt":"2023-11-29T07:16:31","slug":"chaine-dapprovitionnement-du-covid-aux-crises-geopolitiques-et-economiques","status":"publish","type":"post","link":"https:\/\/www.reichelt.com\/magazin\/fr\/infographies\/chaine-dapprovitionnement-du-covid-aux-crises-geopolitiques-et-economiques\/","title":{"rendered":"Suppy chain\u00a0: Du Covid aux crises g\u00e9opolitiques et \u00e9conomiques\u00a0: l\u2019industrie fran\u00e7aise va-t-elle de mal en pis\u00a0?"},"content":{"rendered":"\n<p><em>reichelt elektronik publie son rapport 2023 sur l\u2019\u00e9tat de la cha\u00eene d&#8217;approvisionnement en France.<\/em><\/p>\n\n\n\n<ul class=\"wp-block-list\">\n<li><em>L\u2019augmentation du prix de l\u2019\u00e9nergie est vue comme une menace de premier plan (45%) et 44% craignent la hausse g\u00e9n\u00e9ralis\u00e9e des prix due \u00e0 l\u2019inflation<\/em>.<\/li>\n\n\n\n<li><em>Les industriels fran\u00e7ais restent \u00e9prouv\u00e9s par 3 ann\u00e9es de perturbation sur la chaine d\u2019approvisionnement, mais 76 % estiment que la mise en place d\u2019un syst\u00e8me fiable a permis de surmonter ces difficult\u00e9s.<\/em><\/li>\n\n\n\n<li><em>Les industriels fran\u00e7ais misent sur l\u2019augmentation des stocks, le recours \u00e0 des fournisseurs locaux et sur le retour du Juste-\u00e0-temps.<\/em><\/li>\n<\/ul>\n\n\n\n<p><strong>Paris, 6 novembre 2023<\/strong> \u2013 D\u00e9j\u00e0 mis \u00e0 mal par une cha\u00eene d\u2019approvisionnement perturb\u00e9e par la crise covid, les industriels fran\u00e7ais sont d\u00e9sormais confront\u00e9s \u00e0 une crise g\u00e9opolitique et inflationniste d\u2019ampleur. L&#8217;espoir d\u2019une am\u00e9lioration s\u2019\u00e9tiole d\u2019ann\u00e9e en ann\u00e9e : aujourd\u2019hui, plus de la moiti\u00e9 (56 %) des d\u00e9cideurs industriels pensent que la situation s&#8217;am\u00e9liorera \u00e0 l&#8217;avenir. C\u2019est 10 points de moins qu\u2019en 2021 selon une nouvelle \u00e9tude sur la cha\u00eene d&#8217;approvisionnement r\u00e9alis\u00e9 par OnePoll pour le compte de reichelt elektronik qui, pour la troisi\u00e8me ann\u00e9e cons\u00e9cutive, a interrog\u00e9 250 d\u00e9cideurs fran\u00e7ais de divers secteurs industriels.<\/p>\n\n\n\n<p>67 % des industries fran\u00e7aises reconnaissent que leur entreprise a subi des pertes \u00e9conomiques importantes au cours des trois derni\u00e8res ann\u00e9es. Les changements dans les paysages g\u00e9opolitique et inflationniste redistribuent les cartes et surtout bouleversent les inqui\u00e9tudes \u00e0 court terme. L\u2019augmentation du prix de l\u2019\u00e9nergie est vue comme une menace de premier plan pour 45% d\u2019entre eux, de la m\u00eame mani\u00e8re 44% craignent la hausse g\u00e9n\u00e9ralis\u00e9e des prix due \u00e0 l\u2019inflation. Curieusement, seuls 13% consid\u00e8rent la r\u00e9cession comme une menace de premier ordre. La guerre entre l&#8217;Ukraine et la Russie a \u00e9galement un impact majeur sur le commerce mondial pour 56 % des r\u00e9pondants.<\/p>\n\n\n\n<p>Petite note d\u2019espoir, les industriels estiment que ces pertes ont \u00e9t\u00e9 compens\u00e9es par la mise en place d&#8217;un syst\u00e8me fiable pour surmonter les difficult\u00e9s de la cha\u00eene d&#8217;approvisionnement (76 %).<\/p>\n\n\n\n<h2 class=\"wp-block-heading\" id=\"h-tout-est-dans-le-melange-le-juste-a-temps-va-de-pair-avec-la-constitution-de-stocks\">Tout est dans le m\u00e9lange &#8211; le juste-\u00e0-temps va de pair avec la constitution de stocks<\/h2>\n\n\n\n<figure class=\"wp-block-image alignleft size-large is-resized\"><a href=\"https:\/\/www.reichelt.com\/magazin\/wp-content\/uploads\/2023\/11\/FR_SUR-23-05_B2B-Umfrage_Lieferkettenreport_Infographic-1024x724.png\"><img fetchpriority=\"high\" decoding=\"async\" width=\"1024\" height=\"724\" src=\"https:\/\/www.reichelt.com\/magazin\/wp-content\/uploads\/2023\/11\/FR_SUR-23-05_B2B-Umfrage_Lieferkettenreport_Infographic-1024x724.png\" alt=\"Infographie\" class=\"wp-image-90366\" style=\"object-fit:cover;width:512px;height:362px\" srcset=\"https:\/\/www.reichelt.com\/magazin\/wp-content\/uploads\/2023\/11\/FR_SUR-23-05_B2B-Umfrage_Lieferkettenreport_Infographic-1024x724.png 1024w, https:\/\/www.reichelt.com\/magazin\/wp-content\/uploads\/2023\/11\/FR_SUR-23-05_B2B-Umfrage_Lieferkettenreport_Infographic-300x212.png 300w, https:\/\/www.reichelt.com\/magazin\/wp-content\/uploads\/2023\/11\/FR_SUR-23-05_B2B-Umfrage_Lieferkettenreport_Infographic-768x543.png 768w, https:\/\/www.reichelt.com\/magazin\/wp-content\/uploads\/2023\/11\/FR_SUR-23-05_B2B-Umfrage_Lieferkettenreport_Infographic.png 1499w\" sizes=\"(max-width: 1024px) 100vw, 1024px\" \/><\/a><\/figure>\n\n\n\n<p>Avec des stocks de mati\u00e8res premi\u00e8res qui s&#8217;\u00e9puisent et des livraisons retard\u00e9es ou qui \u00e9chouent, la production dans le secteur industriel fran\u00e7ais connait une d\u00e9t\u00e9rioration par rapport aux ann\u00e9es pr\u00e9c\u00e9dentes : alors qu\u2019il y avait en moyenne 32 jours d\u2019arr\u00eat de production en 2021 et m\u00eame 25 jours en 2022, les entreprises n\u2019ont pas pu produire pendant 44 jours en 2023 \u2013 et l\u2019ann\u00e9e n\u2019est pas encore termin\u00e9.<\/p>\n\n\n\n<p>Pour autant, 76 % estiment avoir mis en place un syst\u00e8me fiable pour surmonter les goulets d&#8217;\u00e9tranglement de l&#8217;approvisionnement cette ann\u00e9e. En priorit\u00e9, il s\u2019agit toujours en majorit\u00e9 de l&#8217;augmentation des stocks : un peu plus de la moiti\u00e9 des entreprises interrog\u00e9es poursuivent cette strat\u00e9gie et 31 % pr\u00e9voient d&#8217;augmenter encore leurs stocks de composants sp\u00e9cifiques et critiques au cours des douze prochains mois. En 2021, 43 % des entreprises ont adopt\u00e9 cette strat\u00e9gie, contre 46 % en 2022. Cette strat\u00e9gie concerne plus particuli\u00e8rement les secteurs l\u2019ing\u00e9nierie, des fabricants informatiques et de l\u2019automobile, o\u00f9 pr\u00e8s de la moiti\u00e9 des entreprises ont recours ou planifi\u00e9 cette mesure.<\/p>\n\n\n\n<p>Le concept du juste-\u00e0-temps fait \u00e9galement son retour depuis ces douze derniers mois avec pr\u00e8s de la moiti\u00e9 des personnes interrog\u00e9es qui y sont revenues. N\u00e9anmoins, ils continuent \u00e0 stocker les composants les plus importants dans leurs entrep\u00f4ts. L&#8217;\u00e9lectronique et la quincaillerie, ainsi que l&#8217;industrie textile, le secteur des transports et de l&#8217;exp\u00e9dition et l&#8217;a\u00e9rospatiale comptent tout particuli\u00e8rement sur cette combinaison.<\/p>\n\n\n\n<h2 class=\"wp-block-heading\" id=\"h-les-fournisseurs-doivent-etre-flexibles-locaux-et-proposer-des-prix-raisonnables\">Les fournisseurs doivent \u00eatre flexibles, locaux et proposer des prix raisonnables<\/h2>\n\n\n\n<p>Malgr\u00e9 la volatilit\u00e9 persistante de la cha\u00eene d&#8217;approvisionnement, l&#8217;achat de composants et de mat\u00e9riaux s&#8217;est consid\u00e9rablement am\u00e9lior\u00e9 au cours des deux derni\u00e8res ann\u00e9es, puisque seules 36 % des entreprises rencontrent encore des difficult\u00e9s. Au d\u00e9but de l&#8217;ann\u00e9e 2022, plus de 87 % des entreprises d\u00e9claraient encore avoir \u00e9t\u00e9 confront\u00e9es \u00e0 ce probl\u00e8me l&#8217;ann\u00e9e pr\u00e9c\u00e9dente.<\/p>\n\n\n\n<p>L&#8217;augmentation des prix des composants critiques est particuli\u00e8rement redout\u00e9e : en 2022, 55 % des entreprises y \u00e9taient confront\u00e9es, contre 78 % aujourd&#8217;hui. La crainte de la p\u00e9nurie de travailleurs qualifi\u00e9s (60 %) est \u00e0 nouveau plus pr\u00e9sente, tandis que celle des p\u00e9nuries d&#8217;approvisionnement en composants critiques tels que la micro\u00e9lectronique a diminu\u00e9 (65 %).<\/p>\n\n\n\n<p>Le rapport sur la cha\u00eene d&#8217;approvisionnement met en \u00e9vidence une nouvelle strat\u00e9gie : une grande partie des entreprises (93 %) consid\u00e8rent la diversification des fournisseurs comme une strat\u00e9gie de base. L&#8217;industrie fran\u00e7aise privil\u00e9gie \u00e9galement l&#8217;onshoring, c&#8217;est-\u00e0-dire le recours \u00e0 des fournisseurs locaux (89 %) et \u00e0 des fournisseurs \u00e0 moindre co\u00fbt (80 %). Ces strat\u00e9gies d&#8217;ind\u00e9pendance vis-\u00e0-vis des fournisseurs individuels, ainsi que les \u00e9v\u00e9nements de politique mondiale et commerciale, visent \u00e0 garantir la s\u00e9curit\u00e9 de l&#8217;approvisionnement en ressources et en composants.<\/p>\n\n\n\n<h2 class=\"wp-block-heading\" id=\"h-le-desir-d-independance-se-fait-de-plus-en-plus-sentir\">Le d\u00e9sir d&#8217;ind\u00e9pendance se fait de plus en plus sentir<\/h2>\n\n\n\n<p>Enfin, le d\u00e9sir d&#8217;ind\u00e9pendance est omnipr\u00e9sent en 2023 : la majorit\u00e9 des entreprises (86 %) esp\u00e8re un plus grand soutien officiel de la part des politiques pour les projets de recherche nationaux tels que la production de semi-conducteurs ou d&#8217;autres composants essentiels afin de rester comp\u00e9titif et de devenir plus autosuffisant. En 2022, seules 45 % des entreprises y \u00e9taient favorables, et en 2021, elles n&#8217;\u00e9taient que 31 %. 75 % souhaitent une plus grande sp\u00e9cialisation dans de nouvelles branches technologiques \u00e0 l&#8217;avenir, car ils y voient de meilleures possibilit\u00e9s d&#8217;accro\u00eetre leur leadership technologique, par exemple dans le domaine de la technologie quantique (66 %).<\/p>\n\n\n\n<p>Images : Adobe Stock, reichelt elektronik<\/p>\n\n\n\n<div style=\"height:100px\" aria-hidden=\"true\" class=\"wp-block-spacer\"><\/div>\n","protected":false},"excerpt":{"rendered":"<p>reichelt elektronik publie son rapport 2023 sur l\u2019\u00e9tat de la cha\u00eene d&#8217;approvisionnement en France. Paris, 6 novembre 2023 \u2013 D\u00e9j\u00e0 mis \u00e0 mal par une cha\u00eene d\u2019approvisionnement perturb\u00e9e par la crise covid, les industriels fran\u00e7ais sont d\u00e9sormais confront\u00e9s \u00e0 une crise g\u00e9opolitique et inflationniste d\u2019ampleur. L&#8217;espoir d\u2019une am\u00e9lioration s\u2019\u00e9tiole d\u2019ann\u00e9e en ann\u00e9e : aujourd\u2019hui, plus [&hellip;]<\/p>\n","protected":false},"author":13,"featured_media":90402,"comment_status":"open","ping_status":"open","sticky":false,"template":"","format":"standard","meta":{"footnotes":""},"categories":[6047],"tags":[8794,8792,8790,6782,8788,8802],"class_list":["post-90364","post","type-post","status-publish","format-standard","has-post-thumbnail","hentry","category-infographies","tag-augmentation-des-stocks","tag-chaine-dapprovisionnement","tag-chaos-de-la-chaine-logistique","tag-enquete-b2b","tag-penurie-de-pieces","tag-rapport-sur-la-chaine-dapprovisionnement"],"yoast_head":"<!-- This site is optimized with the Yoast SEO Premium plugin v27.4 (Yoast SEO v27.4) - https:\/\/yoast.com\/product\/yoast-seo-premium-wordpress\/ -->\n<title>Cha\u00eene d&#039;approvisionnement \u00e0 nouveau perturb\u00e9e ?<\/title>\n<meta name=\"description\" content=\"La cha\u00eene d\u2019approvisionnement, \u00e0 nouveau perturb\u00e9e par une crise g\u00e9opolitique et inflationniste d\u2019ampleur, met \u00e0 mal les industriels fran\u00e7ais\" \/>\n<meta name=\"robots\" content=\"index, follow, max-snippet:-1, max-image-preview:large, max-video-preview:-1\" \/>\n<link rel=\"canonical\" href=\"https:\/\/www.reichelt.com\/magazin\/fr\/infographies\/chaine-dapprovitionnement-du-covid-aux-crises-geopolitiques-et-economiques\/\" \/>\n<meta property=\"og:locale\" content=\"fr_FR\" \/>\n<meta property=\"og:type\" content=\"article\" \/>\n<meta property=\"og:title\" content=\"Suppy chain\u00a0: Du Covid aux crises g\u00e9opolitiques et \u00e9conomiques\u00a0: l\u2019industrie fran\u00e7aise va-t-elle de mal en pis\u00a0?\" \/>\n<meta property=\"og:description\" content=\"La cha\u00eene d\u2019approvisionnement, \u00e0 nouveau perturb\u00e9e par une crise g\u00e9opolitique et inflationniste d\u2019ampleur, met \u00e0 mal les industriels fran\u00e7ais\" \/>\n<meta property=\"og:url\" content=\"https:\/\/www.reichelt.com\/magazin\/fr\/infographies\/chaine-dapprovitionnement-du-covid-aux-crises-geopolitiques-et-economiques\/\" \/>\n<meta property=\"og:site_name\" content=\"reichelt Magazin\" \/>\n<meta property=\"article:published_time\" content=\"2023-11-29T07:16:28+00:00\" \/>\n<meta property=\"article:modified_time\" content=\"2023-11-29T07:16:31+00:00\" \/>\n<meta property=\"og:image\" content=\"https:\/\/www.reichelt.com\/magazin\/wp-content\/uploads\/2023\/11\/Titel_Lieferkettenreport.png\" \/>\n\t<meta property=\"og:image:width\" content=\"1350\" \/>\n\t<meta property=\"og:image:height\" content=\"400\" \/>\n\t<meta property=\"og:image:type\" content=\"image\/png\" \/>\n<meta name=\"author\" content=\"Anne-Dominique Leroy\" \/>\n<meta name=\"twitter:card\" content=\"summary_large_image\" \/>\n<meta name=\"twitter:label1\" content=\"\u00c9crit par\" \/>\n\t<meta name=\"twitter:data1\" content=\"Anne-Dominique Leroy\" \/>\n\t<meta name=\"twitter:label2\" content=\"Dur\u00e9e de lecture estim\u00e9e\" \/>\n\t<meta name=\"twitter:data2\" content=\"5 minutes\" \/>\n<script type=\"application\/ld+json\" class=\"yoast-schema-graph\">{\"@context\":\"https:\\\/\\\/schema.org\",\"@graph\":[{\"@type\":\"Article\",\"@id\":\"https:\\\/\\\/www.reichelt.com\\\/magazin\\\/fr\\\/infographies\\\/chaine-dapprovitionnement-du-covid-aux-crises-geopolitiques-et-economiques\\\/#article\",\"isPartOf\":{\"@id\":\"https:\\\/\\\/www.reichelt.com\\\/magazin\\\/fr\\\/infographies\\\/chaine-dapprovitionnement-du-covid-aux-crises-geopolitiques-et-economiques\\\/\"},\"author\":{\"name\":\"Anne-Dominique Leroy\",\"@id\":\"https:\\\/\\\/www.reichelt.com\\\/magazin\\\/fr\\\/#\\\/schema\\\/person\\\/f47a62fd69ad795a26a04e25ed011c9c\"},\"headline\":\"Suppy chain\u00a0: Du Covid aux crises g\u00e9opolitiques et \u00e9conomiques\u00a0: l\u2019industrie fran\u00e7aise va-t-elle de mal en pis\u00a0?\",\"datePublished\":\"2023-11-29T07:16:28+00:00\",\"dateModified\":\"2023-11-29T07:16:31+00:00\",\"mainEntityOfPage\":{\"@id\":\"https:\\\/\\\/www.reichelt.com\\\/magazin\\\/fr\\\/infographies\\\/chaine-dapprovitionnement-du-covid-aux-crises-geopolitiques-et-economiques\\\/\"},\"wordCount\":1008,\"commentCount\":0,\"publisher\":{\"@id\":\"https:\\\/\\\/www.reichelt.com\\\/magazin\\\/fr\\\/#organization\"},\"image\":{\"@id\":\"https:\\\/\\\/www.reichelt.com\\\/magazin\\\/fr\\\/infographies\\\/chaine-dapprovitionnement-du-covid-aux-crises-geopolitiques-et-economiques\\\/#primaryimage\"},\"thumbnailUrl\":\"https:\\\/\\\/www.reichelt.com\\\/magazin\\\/wp-content\\\/uploads\\\/2023\\\/11\\\/Titel_Lieferkettenreport.png\",\"keywords\":[\"Augmentation des stocks\",\"Cha\u00eene d'approvisionnement\",\"Chaos de la cha\u00eene logistique\",\"Enqu\u00eate B2B\",\"P\u00e9nurie de pi\u00e8ces\",\"rapport sur la cha\u00eene d'approvisionnement\"],\"articleSection\":[\"\u00c9tudes\"],\"inLanguage\":\"fr-FR\",\"potentialAction\":[{\"@type\":\"CommentAction\",\"name\":\"Comment\",\"target\":[\"https:\\\/\\\/www.reichelt.com\\\/magazin\\\/fr\\\/infographies\\\/chaine-dapprovitionnement-du-covid-aux-crises-geopolitiques-et-economiques\\\/#respond\"]}]},{\"@type\":\"WebPage\",\"@id\":\"https:\\\/\\\/www.reichelt.com\\\/magazin\\\/fr\\\/infographies\\\/chaine-dapprovitionnement-du-covid-aux-crises-geopolitiques-et-economiques\\\/\",\"url\":\"https:\\\/\\\/www.reichelt.com\\\/magazin\\\/fr\\\/infographies\\\/chaine-dapprovitionnement-du-covid-aux-crises-geopolitiques-et-economiques\\\/\",\"name\":\"Cha\u00eene d'approvisionnement \u00e0 nouveau perturb\u00e9e ?\",\"isPartOf\":{\"@id\":\"https:\\\/\\\/www.reichelt.com\\\/magazin\\\/fr\\\/#website\"},\"primaryImageOfPage\":{\"@id\":\"https:\\\/\\\/www.reichelt.com\\\/magazin\\\/fr\\\/infographies\\\/chaine-dapprovitionnement-du-covid-aux-crises-geopolitiques-et-economiques\\\/#primaryimage\"},\"image\":{\"@id\":\"https:\\\/\\\/www.reichelt.com\\\/magazin\\\/fr\\\/infographies\\\/chaine-dapprovitionnement-du-covid-aux-crises-geopolitiques-et-economiques\\\/#primaryimage\"},\"thumbnailUrl\":\"https:\\\/\\\/www.reichelt.com\\\/magazin\\\/wp-content\\\/uploads\\\/2023\\\/11\\\/Titel_Lieferkettenreport.png\",\"datePublished\":\"2023-11-29T07:16:28+00:00\",\"dateModified\":\"2023-11-29T07:16:31+00:00\",\"description\":\"La cha\u00eene d\u2019approvisionnement, \u00e0 nouveau perturb\u00e9e par une crise g\u00e9opolitique et inflationniste d\u2019ampleur, met \u00e0 mal les industriels fran\u00e7ais\",\"breadcrumb\":{\"@id\":\"https:\\\/\\\/www.reichelt.com\\\/magazin\\\/fr\\\/infographies\\\/chaine-dapprovitionnement-du-covid-aux-crises-geopolitiques-et-economiques\\\/#breadcrumb\"},\"inLanguage\":\"fr-FR\",\"potentialAction\":[{\"@type\":\"ReadAction\",\"target\":[\"https:\\\/\\\/www.reichelt.com\\\/magazin\\\/fr\\\/infographies\\\/chaine-dapprovitionnement-du-covid-aux-crises-geopolitiques-et-economiques\\\/\"]}]},{\"@type\":\"ImageObject\",\"inLanguage\":\"fr-FR\",\"@id\":\"https:\\\/\\\/www.reichelt.com\\\/magazin\\\/fr\\\/infographies\\\/chaine-dapprovitionnement-du-covid-aux-crises-geopolitiques-et-economiques\\\/#primaryimage\",\"url\":\"https:\\\/\\\/www.reichelt.com\\\/magazin\\\/wp-content\\\/uploads\\\/2023\\\/11\\\/Titel_Lieferkettenreport.png\",\"contentUrl\":\"https:\\\/\\\/www.reichelt.com\\\/magazin\\\/wp-content\\\/uploads\\\/2023\\\/11\\\/Titel_Lieferkettenreport.png\",\"width\":1350,\"height\":400,\"caption\":\"Die deutsche Industrie geht unbeirrt ihren Weg\"},{\"@type\":\"BreadcrumbList\",\"@id\":\"https:\\\/\\\/www.reichelt.com\\\/magazin\\\/fr\\\/infographies\\\/chaine-dapprovitionnement-du-covid-aux-crises-geopolitiques-et-economiques\\\/#breadcrumb\",\"itemListElement\":[{\"@type\":\"ListItem\",\"position\":1,\"name\":\"Home\",\"item\":\"https:\\\/\\\/www.reichelt.com\\\/magazin\\\/fr\\\/\"},{\"@type\":\"ListItem\",\"position\":2,\"name\":\"Suppy chain\u00a0: Du Covid aux crises g\u00e9opolitiques et \u00e9conomiques\u00a0: l\u2019industrie fran\u00e7aise va-t-elle de mal en pis\u00a0?\"}]},{\"@type\":\"WebSite\",\"@id\":\"https:\\\/\\\/www.reichelt.com\\\/magazin\\\/fr\\\/#website\",\"url\":\"https:\\\/\\\/www.reichelt.com\\\/magazin\\\/fr\\\/\",\"name\":\"reichelt Magazin\",\"description\":\"Das Technik Magazin\",\"publisher\":{\"@id\":\"https:\\\/\\\/www.reichelt.com\\\/magazin\\\/fr\\\/#organization\"},\"potentialAction\":[{\"@type\":\"SearchAction\",\"target\":{\"@type\":\"EntryPoint\",\"urlTemplate\":\"https:\\\/\\\/www.reichelt.com\\\/magazin\\\/fr\\\/?s={search_term_string}\"},\"query-input\":{\"@type\":\"PropertyValueSpecification\",\"valueRequired\":true,\"valueName\":\"search_term_string\"}}],\"inLanguage\":\"fr-FR\"},{\"@type\":\"Organization\",\"@id\":\"https:\\\/\\\/www.reichelt.com\\\/magazin\\\/fr\\\/#organization\",\"name\":\"reichelt Magazin\",\"url\":\"https:\\\/\\\/www.reichelt.com\\\/magazin\\\/fr\\\/\",\"logo\":{\"@type\":\"ImageObject\",\"inLanguage\":\"fr-FR\",\"@id\":\"https:\\\/\\\/www.reichelt.com\\\/magazin\\\/fr\\\/#\\\/schema\\\/logo\\\/image\\\/\",\"url\":\"https:\\\/\\\/www.reichelt.com\\\/magazin\\\/wp-content\\\/uploads\\\/2021\\\/11\\\/reichelt_magazin_logo_de_nl-1.svg\",\"contentUrl\":\"https:\\\/\\\/www.reichelt.com\\\/magazin\\\/wp-content\\\/uploads\\\/2021\\\/11\\\/reichelt_magazin_logo_de_nl-1.svg\",\"width\":456,\"height\":149,\"caption\":\"reichelt Magazin\"},\"image\":{\"@id\":\"https:\\\/\\\/www.reichelt.com\\\/magazin\\\/fr\\\/#\\\/schema\\\/logo\\\/image\\\/\"}},{\"@type\":\"Person\",\"@id\":\"https:\\\/\\\/www.reichelt.com\\\/magazin\\\/fr\\\/#\\\/schema\\\/person\\\/f47a62fd69ad795a26a04e25ed011c9c\",\"name\":\"Anne-Dominique Leroy\"}]}<\/script>\n<!-- \/ Yoast SEO Premium plugin. -->","yoast_head_json":{"title":"Cha\u00eene d'approvisionnement \u00e0 nouveau perturb\u00e9e ?","description":"La cha\u00eene d\u2019approvisionnement, \u00e0 nouveau perturb\u00e9e par une crise g\u00e9opolitique et inflationniste d\u2019ampleur, met \u00e0 mal les industriels fran\u00e7ais","robots":{"index":"index","follow":"follow","max-snippet":"max-snippet:-1","max-image-preview":"max-image-preview:large","max-video-preview":"max-video-preview:-1"},"canonical":"https:\/\/www.reichelt.com\/magazin\/fr\/infographies\/chaine-dapprovitionnement-du-covid-aux-crises-geopolitiques-et-economiques\/","og_locale":"fr_FR","og_type":"article","og_title":"Suppy chain\u00a0: Du Covid aux crises g\u00e9opolitiques et \u00e9conomiques\u00a0: l\u2019industrie fran\u00e7aise va-t-elle de mal en pis\u00a0?","og_description":"La cha\u00eene d\u2019approvisionnement, \u00e0 nouveau perturb\u00e9e par une crise g\u00e9opolitique et inflationniste d\u2019ampleur, met \u00e0 mal les industriels fran\u00e7ais","og_url":"https:\/\/www.reichelt.com\/magazin\/fr\/infographies\/chaine-dapprovitionnement-du-covid-aux-crises-geopolitiques-et-economiques\/","og_site_name":"reichelt Magazin","article_published_time":"2023-11-29T07:16:28+00:00","article_modified_time":"2023-11-29T07:16:31+00:00","og_image":[{"width":1350,"height":400,"url":"https:\/\/www.reichelt.com\/magazin\/wp-content\/uploads\/2023\/11\/Titel_Lieferkettenreport.png","type":"image\/png"}],"author":"Anne-Dominique Leroy","twitter_card":"summary_large_image","twitter_misc":{"\u00c9crit par":"Anne-Dominique Leroy","Dur\u00e9e de lecture estim\u00e9e":"5 minutes"},"schema":{"@context":"https:\/\/schema.org","@graph":[{"@type":"Article","@id":"https:\/\/www.reichelt.com\/magazin\/fr\/infographies\/chaine-dapprovitionnement-du-covid-aux-crises-geopolitiques-et-economiques\/#article","isPartOf":{"@id":"https:\/\/www.reichelt.com\/magazin\/fr\/infographies\/chaine-dapprovitionnement-du-covid-aux-crises-geopolitiques-et-economiques\/"},"author":{"name":"Anne-Dominique Leroy","@id":"https:\/\/www.reichelt.com\/magazin\/fr\/#\/schema\/person\/f47a62fd69ad795a26a04e25ed011c9c"},"headline":"Suppy chain\u00a0: Du Covid aux crises g\u00e9opolitiques et \u00e9conomiques\u00a0: l\u2019industrie fran\u00e7aise va-t-elle de mal en pis\u00a0?","datePublished":"2023-11-29T07:16:28+00:00","dateModified":"2023-11-29T07:16:31+00:00","mainEntityOfPage":{"@id":"https:\/\/www.reichelt.com\/magazin\/fr\/infographies\/chaine-dapprovitionnement-du-covid-aux-crises-geopolitiques-et-economiques\/"},"wordCount":1008,"commentCount":0,"publisher":{"@id":"https:\/\/www.reichelt.com\/magazin\/fr\/#organization"},"image":{"@id":"https:\/\/www.reichelt.com\/magazin\/fr\/infographies\/chaine-dapprovitionnement-du-covid-aux-crises-geopolitiques-et-economiques\/#primaryimage"},"thumbnailUrl":"https:\/\/www.reichelt.com\/magazin\/wp-content\/uploads\/2023\/11\/Titel_Lieferkettenreport.png","keywords":["Augmentation des stocks","Cha\u00eene d'approvisionnement","Chaos de la cha\u00eene logistique","Enqu\u00eate B2B","P\u00e9nurie de pi\u00e8ces","rapport sur la cha\u00eene d'approvisionnement"],"articleSection":["\u00c9tudes"],"inLanguage":"fr-FR","potentialAction":[{"@type":"CommentAction","name":"Comment","target":["https:\/\/www.reichelt.com\/magazin\/fr\/infographies\/chaine-dapprovitionnement-du-covid-aux-crises-geopolitiques-et-economiques\/#respond"]}]},{"@type":"WebPage","@id":"https:\/\/www.reichelt.com\/magazin\/fr\/infographies\/chaine-dapprovitionnement-du-covid-aux-crises-geopolitiques-et-economiques\/","url":"https:\/\/www.reichelt.com\/magazin\/fr\/infographies\/chaine-dapprovitionnement-du-covid-aux-crises-geopolitiques-et-economiques\/","name":"Cha\u00eene d'approvisionnement \u00e0 nouveau perturb\u00e9e ?","isPartOf":{"@id":"https:\/\/www.reichelt.com\/magazin\/fr\/#website"},"primaryImageOfPage":{"@id":"https:\/\/www.reichelt.com\/magazin\/fr\/infographies\/chaine-dapprovitionnement-du-covid-aux-crises-geopolitiques-et-economiques\/#primaryimage"},"image":{"@id":"https:\/\/www.reichelt.com\/magazin\/fr\/infographies\/chaine-dapprovitionnement-du-covid-aux-crises-geopolitiques-et-economiques\/#primaryimage"},"thumbnailUrl":"https:\/\/www.reichelt.com\/magazin\/wp-content\/uploads\/2023\/11\/Titel_Lieferkettenreport.png","datePublished":"2023-11-29T07:16:28+00:00","dateModified":"2023-11-29T07:16:31+00:00","description":"La cha\u00eene d\u2019approvisionnement, \u00e0 nouveau perturb\u00e9e par une crise g\u00e9opolitique et inflationniste d\u2019ampleur, met \u00e0 mal les industriels fran\u00e7ais","breadcrumb":{"@id":"https:\/\/www.reichelt.com\/magazin\/fr\/infographies\/chaine-dapprovitionnement-du-covid-aux-crises-geopolitiques-et-economiques\/#breadcrumb"},"inLanguage":"fr-FR","potentialAction":[{"@type":"ReadAction","target":["https:\/\/www.reichelt.com\/magazin\/fr\/infographies\/chaine-dapprovitionnement-du-covid-aux-crises-geopolitiques-et-economiques\/"]}]},{"@type":"ImageObject","inLanguage":"fr-FR","@id":"https:\/\/www.reichelt.com\/magazin\/fr\/infographies\/chaine-dapprovitionnement-du-covid-aux-crises-geopolitiques-et-economiques\/#primaryimage","url":"https:\/\/www.reichelt.com\/magazin\/wp-content\/uploads\/2023\/11\/Titel_Lieferkettenreport.png","contentUrl":"https:\/\/www.reichelt.com\/magazin\/wp-content\/uploads\/2023\/11\/Titel_Lieferkettenreport.png","width":1350,"height":400,"caption":"Die deutsche Industrie geht unbeirrt ihren Weg"},{"@type":"BreadcrumbList","@id":"https:\/\/www.reichelt.com\/magazin\/fr\/infographies\/chaine-dapprovitionnement-du-covid-aux-crises-geopolitiques-et-economiques\/#breadcrumb","itemListElement":[{"@type":"ListItem","position":1,"name":"Home","item":"https:\/\/www.reichelt.com\/magazin\/fr\/"},{"@type":"ListItem","position":2,"name":"Suppy chain\u00a0: Du Covid aux crises g\u00e9opolitiques et \u00e9conomiques\u00a0: l\u2019industrie fran\u00e7aise va-t-elle de mal en pis\u00a0?"}]},{"@type":"WebSite","@id":"https:\/\/www.reichelt.com\/magazin\/fr\/#website","url":"https:\/\/www.reichelt.com\/magazin\/fr\/","name":"reichelt Magazin","description":"Das Technik Magazin","publisher":{"@id":"https:\/\/www.reichelt.com\/magazin\/fr\/#organization"},"potentialAction":[{"@type":"SearchAction","target":{"@type":"EntryPoint","urlTemplate":"https:\/\/www.reichelt.com\/magazin\/fr\/?s={search_term_string}"},"query-input":{"@type":"PropertyValueSpecification","valueRequired":true,"valueName":"search_term_string"}}],"inLanguage":"fr-FR"},{"@type":"Organization","@id":"https:\/\/www.reichelt.com\/magazin\/fr\/#organization","name":"reichelt Magazin","url":"https:\/\/www.reichelt.com\/magazin\/fr\/","logo":{"@type":"ImageObject","inLanguage":"fr-FR","@id":"https:\/\/www.reichelt.com\/magazin\/fr\/#\/schema\/logo\/image\/","url":"https:\/\/www.reichelt.com\/magazin\/wp-content\/uploads\/2021\/11\/reichelt_magazin_logo_de_nl-1.svg","contentUrl":"https:\/\/www.reichelt.com\/magazin\/wp-content\/uploads\/2021\/11\/reichelt_magazin_logo_de_nl-1.svg","width":456,"height":149,"caption":"reichelt Magazin"},"image":{"@id":"https:\/\/www.reichelt.com\/magazin\/fr\/#\/schema\/logo\/image\/"}},{"@type":"Person","@id":"https:\/\/www.reichelt.com\/magazin\/fr\/#\/schema\/person\/f47a62fd69ad795a26a04e25ed011c9c","name":"Anne-Dominique Leroy"}]}},"_links":{"self":[{"href":"https:\/\/www.reichelt.com\/magazin\/fr\/wp-json\/wp\/v2\/posts\/90364","targetHints":{"allow":["GET"]}}],"collection":[{"href":"https:\/\/www.reichelt.com\/magazin\/fr\/wp-json\/wp\/v2\/posts"}],"about":[{"href":"https:\/\/www.reichelt.com\/magazin\/fr\/wp-json\/wp\/v2\/types\/post"}],"author":[{"embeddable":true,"href":"https:\/\/www.reichelt.com\/magazin\/fr\/wp-json\/wp\/v2\/users\/13"}],"replies":[{"embeddable":true,"href":"https:\/\/www.reichelt.com\/magazin\/fr\/wp-json\/wp\/v2\/comments?post=90364"}],"version-history":[{"count":6,"href":"https:\/\/www.reichelt.com\/magazin\/fr\/wp-json\/wp\/v2\/posts\/90364\/revisions"}],"predecessor-version":[{"id":90414,"href":"https:\/\/www.reichelt.com\/magazin\/fr\/wp-json\/wp\/v2\/posts\/90364\/revisions\/90414"}],"wp:featuredmedia":[{"embeddable":true,"href":"https:\/\/www.reichelt.com\/magazin\/fr\/wp-json\/wp\/v2\/media\/90402"}],"wp:attachment":[{"href":"https:\/\/www.reichelt.com\/magazin\/fr\/wp-json\/wp\/v2\/media?parent=90364"}],"wp:term":[{"taxonomy":"category","embeddable":true,"href":"https:\/\/www.reichelt.com\/magazin\/fr\/wp-json\/wp\/v2\/categories?post=90364"},{"taxonomy":"post_tag","embeddable":true,"href":"https:\/\/www.reichelt.com\/magazin\/fr\/wp-json\/wp\/v2\/tags?post=90364"}],"curies":[{"name":"wp","href":"https:\/\/api.w.org\/{rel}","templated":true}]}}