{"id":88976,"date":"2023-10-11T10:04:45","date_gmt":"2023-10-11T08:04:45","guid":{"rendered":"https:\/\/www.reichelt.com\/magazin\/?p=88976"},"modified":"2023-10-11T10:08:28","modified_gmt":"2023-10-11T08:08:28","slug":"a-lapproche-de-lhiver-le-cout-de-lenergie-inquiete-de-plus-en-plus-les-francais","status":"publish","type":"post","link":"https:\/\/www.reichelt.com\/magazin\/fr\/infographies\/a-lapproche-de-lhiver-le-cout-de-lenergie-inquiete-de-plus-en-plus-les-francais\/","title":{"rendered":"A l\u2019approche de l\u2019hiver, le co\u00fbt de l\u2019\u00e9nergie inqui\u00e8te de plus en plus les Fran\u00e7ais"},"content":{"rendered":"\n<p><em>52% des fran\u00e7ais pr\u00e9voient de restreindre leur consommation d\u2019\u00e9nergie cet hiver et 21% vont prendre des mesures drastiques<\/em><\/p>\n\n\n\n<p><em>Pourtant 35% ne savent pas \u00e9valuer les effets nets des \u00e9conomies d\u2019\u00e9nergies et peinent \u00e0 planifier des investissements qui se r\u00e9v\u00e9leraient rentables<\/em><\/p>\n\n\n\n<p><strong>Paris, 8. septembre 2023<\/strong> &#8211; Dans un contexte toujours plus \u00e9lectrique entre la peur de l\u2019inflation des co\u00fbts de l\u2019\u00e9nergie (qui pr\u00e9occupe 55% des fran\u00e7ais), les facteurs politiques et leur impact sur les co\u00fbts (26%) et bouclier tarifaire moins g\u00e9n\u00e9reux que l\u2019an dernier, les fran\u00e7ais semblent attendre l\u2019hiver avec appr\u00e9hension. L\u2019inqui\u00e9tude est tellement forte que 16% des fran\u00e7ais craignent de ne plus pouvoir payer leur loyer si le co\u00fbt de l\u2019\u00e9nergie continue d\u2019augmenter. Pour y faire face, ils multiplient le syst\u00e8me D et les \u00e9conomies de bouts de ficelle. &nbsp;<\/p>\n\n\n\n<h2 class=\"wp-block-heading\" id=\"h-des-economies-de-bouts-de-ficelle\">Des \u00e9conomies de bouts de ficelle<\/h2>\n\n\n\n<figure class=\"wp-block-image alignleft size-large is-resized\"><a href=\"https:\/\/www.reichelt.com\/magazin\/wp-content\/uploads\/2023\/10\/Infografik_Energiesparmuede_fr-1024x724.png\"><img decoding=\"async\" src=\"https:\/\/www.reichelt.com\/magazin\/wp-content\/uploads\/2023\/10\/Infografik_Energiesparmuede_fr-1024x724.png\" alt=\"A l\u2019approche de l\u2019hiver, le co\u00fbt de l\u2019\u00e9nergie inqui\u00e8te de plus en plus les Fran\u00e7ais\" class=\"wp-image-88950\" style=\"width:400px\" width=\"400\" srcset=\"https:\/\/www.reichelt.com\/magazin\/wp-content\/uploads\/2023\/10\/Infografik_Energiesparmuede_fr-1024x724.png 1024w, https:\/\/www.reichelt.com\/magazin\/wp-content\/uploads\/2023\/10\/Infografik_Energiesparmuede_fr-300x212.png 300w, https:\/\/www.reichelt.com\/magazin\/wp-content\/uploads\/2023\/10\/Infografik_Energiesparmuede_fr-768x543.png 768w, https:\/\/www.reichelt.com\/magazin\/wp-content\/uploads\/2023\/10\/Infografik_Energiesparmuede_fr.png 1500w\" sizes=\"(max-width: 1024px) 100vw, 1024px\" \/><\/a><\/figure>\n\n\n\n<p>A l\u2019heure o\u00f9 la facture continue de grimper, les fran\u00e7ais ne se font plus d\u2019illusion puisque 79% pensent que les prix de l\u2019\u00e9nergie vont encore augmenter dans les 12 prochains mois.<\/p>\n\n\n\n<p>Pour faire des \u00e9conomies sur les factures, 52% des fran\u00e7ais pr\u00e9voient de restreindre leur consommation d\u2019\u00e9nergie cet hiver et pour y parvenir, 39% ont d\u2019ailleurs commenc\u00e9 \u00e0 ajuster leur mode de vie pour consommer moins d&#8217;\u00e9nergie et 21% vont prendre des mesures drastiques.<\/p>\n\n\n\n<div style=\"height:1px\" aria-hidden=\"true\" class=\"wp-block-spacer\"><\/div>\n\n\n\n<p><strong>Les principales mesures prises par les fran\u00e7ais sont&nbsp;:<\/strong><\/p>\n\n\n\n<ul class=\"wp-block-list\">\n<li>Le remplacement des lampes par des diodes \u00e9lectroluminescentes (44 %)<\/li>\n\n\n\n<li>La baisse de la temp\u00e9rature ambiante (36 %)<\/li>\n\n\n\n<li>Et un suivi plus \u00e9troit de la consommation d&#8217;\u00e9nergie (30 %) ou le passage \u00e0 un fournisseur moins cher (28 %)<\/li>\n<\/ul>\n\n\n\n<p>N\u00e9anmoins, un peu plus d\u2019un tiers estiment que les efforts r\u00e9alis\u00e9s pour \u00e9conomiser l\u2019\u00e9nergie sont \u00e9prouvants pour eux (37%)<\/p>\n\n\n\n<h3 class=\"wp-block-heading\" id=\"h-des-alternatives-en-construction\">Des alternatives en construction<\/h3>\n\n\n\n<p>Au-del\u00e0 de ces \u00e9conomies de bout de chandelle, les \u00e9conomies d\u2019\u00e9nergie passent par un travail de fond. Parmi les pr\u00e9occupations des Fran\u00e7ais, l\u2019isolation est un cheval de bataille qui est largement mis en avant par des mesures incitatives depuis longtemps \u00e0 l\u2019instar du <em>cr\u00e9dit d\u2019imp\u00f4t pour la transition \u00e9nerg\u00e9tique<\/em> devenue depuis <em>MaPrimeR\u00e9nov\u2019. <\/em>Le sondage r\u00e9v\u00e8le que parmi les mesures le plus efficaces, les Fran\u00e7ais pensent \u00e0 48% qu\u2019am\u00e9liorer l\u2019insolation des murs fait une diff\u00e9rence significative contre 42% pour le toit, 34% les portes et fen\u00eatres et 33% envisager m\u00eame de sceller ces ouvertures pour limiter les pertes d\u2019\u00e9nergies.<\/p>\n\n\n\n<p>Autre point en chantier, les syst\u00e8mes de production d\u2019\u00e9nergies sont en pleines mutations et 27% envisagent un remplacement de leur syst\u00e8me de chauffage au gaz ou au fioul par une autre alternative. Parmi les alternatives, pompes \u00e0 chaleur et syst\u00e8me solaire sont consid\u00e9r\u00e9s comme les plus efficaces (respectivement \u00e0 27% et 16% par les sond\u00e9s).<\/p>\n\n\n\n<h3 class=\"wp-block-heading\" id=\"h-un-manque-de-budget-et-surtout-l-incertitude-sur-les-mesures-a-prendre\">Un manque de budget et surtout l\u2019incertitude sur les mesures \u00e0 prendre<\/h3>\n\n\n\n<p>Le principal obstacle reste le budget puisque qu\u2019un quart des personnes interrog\u00e9es (30 %) n&#8217;a pas les moyens de financer des mesures d&#8217;\u00e9conomie d&#8217;\u00e9nergie.<\/p>\n\n\n\n<p>Plus encore, lorsqu\u2019il s\u2019agit d\u2019investissements importants, les personnes interrog\u00e9es ont souvent les mains li\u00e9es parce qu\u2019elles ne sont pas responsables de cette d\u00e9cision. Par exemple, pr\u00e8s d\u2019un quart (22 %) d\u00e9clarent ne pas pouvoir agir parce qu\u2019ils ne sont pas propri\u00e9taires ou qu\u2019ils ne peuvent pas obtenir d\u2019autorisation.&nbsp;<\/p>\n\n\n\n<p><strong>Ce d\u00e9dale administratif s\u2019ajoute \u00e0 une incertitude sur les mesures \u00e0 mettre en place&nbsp;:<\/strong><\/p>\n\n\n\n<ul class=\"wp-block-list\">\n<li>35% des sond\u00e9s ne savent pas \u00e9valuer les effets nets des \u00e9conomies d\u2019\u00e9nergies et donc peinent \u00e0 planifier des investissements qui se r\u00e9v\u00e9leraient rentables<\/li>\n\n\n\n<li>35% ne savent pas comment op\u00e9rer des petits changements qui feraient la diff\u00e9rence<\/li>\n\n\n\n<li>29% peinent \u00e0 \u00e9valuer quels appareils m\u00e9nagers sont trop \u00e9nergivores<\/li>\n\n\n\n<li>Et 29% ne savent comment obtenir un contrat d\u2019\u00e9nergie plus attractif.<\/li>\n<\/ul>\n\n\n\n<p>Selon Jan Pakusa, Product Manager for Power Supplies and Test &amp; Measurement chez reichelt elektronik\u00a0: \u00ab\u00a0Les \u00e9conomies d\u2019\u00e9nergies ne doivent pas \u00eatre vues comme un sprint mais bien un marathon et s\u2019il vaut louer l\u2019esprit pratique des Fran\u00e7ais et leurs ing\u00e9niosit\u00e9s pour trouver des solutions d\u2019appoint au probl\u00e8me de la facture\u00a0; pour faire des \u00e9conomies d\u2019\u00e9chelle, des investissements d\u2019avenir sont n\u00e9cessaires. Un investissement h\u00e9las difficile \u00e0 demander \u00e0 des fran\u00e7ais dont le porte-monnaie semble \u00e0 bout de souffle.\u00a0\u00bb<\/p>\n\n\n\n<p>Images: Adobe Stock, reichelt elektronik<\/p>\n\n\n\n<div style=\"height:100px\" aria-hidden=\"true\" class=\"wp-block-spacer\"><\/div>\n","protected":false},"excerpt":{"rendered":"<p>52% des fran\u00e7ais pr\u00e9voient de restreindre leur consommation d\u2019\u00e9nergie cet hiver et 21% vont prendre des mesures drastiques Pourtant 35% ne savent pas \u00e9valuer les effets nets des \u00e9conomies d\u2019\u00e9nergies et peinent \u00e0 planifier des investissements qui se r\u00e9v\u00e9leraient rentables Paris, 8. septembre 2023 &#8211; Dans un contexte toujours plus \u00e9lectrique entre la peur de [&hellip;]<\/p>\n","protected":false},"author":13,"featured_media":88926,"comment_status":"open","ping_status":"open","sticky":false,"template":"","format":"standard","meta":{"footnotes":""},"categories":[6047],"tags":[8642],"class_list":["post-88976","post","type-post","status-publish","format-standard","has-post-thumbnail","hentry","category-infographies","tag-consommation-energetique"],"yoast_head":"<!-- This site is optimized with the Yoast SEO Premium plugin v27.4 (Yoast SEO v27.4) - https:\/\/yoast.com\/product\/yoast-seo-premium-wordpress\/ -->\n<title>A l\u2019approche de l\u2019hiver, le co\u00fbt de l\u2019\u00e9nergie inqui\u00e8te de plus en plus<\/title>\n<meta name=\"description\" content=\"52% des fran\u00e7ais pr\u00e9voient de restreindre leur consommation d\u2019\u00e9nergie cet hiver et 21% vont prendre des mesures drastiques\" \/>\n<meta name=\"robots\" content=\"index, follow, max-snippet:-1, max-image-preview:large, max-video-preview:-1\" \/>\n<link rel=\"canonical\" href=\"https:\/\/www.reichelt.com\/magazin\/fr\/infographies\/a-lapproche-de-lhiver-le-cout-de-lenergie-inquiete-de-plus-en-plus-les-francais\/\" \/>\n<meta property=\"og:locale\" content=\"fr_FR\" \/>\n<meta property=\"og:type\" content=\"article\" \/>\n<meta property=\"og:title\" content=\"A l\u2019approche de l\u2019hiver, le co\u00fbt de l\u2019\u00e9nergie inqui\u00e8te de plus en plus les Fran\u00e7ais\" \/>\n<meta property=\"og:description\" content=\"52% des fran\u00e7ais pr\u00e9voient de restreindre leur consommation d\u2019\u00e9nergie cet hiver et 21% vont prendre des mesures drastiques\" \/>\n<meta property=\"og:url\" content=\"https:\/\/www.reichelt.com\/magazin\/fr\/infographies\/a-lapproche-de-lhiver-le-cout-de-lenergie-inquiete-de-plus-en-plus-les-francais\/\" \/>\n<meta property=\"og:site_name\" content=\"reichelt Magazin\" \/>\n<meta property=\"article:published_time\" content=\"2023-10-11T08:04:45+00:00\" \/>\n<meta property=\"article:modified_time\" content=\"2023-10-11T08:08:28+00:00\" \/>\n<meta property=\"og:image\" content=\"https:\/\/www.reichelt.com\/magazin\/wp-content\/uploads\/2023\/10\/Titel_Energiesparmuede.png\" \/>\n\t<meta property=\"og:image:width\" content=\"1350\" \/>\n\t<meta property=\"og:image:height\" content=\"400\" \/>\n\t<meta property=\"og:image:type\" content=\"image\/png\" \/>\n<meta name=\"author\" content=\"Anne-Dominique Leroy\" \/>\n<meta name=\"twitter:card\" content=\"summary_large_image\" \/>\n<meta name=\"twitter:label1\" content=\"\u00c9crit par\" \/>\n\t<meta name=\"twitter:data1\" content=\"Anne-Dominique Leroy\" \/>\n\t<meta name=\"twitter:label2\" content=\"Dur\u00e9e de lecture estim\u00e9e\" \/>\n\t<meta name=\"twitter:data2\" content=\"4 minutes\" \/>\n<script type=\"application\/ld+json\" class=\"yoast-schema-graph\">{\"@context\":\"https:\\\/\\\/schema.org\",\"@graph\":[{\"@type\":\"Article\",\"@id\":\"https:\\\/\\\/www.reichelt.com\\\/magazin\\\/fr\\\/infographies\\\/a-lapproche-de-lhiver-le-cout-de-lenergie-inquiete-de-plus-en-plus-les-francais\\\/#article\",\"isPartOf\":{\"@id\":\"https:\\\/\\\/www.reichelt.com\\\/magazin\\\/fr\\\/infographies\\\/a-lapproche-de-lhiver-le-cout-de-lenergie-inquiete-de-plus-en-plus-les-francais\\\/\"},\"author\":{\"name\":\"Anne-Dominique Leroy\",\"@id\":\"https:\\\/\\\/www.reichelt.com\\\/magazin\\\/fr\\\/#\\\/schema\\\/person\\\/f47a62fd69ad795a26a04e25ed011c9c\"},\"headline\":\"A l\u2019approche de l\u2019hiver, le co\u00fbt de l\u2019\u00e9nergie inqui\u00e8te de plus en plus les Fran\u00e7ais\",\"datePublished\":\"2023-10-11T08:04:45+00:00\",\"dateModified\":\"2023-10-11T08:08:28+00:00\",\"mainEntityOfPage\":{\"@id\":\"https:\\\/\\\/www.reichelt.com\\\/magazin\\\/fr\\\/infographies\\\/a-lapproche-de-lhiver-le-cout-de-lenergie-inquiete-de-plus-en-plus-les-francais\\\/\"},\"wordCount\":756,\"commentCount\":0,\"publisher\":{\"@id\":\"https:\\\/\\\/www.reichelt.com\\\/magazin\\\/fr\\\/#organization\"},\"image\":{\"@id\":\"https:\\\/\\\/www.reichelt.com\\\/magazin\\\/fr\\\/infographies\\\/a-lapproche-de-lhiver-le-cout-de-lenergie-inquiete-de-plus-en-plus-les-francais\\\/#primaryimage\"},\"thumbnailUrl\":\"https:\\\/\\\/www.reichelt.com\\\/magazin\\\/wp-content\\\/uploads\\\/2023\\\/10\\\/Titel_Energiesparmuede.png\",\"keywords\":[\"consommation \u00e9nerg\u00e9tique\"],\"articleSection\":[\"\u00c9tudes\"],\"inLanguage\":\"fr-FR\",\"potentialAction\":[{\"@type\":\"CommentAction\",\"name\":\"Comment\",\"target\":[\"https:\\\/\\\/www.reichelt.com\\\/magazin\\\/fr\\\/infographies\\\/a-lapproche-de-lhiver-le-cout-de-lenergie-inquiete-de-plus-en-plus-les-francais\\\/#respond\"]}]},{\"@type\":\"WebPage\",\"@id\":\"https:\\\/\\\/www.reichelt.com\\\/magazin\\\/fr\\\/infographies\\\/a-lapproche-de-lhiver-le-cout-de-lenergie-inquiete-de-plus-en-plus-les-francais\\\/\",\"url\":\"https:\\\/\\\/www.reichelt.com\\\/magazin\\\/fr\\\/infographies\\\/a-lapproche-de-lhiver-le-cout-de-lenergie-inquiete-de-plus-en-plus-les-francais\\\/\",\"name\":\"A l\u2019approche de l\u2019hiver, le co\u00fbt de l\u2019\u00e9nergie inqui\u00e8te de plus en plus\",\"isPartOf\":{\"@id\":\"https:\\\/\\\/www.reichelt.com\\\/magazin\\\/fr\\\/#website\"},\"primaryImageOfPage\":{\"@id\":\"https:\\\/\\\/www.reichelt.com\\\/magazin\\\/fr\\\/infographies\\\/a-lapproche-de-lhiver-le-cout-de-lenergie-inquiete-de-plus-en-plus-les-francais\\\/#primaryimage\"},\"image\":{\"@id\":\"https:\\\/\\\/www.reichelt.com\\\/magazin\\\/fr\\\/infographies\\\/a-lapproche-de-lhiver-le-cout-de-lenergie-inquiete-de-plus-en-plus-les-francais\\\/#primaryimage\"},\"thumbnailUrl\":\"https:\\\/\\\/www.reichelt.com\\\/magazin\\\/wp-content\\\/uploads\\\/2023\\\/10\\\/Titel_Energiesparmuede.png\",\"datePublished\":\"2023-10-11T08:04:45+00:00\",\"dateModified\":\"2023-10-11T08:08:28+00:00\",\"description\":\"52% des fran\u00e7ais pr\u00e9voient de restreindre leur consommation d\u2019\u00e9nergie cet hiver et 21% vont prendre des mesures drastiques\",\"breadcrumb\":{\"@id\":\"https:\\\/\\\/www.reichelt.com\\\/magazin\\\/fr\\\/infographies\\\/a-lapproche-de-lhiver-le-cout-de-lenergie-inquiete-de-plus-en-plus-les-francais\\\/#breadcrumb\"},\"inLanguage\":\"fr-FR\",\"potentialAction\":[{\"@type\":\"ReadAction\",\"target\":[\"https:\\\/\\\/www.reichelt.com\\\/magazin\\\/fr\\\/infographies\\\/a-lapproche-de-lhiver-le-cout-de-lenergie-inquiete-de-plus-en-plus-les-francais\\\/\"]}]},{\"@type\":\"ImageObject\",\"inLanguage\":\"fr-FR\",\"@id\":\"https:\\\/\\\/www.reichelt.com\\\/magazin\\\/fr\\\/infographies\\\/a-lapproche-de-lhiver-le-cout-de-lenergie-inquiete-de-plus-en-plus-les-francais\\\/#primaryimage\",\"url\":\"https:\\\/\\\/www.reichelt.com\\\/magazin\\\/wp-content\\\/uploads\\\/2023\\\/10\\\/Titel_Energiesparmuede.png\",\"contentUrl\":\"https:\\\/\\\/www.reichelt.com\\\/magazin\\\/wp-content\\\/uploads\\\/2023\\\/10\\\/Titel_Energiesparmuede.png\",\"width\":1350,\"height\":400,\"caption\":\"Deutsche stellen sich auf einen weiteren Winter des Frierens ein\"},{\"@type\":\"BreadcrumbList\",\"@id\":\"https:\\\/\\\/www.reichelt.com\\\/magazin\\\/fr\\\/infographies\\\/a-lapproche-de-lhiver-le-cout-de-lenergie-inquiete-de-plus-en-plus-les-francais\\\/#breadcrumb\",\"itemListElement\":[{\"@type\":\"ListItem\",\"position\":1,\"name\":\"Home\",\"item\":\"https:\\\/\\\/www.reichelt.com\\\/magazin\\\/fr\\\/\"},{\"@type\":\"ListItem\",\"position\":2,\"name\":\"A l\u2019approche de l\u2019hiver, le co\u00fbt de l\u2019\u00e9nergie inqui\u00e8te de plus en plus les Fran\u00e7ais\"}]},{\"@type\":\"WebSite\",\"@id\":\"https:\\\/\\\/www.reichelt.com\\\/magazin\\\/fr\\\/#website\",\"url\":\"https:\\\/\\\/www.reichelt.com\\\/magazin\\\/fr\\\/\",\"name\":\"reichelt Magazin\",\"description\":\"Das Technik Magazin\",\"publisher\":{\"@id\":\"https:\\\/\\\/www.reichelt.com\\\/magazin\\\/fr\\\/#organization\"},\"potentialAction\":[{\"@type\":\"SearchAction\",\"target\":{\"@type\":\"EntryPoint\",\"urlTemplate\":\"https:\\\/\\\/www.reichelt.com\\\/magazin\\\/fr\\\/?s={search_term_string}\"},\"query-input\":{\"@type\":\"PropertyValueSpecification\",\"valueRequired\":true,\"valueName\":\"search_term_string\"}}],\"inLanguage\":\"fr-FR\"},{\"@type\":\"Organization\",\"@id\":\"https:\\\/\\\/www.reichelt.com\\\/magazin\\\/fr\\\/#organization\",\"name\":\"reichelt Magazin\",\"url\":\"https:\\\/\\\/www.reichelt.com\\\/magazin\\\/fr\\\/\",\"logo\":{\"@type\":\"ImageObject\",\"inLanguage\":\"fr-FR\",\"@id\":\"https:\\\/\\\/www.reichelt.com\\\/magazin\\\/fr\\\/#\\\/schema\\\/logo\\\/image\\\/\",\"url\":\"https:\\\/\\\/www.reichelt.com\\\/magazin\\\/wp-content\\\/uploads\\\/2021\\\/11\\\/reichelt_magazin_logo_de_nl-1.svg\",\"contentUrl\":\"https:\\\/\\\/www.reichelt.com\\\/magazin\\\/wp-content\\\/uploads\\\/2021\\\/11\\\/reichelt_magazin_logo_de_nl-1.svg\",\"width\":456,\"height\":149,\"caption\":\"reichelt Magazin\"},\"image\":{\"@id\":\"https:\\\/\\\/www.reichelt.com\\\/magazin\\\/fr\\\/#\\\/schema\\\/logo\\\/image\\\/\"}},{\"@type\":\"Person\",\"@id\":\"https:\\\/\\\/www.reichelt.com\\\/magazin\\\/fr\\\/#\\\/schema\\\/person\\\/f47a62fd69ad795a26a04e25ed011c9c\",\"name\":\"Anne-Dominique Leroy\"}]}<\/script>\n<!-- \/ Yoast SEO Premium plugin. -->","yoast_head_json":{"title":"A l\u2019approche de l\u2019hiver, le co\u00fbt de l\u2019\u00e9nergie inqui\u00e8te de plus en plus","description":"52% des fran\u00e7ais pr\u00e9voient de restreindre leur consommation d\u2019\u00e9nergie cet hiver et 21% vont prendre des mesures drastiques","robots":{"index":"index","follow":"follow","max-snippet":"max-snippet:-1","max-image-preview":"max-image-preview:large","max-video-preview":"max-video-preview:-1"},"canonical":"https:\/\/www.reichelt.com\/magazin\/fr\/infographies\/a-lapproche-de-lhiver-le-cout-de-lenergie-inquiete-de-plus-en-plus-les-francais\/","og_locale":"fr_FR","og_type":"article","og_title":"A l\u2019approche de l\u2019hiver, le co\u00fbt de l\u2019\u00e9nergie inqui\u00e8te de plus en plus les Fran\u00e7ais","og_description":"52% des fran\u00e7ais pr\u00e9voient de restreindre leur consommation d\u2019\u00e9nergie cet hiver et 21% vont prendre des mesures drastiques","og_url":"https:\/\/www.reichelt.com\/magazin\/fr\/infographies\/a-lapproche-de-lhiver-le-cout-de-lenergie-inquiete-de-plus-en-plus-les-francais\/","og_site_name":"reichelt Magazin","article_published_time":"2023-10-11T08:04:45+00:00","article_modified_time":"2023-10-11T08:08:28+00:00","og_image":[{"width":1350,"height":400,"url":"https:\/\/www.reichelt.com\/magazin\/wp-content\/uploads\/2023\/10\/Titel_Energiesparmuede.png","type":"image\/png"}],"author":"Anne-Dominique Leroy","twitter_card":"summary_large_image","twitter_misc":{"\u00c9crit par":"Anne-Dominique Leroy","Dur\u00e9e de lecture estim\u00e9e":"4 minutes"},"schema":{"@context":"https:\/\/schema.org","@graph":[{"@type":"Article","@id":"https:\/\/www.reichelt.com\/magazin\/fr\/infographies\/a-lapproche-de-lhiver-le-cout-de-lenergie-inquiete-de-plus-en-plus-les-francais\/#article","isPartOf":{"@id":"https:\/\/www.reichelt.com\/magazin\/fr\/infographies\/a-lapproche-de-lhiver-le-cout-de-lenergie-inquiete-de-plus-en-plus-les-francais\/"},"author":{"name":"Anne-Dominique Leroy","@id":"https:\/\/www.reichelt.com\/magazin\/fr\/#\/schema\/person\/f47a62fd69ad795a26a04e25ed011c9c"},"headline":"A l\u2019approche de l\u2019hiver, le co\u00fbt de l\u2019\u00e9nergie inqui\u00e8te de plus en plus les Fran\u00e7ais","datePublished":"2023-10-11T08:04:45+00:00","dateModified":"2023-10-11T08:08:28+00:00","mainEntityOfPage":{"@id":"https:\/\/www.reichelt.com\/magazin\/fr\/infographies\/a-lapproche-de-lhiver-le-cout-de-lenergie-inquiete-de-plus-en-plus-les-francais\/"},"wordCount":756,"commentCount":0,"publisher":{"@id":"https:\/\/www.reichelt.com\/magazin\/fr\/#organization"},"image":{"@id":"https:\/\/www.reichelt.com\/magazin\/fr\/infographies\/a-lapproche-de-lhiver-le-cout-de-lenergie-inquiete-de-plus-en-plus-les-francais\/#primaryimage"},"thumbnailUrl":"https:\/\/www.reichelt.com\/magazin\/wp-content\/uploads\/2023\/10\/Titel_Energiesparmuede.png","keywords":["consommation \u00e9nerg\u00e9tique"],"articleSection":["\u00c9tudes"],"inLanguage":"fr-FR","potentialAction":[{"@type":"CommentAction","name":"Comment","target":["https:\/\/www.reichelt.com\/magazin\/fr\/infographies\/a-lapproche-de-lhiver-le-cout-de-lenergie-inquiete-de-plus-en-plus-les-francais\/#respond"]}]},{"@type":"WebPage","@id":"https:\/\/www.reichelt.com\/magazin\/fr\/infographies\/a-lapproche-de-lhiver-le-cout-de-lenergie-inquiete-de-plus-en-plus-les-francais\/","url":"https:\/\/www.reichelt.com\/magazin\/fr\/infographies\/a-lapproche-de-lhiver-le-cout-de-lenergie-inquiete-de-plus-en-plus-les-francais\/","name":"A l\u2019approche de l\u2019hiver, le co\u00fbt de l\u2019\u00e9nergie inqui\u00e8te de plus en plus","isPartOf":{"@id":"https:\/\/www.reichelt.com\/magazin\/fr\/#website"},"primaryImageOfPage":{"@id":"https:\/\/www.reichelt.com\/magazin\/fr\/infographies\/a-lapproche-de-lhiver-le-cout-de-lenergie-inquiete-de-plus-en-plus-les-francais\/#primaryimage"},"image":{"@id":"https:\/\/www.reichelt.com\/magazin\/fr\/infographies\/a-lapproche-de-lhiver-le-cout-de-lenergie-inquiete-de-plus-en-plus-les-francais\/#primaryimage"},"thumbnailUrl":"https:\/\/www.reichelt.com\/magazin\/wp-content\/uploads\/2023\/10\/Titel_Energiesparmuede.png","datePublished":"2023-10-11T08:04:45+00:00","dateModified":"2023-10-11T08:08:28+00:00","description":"52% des fran\u00e7ais pr\u00e9voient de restreindre leur consommation d\u2019\u00e9nergie cet hiver et 21% vont prendre des mesures drastiques","breadcrumb":{"@id":"https:\/\/www.reichelt.com\/magazin\/fr\/infographies\/a-lapproche-de-lhiver-le-cout-de-lenergie-inquiete-de-plus-en-plus-les-francais\/#breadcrumb"},"inLanguage":"fr-FR","potentialAction":[{"@type":"ReadAction","target":["https:\/\/www.reichelt.com\/magazin\/fr\/infographies\/a-lapproche-de-lhiver-le-cout-de-lenergie-inquiete-de-plus-en-plus-les-francais\/"]}]},{"@type":"ImageObject","inLanguage":"fr-FR","@id":"https:\/\/www.reichelt.com\/magazin\/fr\/infographies\/a-lapproche-de-lhiver-le-cout-de-lenergie-inquiete-de-plus-en-plus-les-francais\/#primaryimage","url":"https:\/\/www.reichelt.com\/magazin\/wp-content\/uploads\/2023\/10\/Titel_Energiesparmuede.png","contentUrl":"https:\/\/www.reichelt.com\/magazin\/wp-content\/uploads\/2023\/10\/Titel_Energiesparmuede.png","width":1350,"height":400,"caption":"Deutsche stellen sich auf einen weiteren Winter des Frierens ein"},{"@type":"BreadcrumbList","@id":"https:\/\/www.reichelt.com\/magazin\/fr\/infographies\/a-lapproche-de-lhiver-le-cout-de-lenergie-inquiete-de-plus-en-plus-les-francais\/#breadcrumb","itemListElement":[{"@type":"ListItem","position":1,"name":"Home","item":"https:\/\/www.reichelt.com\/magazin\/fr\/"},{"@type":"ListItem","position":2,"name":"A l\u2019approche de l\u2019hiver, le co\u00fbt de l\u2019\u00e9nergie inqui\u00e8te de plus en plus les Fran\u00e7ais"}]},{"@type":"WebSite","@id":"https:\/\/www.reichelt.com\/magazin\/fr\/#website","url":"https:\/\/www.reichelt.com\/magazin\/fr\/","name":"reichelt Magazin","description":"Das Technik Magazin","publisher":{"@id":"https:\/\/www.reichelt.com\/magazin\/fr\/#organization"},"potentialAction":[{"@type":"SearchAction","target":{"@type":"EntryPoint","urlTemplate":"https:\/\/www.reichelt.com\/magazin\/fr\/?s={search_term_string}"},"query-input":{"@type":"PropertyValueSpecification","valueRequired":true,"valueName":"search_term_string"}}],"inLanguage":"fr-FR"},{"@type":"Organization","@id":"https:\/\/www.reichelt.com\/magazin\/fr\/#organization","name":"reichelt Magazin","url":"https:\/\/www.reichelt.com\/magazin\/fr\/","logo":{"@type":"ImageObject","inLanguage":"fr-FR","@id":"https:\/\/www.reichelt.com\/magazin\/fr\/#\/schema\/logo\/image\/","url":"https:\/\/www.reichelt.com\/magazin\/wp-content\/uploads\/2021\/11\/reichelt_magazin_logo_de_nl-1.svg","contentUrl":"https:\/\/www.reichelt.com\/magazin\/wp-content\/uploads\/2021\/11\/reichelt_magazin_logo_de_nl-1.svg","width":456,"height":149,"caption":"reichelt Magazin"},"image":{"@id":"https:\/\/www.reichelt.com\/magazin\/fr\/#\/schema\/logo\/image\/"}},{"@type":"Person","@id":"https:\/\/www.reichelt.com\/magazin\/fr\/#\/schema\/person\/f47a62fd69ad795a26a04e25ed011c9c","name":"Anne-Dominique Leroy"}]}},"_links":{"self":[{"href":"https:\/\/www.reichelt.com\/magazin\/fr\/wp-json\/wp\/v2\/posts\/88976","targetHints":{"allow":["GET"]}}],"collection":[{"href":"https:\/\/www.reichelt.com\/magazin\/fr\/wp-json\/wp\/v2\/posts"}],"about":[{"href":"https:\/\/www.reichelt.com\/magazin\/fr\/wp-json\/wp\/v2\/types\/post"}],"author":[{"embeddable":true,"href":"https:\/\/www.reichelt.com\/magazin\/fr\/wp-json\/wp\/v2\/users\/13"}],"replies":[{"embeddable":true,"href":"https:\/\/www.reichelt.com\/magazin\/fr\/wp-json\/wp\/v2\/comments?post=88976"}],"version-history":[{"count":10,"href":"https:\/\/www.reichelt.com\/magazin\/fr\/wp-json\/wp\/v2\/posts\/88976\/revisions"}],"predecessor-version":[{"id":89094,"href":"https:\/\/www.reichelt.com\/magazin\/fr\/wp-json\/wp\/v2\/posts\/88976\/revisions\/89094"}],"wp:featuredmedia":[{"embeddable":true,"href":"https:\/\/www.reichelt.com\/magazin\/fr\/wp-json\/wp\/v2\/media\/88926"}],"wp:attachment":[{"href":"https:\/\/www.reichelt.com\/magazin\/fr\/wp-json\/wp\/v2\/media?parent=88976"}],"wp:term":[{"taxonomy":"category","embeddable":true,"href":"https:\/\/www.reichelt.com\/magazin\/fr\/wp-json\/wp\/v2\/categories?post=88976"},{"taxonomy":"post_tag","embeddable":true,"href":"https:\/\/www.reichelt.com\/magazin\/fr\/wp-json\/wp\/v2\/tags?post=88976"}],"curies":[{"name":"wp","href":"https:\/\/api.w.org\/{rel}","templated":true}]}}