{"id":83094,"date":"2023-06-07T09:00:00","date_gmt":"2023-06-07T07:00:00","guid":{"rendered":"https:\/\/www.reichelt.com\/magazin\/?p=83094"},"modified":"2023-06-05T09:08:22","modified_gmt":"2023-06-05T07:08:22","slug":"62-des-industriels-francais-ont-realise-des-investissements-pour-reduire-leurs-couts-energetiques","status":"publish","type":"post","link":"https:\/\/www.reichelt.com\/magazin\/fr\/infographies\/62-des-industriels-francais-ont-realise-des-investissements-pour-reduire-leurs-couts-energetiques\/","title":{"rendered":"62 % des industriels fran\u00e7ais ont r\u00e9alis\u00e9 des investissements pour r\u00e9duire leurs co\u00fbts \u00e9nerg\u00e9tiques"},"content":{"rendered":"\n<p><em>22% d\u2019entre eux ont constat\u00e9 une \u00e9conomie d&#8217;\u00e9nergie entre 21 et 40% l&#8217;hiver dernier selon une \u00e9tude de reichelt elektronik<\/em><\/p>\n\n\n\n<p><strong>Paris, 09.05.2023<\/strong> &#8211; Depuis l&#8217;automne dernier, les mesures d&#8217;\u00e9conomie d&#8217;\u00e9nergie ont \u00e9t\u00e9 l\u2019une des principales pr\u00e9occupations des entreprises industrielles fran\u00e7aises. En effet, malgr\u00e9 la mise en place d\u2019un bouclier tarifaire, plus des trois quarts des industriels (82 %) se disent inquiets quant \u00e0 leur comp\u00e9titivit\u00e9 et plus de la moiti\u00e9 des entreprises (56 %) indiquent m\u00eame qu\u2019elles ne seraient plus viables \u00e9conomiquement si les prix de l&#8217;\u00e9nergie restent aussi \u00e9lev\u00e9s. Alors pour y faire face, 62 % des industriels ont r\u00e9alis\u00e9 des investissements pour r\u00e9duire leurs co\u00fbts \u00e9nerg\u00e9tiques et 25% pr\u00e9voient d\u2019en r\u00e9aliser cette ann\u00e9e.<\/p>\n\n\n\n<h2 class=\"wp-block-heading\">Le renouvelable est l\u2019investissement le plus pris\u00e9<\/h2>\n\n\n\n<figure class=\"wp-block-image alignleft size-large is-resized\"><a href=\"https:\/\/www.reichelt.com\/magazin\/wp-content\/uploads\/2023\/06\/FR_Infographic-1024x724.png\"><img fetchpriority=\"high\" decoding=\"async\" src=\"https:\/\/www.reichelt.com\/magazin\/wp-content\/uploads\/2023\/06\/FR_Infographic-1024x724.png\" alt=\"Infographie\" class=\"wp-image-83062\" width=\"512\" height=\"362\" srcset=\"https:\/\/www.reichelt.com\/magazin\/wp-content\/uploads\/2023\/06\/FR_Infographic-1024x724.png 1024w, https:\/\/www.reichelt.com\/magazin\/wp-content\/uploads\/2023\/06\/FR_Infographic-300x212.png 300w, https:\/\/www.reichelt.com\/magazin\/wp-content\/uploads\/2023\/06\/FR_Infographic-768x543.png 768w, https:\/\/www.reichelt.com\/magazin\/wp-content\/uploads\/2023\/06\/FR_Infographic.png 1500w\" sizes=\"(max-width: 512px) 100vw, 512px\" \/><\/a><\/figure>\n\n\n\n<p>Des mesures rapides et peu complexes ont d\u00e9j\u00e0 \u00e9t\u00e9 mises en \u0153uvre telles que le remplacement des lampes conventionnelles par des LEDs (51 %), la sensibilisation du personnel (46 %) ou la baisse de la temp\u00e9rature ambiante (42 %).<\/p>\n\n\n\n<p>Toutefois, les entreprises se tournent majoritairement vers le renouvelable. Ainsi, 73 % ont d\u00e9j\u00e0 investi ou pr\u00e9voient d&#8217;investir dans la construction d&#8217;une installation photovolta\u00efque cette ann\u00e9e. De plus, 33 % se concentrent sur le remplacement d&#8217;un vieux syst\u00e8me de chauffage au gaz ou au mazout par un syst\u00e8me de chauffage alternatif tel qu&#8217;une pompe \u00e0 chaleur.<\/p>\n\n\n\n<p>Enfin, les entreprises les plus avanc\u00e9es ont investi dans des technologies permettant l\u2019\u00e9conomie de ressources&nbsp;: 36 % d&#8217;entre elles utilisent d\u00e9j\u00e0 des technologies intelligentes ou d&#8217;autres technologies de contr\u00f4le pour r\u00e9duire la consommation d&#8217;\u00e9nergie des machines &#8211; ou sont en train d&#8217;introduire ces syst\u00e8mes. 33 % remplacent m\u00eame compl\u00e8tement les vieilles machines par des mod\u00e8les plus r\u00e9cents et plus efficaces sur le plan \u00e9nerg\u00e9tique.<\/p>\n\n\n\n<p>Pour celles qui ont pass\u00e9 le cap, les r\u00e9sultats sont d\u00e9j\u00e0 significatifs puisqu\u2019environ un cinqui\u00e8me d&#8217;entre elles (19 %) a pu \u00e9conomiser entre 6 et 10% d&#8217;\u00e9nergie l&#8217;hiver dernier, un tiers (33 %) entre 11 \u00e0 20% et presque un quart (22%) d\u00e9clare des \u00e9conomies entre 21 et 40%.<\/p>\n\n\n\n<h3 class=\"wp-block-heading\">Le plus grand obstacle : l&#8217;incertitude <\/h3>\n\n\n\n<p>N\u00e9anmoins, des obstacles persistent. Le principal frein reste le manque de budget (44 %) ou l&#8217;absence d&#8217;autres possibilit\u00e9s d&#8217;\u00e9conomies (32 %) et m\u00eame dans 20 % des cas, la direction ne se dit pas convaincue de l&#8217;importance ou de l&#8217;urgence de r\u00e9aliser des investissements.<\/p>\n\n\n\n<p>Toutefois, le principal obstacle aux \u00e9conomies d&#8217;\u00e9nergie reste l&#8217;incertitude. Un quart (26 %) des entreprises d\u00e9clarent avoir du mal \u00e0 r\u00e9aliser de leurs pr\u00e9visions au vu de la complexit\u00e9 des financements et de l&#8217;\u00e9volution constante des r\u00e9glementations mais aussi de l\u2019impossibilit\u00e9 de savoir vers quelle technologie se tourner sur le long terme (23 %).<\/p>\n\n\n\n<h3 class=\"wp-block-heading\">La d\u00e9localisation comme seule solution ?<\/h3>\n\n\n\n<p>Malgr\u00e9 tous les investissements r\u00e9alis\u00e9s pour \u00e9conomiser l&#8217;\u00e9nergie et ainsi r\u00e9duire leurs co\u00fbts \u00e9nerg\u00e9tiques, de nombreuses entreprises n&#8217;ont pas d&#8217;autre choix que de se d\u00e9localiser \u00e0 l&#8217;\u00e9tranger. 42 % d&#8217;entre elles d\u00e9localisent actuellement tout ou partie de leurs processus \u00e0 forte consommation d&#8217;\u00e9nergie \u00e0 l&#8217;\u00e9tranger, ou ont d\u00e9j\u00e0 pris cette mesure. 27% pr\u00e9voient de le faire.<\/p>\n\n\n\n<p>&#8220;Les chiffres parlent d\u2019eux m\u00eame&#8221;, commente Christian Reinwald, responsable de la gestion des produits et du marketing chez reichelt elektronik. &#8220;Pour pr\u00e8s de la moiti\u00e9 des entreprises industrielles, malgr\u00e9 son bouclier tarifaire, la France ne semble plus \u00eatre un endroit appropri\u00e9 pour op\u00e9rer \u00e9conomiquement. La situation n&#8217;est pas facile, la frustration et la r\u00e9signation augmentent. Face \u00e0 la crise de l\u2019\u00e9nergie, accentuer une production locale pourrait \u00eatre l\u2019une des pistes \u00e0 creuser. &#8220;<\/p>\n\n\n\n<p>Images : Adobe Stock, reichelt elektronik<\/p>\n\n\n\n<div style=\"height:100px\" aria-hidden=\"true\" class=\"wp-block-spacer\"><\/div>\n","protected":false},"excerpt":{"rendered":"<p>22% d\u2019entre eux ont constat\u00e9 une \u00e9conomie d&#8217;\u00e9nergie entre 21 et 40% l&#8217;hiver dernier selon une \u00e9tude de reichelt elektronik Paris, 09.05.2023 &#8211; Depuis l&#8217;automne dernier, les mesures d&#8217;\u00e9conomie d&#8217;\u00e9nergie ont \u00e9t\u00e9 l\u2019une des principales pr\u00e9occupations des entreprises industrielles fran\u00e7aises. En effet, malgr\u00e9 la mise en place d\u2019un bouclier tarifaire, plus des trois quarts des [&hellip;]<\/p>\n","protected":false},"author":13,"featured_media":82976,"comment_status":"open","ping_status":"open","sticky":false,"template":"","format":"standard","meta":{"footnotes":""},"categories":[6047],"tags":[7926,6781,8198,6782,8196],"class_list":["post-83094","post","type-post","status-publish","format-standard","has-post-thumbnail","hentry","category-infographies","tag-23-04-energie-top","tag-couts-energetiques","tag-economie-denergie-4","tag-enquete-b2b","tag-marre-des-economies-denergie"],"yoast_head":"<!-- This site is optimized with the Yoast SEO Premium plugin v27.4 (Yoast SEO v27.4) - https:\/\/yoast.com\/product\/yoast-seo-premium-wordpress\/ -->\n<title>62 % des industriels fran\u00e7ais ont r\u00e9alis\u00e9 des investissements pour r\u00e9duire leurs co\u00fbts \u00e9nerg\u00e9tiques - reichelt Magazin<\/title>\n<meta name=\"description\" content=\"Pour r\u00e9duire leurs co\u00fbts \u00e9nerg\u00e9tiques, 62 % des industriels ont r\u00e9alis\u00e9 des investissementse et 25% pr\u00e9voient d\u2019en r\u00e9aliser cette ann\u00e9e.\" \/>\n<meta name=\"robots\" content=\"index, follow, max-snippet:-1, max-image-preview:large, max-video-preview:-1\" \/>\n<link rel=\"canonical\" href=\"https:\/\/www.reichelt.com\/magazin\/fr\/infographies\/62-des-industriels-francais-ont-realise-des-investissements-pour-reduire-leurs-couts-energetiques\/\" \/>\n<meta property=\"og:locale\" content=\"fr_FR\" \/>\n<meta property=\"og:type\" content=\"article\" \/>\n<meta property=\"og:title\" content=\"62 % des industriels fran\u00e7ais ont r\u00e9alis\u00e9 des investissements pour r\u00e9duire leurs co\u00fbts \u00e9nerg\u00e9tiques\" \/>\n<meta property=\"og:description\" content=\"Pour r\u00e9duire leurs co\u00fbts \u00e9nerg\u00e9tiques, 62 % des industriels ont r\u00e9alis\u00e9 des investissementse et 25% pr\u00e9voient d\u2019en r\u00e9aliser cette ann\u00e9e.\" \/>\n<meta property=\"og:url\" content=\"https:\/\/www.reichelt.com\/magazin\/fr\/infographies\/62-des-industriels-francais-ont-realise-des-investissements-pour-reduire-leurs-couts-energetiques\/\" \/>\n<meta property=\"og:site_name\" content=\"reichelt Magazin\" \/>\n<meta property=\"article:published_time\" content=\"2023-06-07T07:00:00+00:00\" \/>\n<meta property=\"og:image\" content=\"https:\/\/212.184.1.90\/magazin\/wp-content\/uploads\/2023\/06\/Titel_Energiesparmuedigkeit-1.png\" \/>\n\t<meta property=\"og:image:width\" content=\"1350\" \/>\n\t<meta property=\"og:image:height\" content=\"400\" \/>\n\t<meta property=\"og:image:type\" content=\"image\/png\" \/>\n<meta name=\"author\" content=\"Anne-Dominique Leroy\" \/>\n<meta name=\"twitter:card\" content=\"summary_large_image\" \/>\n<meta name=\"twitter:label1\" content=\"\u00c9crit par\" \/>\n\t<meta name=\"twitter:data1\" content=\"Anne-Dominique Leroy\" \/>\n\t<meta name=\"twitter:label2\" content=\"Dur\u00e9e de lecture estim\u00e9e\" \/>\n\t<meta name=\"twitter:data2\" content=\"3 minutes\" \/>\n<script type=\"application\/ld+json\" class=\"yoast-schema-graph\">{\"@context\":\"https:\\\/\\\/schema.org\",\"@graph\":[{\"@type\":\"Article\",\"@id\":\"https:\\\/\\\/www.reichelt.com\\\/magazin\\\/fr\\\/infographies\\\/62-des-industriels-francais-ont-realise-des-investissements-pour-reduire-leurs-couts-energetiques\\\/#article\",\"isPartOf\":{\"@id\":\"https:\\\/\\\/www.reichelt.com\\\/magazin\\\/fr\\\/infographies\\\/62-des-industriels-francais-ont-realise-des-investissements-pour-reduire-leurs-couts-energetiques\\\/\"},\"author\":{\"name\":\"Anne-Dominique Leroy\",\"@id\":\"https:\\\/\\\/www.reichelt.com\\\/magazin\\\/fr\\\/#\\\/schema\\\/person\\\/f47a62fd69ad795a26a04e25ed011c9c\"},\"headline\":\"62 % des industriels fran\u00e7ais ont r\u00e9alis\u00e9 des investissements pour r\u00e9duire leurs co\u00fbts \u00e9nerg\u00e9tiques\",\"datePublished\":\"2023-06-07T07:00:00+00:00\",\"mainEntityOfPage\":{\"@id\":\"https:\\\/\\\/www.reichelt.com\\\/magazin\\\/fr\\\/infographies\\\/62-des-industriels-francais-ont-realise-des-investissements-pour-reduire-leurs-couts-energetiques\\\/\"},\"wordCount\":633,\"commentCount\":0,\"publisher\":{\"@id\":\"https:\\\/\\\/www.reichelt.com\\\/magazin\\\/fr\\\/#organization\"},\"image\":{\"@id\":\"https:\\\/\\\/www.reichelt.com\\\/magazin\\\/fr\\\/infographies\\\/62-des-industriels-francais-ont-realise-des-investissements-pour-reduire-leurs-couts-energetiques\\\/#primaryimage\"},\"thumbnailUrl\":\"https:\\\/\\\/www.reichelt.com\\\/magazin\\\/wp-content\\\/uploads\\\/2023\\\/06\\\/Titel_Energiesparmuedigkeit-1.png\",\"keywords\":[\"23-04-Energie-TOP\",\"co\u00fbts \u00e9nerg\u00e9tiques\",\"\u00c9conomie d&#039;\u00e9nergie\",\"Enqu\u00eate B2B\",\"marre des \u00e9conomies d&#039;\u00e9nergie\"],\"articleSection\":[\"\u00c9tudes\"],\"inLanguage\":\"fr-FR\",\"potentialAction\":[{\"@type\":\"CommentAction\",\"name\":\"Comment\",\"target\":[\"https:\\\/\\\/www.reichelt.com\\\/magazin\\\/fr\\\/infographies\\\/62-des-industriels-francais-ont-realise-des-investissements-pour-reduire-leurs-couts-energetiques\\\/#respond\"]}]},{\"@type\":\"WebPage\",\"@id\":\"https:\\\/\\\/www.reichelt.com\\\/magazin\\\/fr\\\/infographies\\\/62-des-industriels-francais-ont-realise-des-investissements-pour-reduire-leurs-couts-energetiques\\\/\",\"url\":\"https:\\\/\\\/www.reichelt.com\\\/magazin\\\/fr\\\/infographies\\\/62-des-industriels-francais-ont-realise-des-investissements-pour-reduire-leurs-couts-energetiques\\\/\",\"name\":\"62 % des industriels fran\u00e7ais ont r\u00e9alis\u00e9 des investissements pour r\u00e9duire leurs co\u00fbts \u00e9nerg\u00e9tiques - reichelt Magazin\",\"isPartOf\":{\"@id\":\"https:\\\/\\\/www.reichelt.com\\\/magazin\\\/fr\\\/#website\"},\"primaryImageOfPage\":{\"@id\":\"https:\\\/\\\/www.reichelt.com\\\/magazin\\\/fr\\\/infographies\\\/62-des-industriels-francais-ont-realise-des-investissements-pour-reduire-leurs-couts-energetiques\\\/#primaryimage\"},\"image\":{\"@id\":\"https:\\\/\\\/www.reichelt.com\\\/magazin\\\/fr\\\/infographies\\\/62-des-industriels-francais-ont-realise-des-investissements-pour-reduire-leurs-couts-energetiques\\\/#primaryimage\"},\"thumbnailUrl\":\"https:\\\/\\\/www.reichelt.com\\\/magazin\\\/wp-content\\\/uploads\\\/2023\\\/06\\\/Titel_Energiesparmuedigkeit-1.png\",\"datePublished\":\"2023-06-07T07:00:00+00:00\",\"description\":\"Pour r\u00e9duire leurs co\u00fbts \u00e9nerg\u00e9tiques, 62 % des industriels ont r\u00e9alis\u00e9 des investissementse et 25% pr\u00e9voient d\u2019en r\u00e9aliser cette ann\u00e9e.\",\"breadcrumb\":{\"@id\":\"https:\\\/\\\/www.reichelt.com\\\/magazin\\\/fr\\\/infographies\\\/62-des-industriels-francais-ont-realise-des-investissements-pour-reduire-leurs-couts-energetiques\\\/#breadcrumb\"},\"inLanguage\":\"fr-FR\",\"potentialAction\":[{\"@type\":\"ReadAction\",\"target\":[\"https:\\\/\\\/www.reichelt.com\\\/magazin\\\/fr\\\/infographies\\\/62-des-industriels-francais-ont-realise-des-investissements-pour-reduire-leurs-couts-energetiques\\\/\"]}]},{\"@type\":\"ImageObject\",\"inLanguage\":\"fr-FR\",\"@id\":\"https:\\\/\\\/www.reichelt.com\\\/magazin\\\/fr\\\/infographies\\\/62-des-industriels-francais-ont-realise-des-investissements-pour-reduire-leurs-couts-energetiques\\\/#primaryimage\",\"url\":\"https:\\\/\\\/www.reichelt.com\\\/magazin\\\/wp-content\\\/uploads\\\/2023\\\/06\\\/Titel_Energiesparmuedigkeit-1.png\",\"contentUrl\":\"https:\\\/\\\/www.reichelt.com\\\/magazin\\\/wp-content\\\/uploads\\\/2023\\\/06\\\/Titel_Energiesparmuedigkeit-1.png\",\"width\":1350,\"height\":400,\"caption\":\"62 % des industriels fran\u00e7ais ont r\u00e9alis\u00e9 des investissements pour r\u00e9duire leurs co\u00fbts \u00e9nerg\u00e9tiques\"},{\"@type\":\"BreadcrumbList\",\"@id\":\"https:\\\/\\\/www.reichelt.com\\\/magazin\\\/fr\\\/infographies\\\/62-des-industriels-francais-ont-realise-des-investissements-pour-reduire-leurs-couts-energetiques\\\/#breadcrumb\",\"itemListElement\":[{\"@type\":\"ListItem\",\"position\":1,\"name\":\"Home\",\"item\":\"https:\\\/\\\/www.reichelt.com\\\/magazin\\\/fr\\\/\"},{\"@type\":\"ListItem\",\"position\":2,\"name\":\"62 % des industriels fran\u00e7ais ont r\u00e9alis\u00e9 des investissements pour r\u00e9duire leurs co\u00fbts \u00e9nerg\u00e9tiques\"}]},{\"@type\":\"WebSite\",\"@id\":\"https:\\\/\\\/www.reichelt.com\\\/magazin\\\/fr\\\/#website\",\"url\":\"https:\\\/\\\/www.reichelt.com\\\/magazin\\\/fr\\\/\",\"name\":\"reichelt Magazin\",\"description\":\"Das Technik Magazin\",\"publisher\":{\"@id\":\"https:\\\/\\\/www.reichelt.com\\\/magazin\\\/fr\\\/#organization\"},\"potentialAction\":[{\"@type\":\"SearchAction\",\"target\":{\"@type\":\"EntryPoint\",\"urlTemplate\":\"https:\\\/\\\/www.reichelt.com\\\/magazin\\\/fr\\\/?s={search_term_string}\"},\"query-input\":{\"@type\":\"PropertyValueSpecification\",\"valueRequired\":true,\"valueName\":\"search_term_string\"}}],\"inLanguage\":\"fr-FR\"},{\"@type\":\"Organization\",\"@id\":\"https:\\\/\\\/www.reichelt.com\\\/magazin\\\/fr\\\/#organization\",\"name\":\"reichelt Magazin\",\"url\":\"https:\\\/\\\/www.reichelt.com\\\/magazin\\\/fr\\\/\",\"logo\":{\"@type\":\"ImageObject\",\"inLanguage\":\"fr-FR\",\"@id\":\"https:\\\/\\\/www.reichelt.com\\\/magazin\\\/fr\\\/#\\\/schema\\\/logo\\\/image\\\/\",\"url\":\"https:\\\/\\\/www.reichelt.com\\\/magazin\\\/wp-content\\\/uploads\\\/2021\\\/11\\\/reichelt_magazin_logo_de_nl-1.svg\",\"contentUrl\":\"https:\\\/\\\/www.reichelt.com\\\/magazin\\\/wp-content\\\/uploads\\\/2021\\\/11\\\/reichelt_magazin_logo_de_nl-1.svg\",\"width\":456,\"height\":149,\"caption\":\"reichelt Magazin\"},\"image\":{\"@id\":\"https:\\\/\\\/www.reichelt.com\\\/magazin\\\/fr\\\/#\\\/schema\\\/logo\\\/image\\\/\"}},{\"@type\":\"Person\",\"@id\":\"https:\\\/\\\/www.reichelt.com\\\/magazin\\\/fr\\\/#\\\/schema\\\/person\\\/f47a62fd69ad795a26a04e25ed011c9c\",\"name\":\"Anne-Dominique Leroy\"}]}<\/script>\n<!-- \/ Yoast SEO Premium plugin. -->","yoast_head_json":{"title":"62 % des industriels fran\u00e7ais ont r\u00e9alis\u00e9 des investissements pour r\u00e9duire leurs co\u00fbts \u00e9nerg\u00e9tiques - reichelt Magazin","description":"Pour r\u00e9duire leurs co\u00fbts \u00e9nerg\u00e9tiques, 62 % des industriels ont r\u00e9alis\u00e9 des investissementse et 25% pr\u00e9voient d\u2019en r\u00e9aliser cette ann\u00e9e.","robots":{"index":"index","follow":"follow","max-snippet":"max-snippet:-1","max-image-preview":"max-image-preview:large","max-video-preview":"max-video-preview:-1"},"canonical":"https:\/\/www.reichelt.com\/magazin\/fr\/infographies\/62-des-industriels-francais-ont-realise-des-investissements-pour-reduire-leurs-couts-energetiques\/","og_locale":"fr_FR","og_type":"article","og_title":"62 % des industriels fran\u00e7ais ont r\u00e9alis\u00e9 des investissements pour r\u00e9duire leurs co\u00fbts \u00e9nerg\u00e9tiques","og_description":"Pour r\u00e9duire leurs co\u00fbts \u00e9nerg\u00e9tiques, 62 % des industriels ont r\u00e9alis\u00e9 des investissementse et 25% pr\u00e9voient d\u2019en r\u00e9aliser cette ann\u00e9e.","og_url":"https:\/\/www.reichelt.com\/magazin\/fr\/infographies\/62-des-industriels-francais-ont-realise-des-investissements-pour-reduire-leurs-couts-energetiques\/","og_site_name":"reichelt Magazin","article_published_time":"2023-06-07T07:00:00+00:00","og_image":[{"width":1350,"height":400,"url":"https:\/\/212.184.1.90\/magazin\/wp-content\/uploads\/2023\/06\/Titel_Energiesparmuedigkeit-1.png","type":"image\/png"}],"author":"Anne-Dominique Leroy","twitter_card":"summary_large_image","twitter_misc":{"\u00c9crit par":"Anne-Dominique Leroy","Dur\u00e9e de lecture estim\u00e9e":"3 minutes"},"schema":{"@context":"https:\/\/schema.org","@graph":[{"@type":"Article","@id":"https:\/\/www.reichelt.com\/magazin\/fr\/infographies\/62-des-industriels-francais-ont-realise-des-investissements-pour-reduire-leurs-couts-energetiques\/#article","isPartOf":{"@id":"https:\/\/www.reichelt.com\/magazin\/fr\/infographies\/62-des-industriels-francais-ont-realise-des-investissements-pour-reduire-leurs-couts-energetiques\/"},"author":{"name":"Anne-Dominique Leroy","@id":"https:\/\/www.reichelt.com\/magazin\/fr\/#\/schema\/person\/f47a62fd69ad795a26a04e25ed011c9c"},"headline":"62 % des industriels fran\u00e7ais ont r\u00e9alis\u00e9 des investissements pour r\u00e9duire leurs co\u00fbts \u00e9nerg\u00e9tiques","datePublished":"2023-06-07T07:00:00+00:00","mainEntityOfPage":{"@id":"https:\/\/www.reichelt.com\/magazin\/fr\/infographies\/62-des-industriels-francais-ont-realise-des-investissements-pour-reduire-leurs-couts-energetiques\/"},"wordCount":633,"commentCount":0,"publisher":{"@id":"https:\/\/www.reichelt.com\/magazin\/fr\/#organization"},"image":{"@id":"https:\/\/www.reichelt.com\/magazin\/fr\/infographies\/62-des-industriels-francais-ont-realise-des-investissements-pour-reduire-leurs-couts-energetiques\/#primaryimage"},"thumbnailUrl":"https:\/\/www.reichelt.com\/magazin\/wp-content\/uploads\/2023\/06\/Titel_Energiesparmuedigkeit-1.png","keywords":["23-04-Energie-TOP","co\u00fbts \u00e9nerg\u00e9tiques","\u00c9conomie d&#039;\u00e9nergie","Enqu\u00eate B2B","marre des \u00e9conomies d&#039;\u00e9nergie"],"articleSection":["\u00c9tudes"],"inLanguage":"fr-FR","potentialAction":[{"@type":"CommentAction","name":"Comment","target":["https:\/\/www.reichelt.com\/magazin\/fr\/infographies\/62-des-industriels-francais-ont-realise-des-investissements-pour-reduire-leurs-couts-energetiques\/#respond"]}]},{"@type":"WebPage","@id":"https:\/\/www.reichelt.com\/magazin\/fr\/infographies\/62-des-industriels-francais-ont-realise-des-investissements-pour-reduire-leurs-couts-energetiques\/","url":"https:\/\/www.reichelt.com\/magazin\/fr\/infographies\/62-des-industriels-francais-ont-realise-des-investissements-pour-reduire-leurs-couts-energetiques\/","name":"62 % des industriels fran\u00e7ais ont r\u00e9alis\u00e9 des investissements pour r\u00e9duire leurs co\u00fbts \u00e9nerg\u00e9tiques - reichelt Magazin","isPartOf":{"@id":"https:\/\/www.reichelt.com\/magazin\/fr\/#website"},"primaryImageOfPage":{"@id":"https:\/\/www.reichelt.com\/magazin\/fr\/infographies\/62-des-industriels-francais-ont-realise-des-investissements-pour-reduire-leurs-couts-energetiques\/#primaryimage"},"image":{"@id":"https:\/\/www.reichelt.com\/magazin\/fr\/infographies\/62-des-industriels-francais-ont-realise-des-investissements-pour-reduire-leurs-couts-energetiques\/#primaryimage"},"thumbnailUrl":"https:\/\/www.reichelt.com\/magazin\/wp-content\/uploads\/2023\/06\/Titel_Energiesparmuedigkeit-1.png","datePublished":"2023-06-07T07:00:00+00:00","description":"Pour r\u00e9duire leurs co\u00fbts \u00e9nerg\u00e9tiques, 62 % des industriels ont r\u00e9alis\u00e9 des investissementse et 25% pr\u00e9voient d\u2019en r\u00e9aliser cette ann\u00e9e.","breadcrumb":{"@id":"https:\/\/www.reichelt.com\/magazin\/fr\/infographies\/62-des-industriels-francais-ont-realise-des-investissements-pour-reduire-leurs-couts-energetiques\/#breadcrumb"},"inLanguage":"fr-FR","potentialAction":[{"@type":"ReadAction","target":["https:\/\/www.reichelt.com\/magazin\/fr\/infographies\/62-des-industriels-francais-ont-realise-des-investissements-pour-reduire-leurs-couts-energetiques\/"]}]},{"@type":"ImageObject","inLanguage":"fr-FR","@id":"https:\/\/www.reichelt.com\/magazin\/fr\/infographies\/62-des-industriels-francais-ont-realise-des-investissements-pour-reduire-leurs-couts-energetiques\/#primaryimage","url":"https:\/\/www.reichelt.com\/magazin\/wp-content\/uploads\/2023\/06\/Titel_Energiesparmuedigkeit-1.png","contentUrl":"https:\/\/www.reichelt.com\/magazin\/wp-content\/uploads\/2023\/06\/Titel_Energiesparmuedigkeit-1.png","width":1350,"height":400,"caption":"62 % des industriels fran\u00e7ais ont r\u00e9alis\u00e9 des investissements pour r\u00e9duire leurs co\u00fbts \u00e9nerg\u00e9tiques"},{"@type":"BreadcrumbList","@id":"https:\/\/www.reichelt.com\/magazin\/fr\/infographies\/62-des-industriels-francais-ont-realise-des-investissements-pour-reduire-leurs-couts-energetiques\/#breadcrumb","itemListElement":[{"@type":"ListItem","position":1,"name":"Home","item":"https:\/\/www.reichelt.com\/magazin\/fr\/"},{"@type":"ListItem","position":2,"name":"62 % des industriels fran\u00e7ais ont r\u00e9alis\u00e9 des investissements pour r\u00e9duire leurs co\u00fbts \u00e9nerg\u00e9tiques"}]},{"@type":"WebSite","@id":"https:\/\/www.reichelt.com\/magazin\/fr\/#website","url":"https:\/\/www.reichelt.com\/magazin\/fr\/","name":"reichelt Magazin","description":"Das Technik Magazin","publisher":{"@id":"https:\/\/www.reichelt.com\/magazin\/fr\/#organization"},"potentialAction":[{"@type":"SearchAction","target":{"@type":"EntryPoint","urlTemplate":"https:\/\/www.reichelt.com\/magazin\/fr\/?s={search_term_string}"},"query-input":{"@type":"PropertyValueSpecification","valueRequired":true,"valueName":"search_term_string"}}],"inLanguage":"fr-FR"},{"@type":"Organization","@id":"https:\/\/www.reichelt.com\/magazin\/fr\/#organization","name":"reichelt Magazin","url":"https:\/\/www.reichelt.com\/magazin\/fr\/","logo":{"@type":"ImageObject","inLanguage":"fr-FR","@id":"https:\/\/www.reichelt.com\/magazin\/fr\/#\/schema\/logo\/image\/","url":"https:\/\/www.reichelt.com\/magazin\/wp-content\/uploads\/2021\/11\/reichelt_magazin_logo_de_nl-1.svg","contentUrl":"https:\/\/www.reichelt.com\/magazin\/wp-content\/uploads\/2021\/11\/reichelt_magazin_logo_de_nl-1.svg","width":456,"height":149,"caption":"reichelt Magazin"},"image":{"@id":"https:\/\/www.reichelt.com\/magazin\/fr\/#\/schema\/logo\/image\/"}},{"@type":"Person","@id":"https:\/\/www.reichelt.com\/magazin\/fr\/#\/schema\/person\/f47a62fd69ad795a26a04e25ed011c9c","name":"Anne-Dominique Leroy"}]}},"_links":{"self":[{"href":"https:\/\/www.reichelt.com\/magazin\/fr\/wp-json\/wp\/v2\/posts\/83094","targetHints":{"allow":["GET"]}}],"collection":[{"href":"https:\/\/www.reichelt.com\/magazin\/fr\/wp-json\/wp\/v2\/posts"}],"about":[{"href":"https:\/\/www.reichelt.com\/magazin\/fr\/wp-json\/wp\/v2\/types\/post"}],"author":[{"embeddable":true,"href":"https:\/\/www.reichelt.com\/magazin\/fr\/wp-json\/wp\/v2\/users\/13"}],"replies":[{"embeddable":true,"href":"https:\/\/www.reichelt.com\/magazin\/fr\/wp-json\/wp\/v2\/comments?post=83094"}],"version-history":[{"count":6,"href":"https:\/\/www.reichelt.com\/magazin\/fr\/wp-json\/wp\/v2\/posts\/83094\/revisions"}],"predecessor-version":[{"id":83134,"href":"https:\/\/www.reichelt.com\/magazin\/fr\/wp-json\/wp\/v2\/posts\/83094\/revisions\/83134"}],"wp:featuredmedia":[{"embeddable":true,"href":"https:\/\/www.reichelt.com\/magazin\/fr\/wp-json\/wp\/v2\/media\/82976"}],"wp:attachment":[{"href":"https:\/\/www.reichelt.com\/magazin\/fr\/wp-json\/wp\/v2\/media?parent=83094"}],"wp:term":[{"taxonomy":"category","embeddable":true,"href":"https:\/\/www.reichelt.com\/magazin\/fr\/wp-json\/wp\/v2\/categories?post=83094"},{"taxonomy":"post_tag","embeddable":true,"href":"https:\/\/www.reichelt.com\/magazin\/fr\/wp-json\/wp\/v2\/tags?post=83094"}],"curies":[{"name":"wp","href":"https:\/\/api.w.org\/{rel}","templated":true}]}}