{"id":79180,"date":"2023-04-25T08:30:00","date_gmt":"2023-04-25T06:30:00","guid":{"rendered":"https:\/\/www.reichelt.com\/magazin\/?p=79180"},"modified":"2023-04-25T09:12:56","modified_gmt":"2023-04-25T07:12:56","slug":"les-exigences-dalimentation-electrique-en-camping","status":"publish","type":"post","link":"https:\/\/www.reichelt.com\/magazin\/fr\/conseils\/les-exigences-dalimentation-electrique-en-camping\/","title":{"rendered":"Les exigences d&#8217;alimentation \u00e9lectrique en camping"},"content":{"rendered":"\n<p>Passer les vacances au camping ou vivre des aventures en plein air dans une tente sont des activit\u00e9s tr\u00e8s \u00e0 la mode. Les d\u00e9butants en camping comme les campeurs exp\u00e9riment\u00e9s doivent s&#8217;assurer que le camping-car ou la caravane dispose d&#8217;un \u00e9quipement adapt\u00e9 et fonctionnel pour des vacances r\u00e9ussies. Ainsi il est imp\u00e9ratif de penser \u00e0 l&#8217;alimentation \u00e9lectrique. La soci\u00e9t\u00e9 Brennenstuhl est de bons conseils pour tous  produits de distribution d&#8217;\u00e9nergie et propose des accessoires de camping lumineux.<\/p>\n\n\n\n<h2 class=\"wp-block-heading\">Quelle prise pour le branchement \u00e9lectrique en camping ?<\/h2>\n\n\n\n<p>D\u00e8s que le v\u00e9hicule est \u00e0 l&#8217;arr\u00eat, la premi\u00e8re \u00e9tape consiste souvent \u00e0 alimenter le v\u00e9hicule en \u00e9lectricit\u00e9. La prise CEE bleue, \u00e9galement appel\u00e9e prise caravane ou camping, se branche sur la borne d&#8217;alimentation du camping et se raccorde \u00e0 la prise CEE du v\u00e9hicule. D\u00e8s que la fiche CEE \u00e0 3 broches est branch\u00e9e dans la prise CEE bleue, elle prot\u00e8ge la batterie du v\u00e9hicule et alimente en \u00e9lectricit\u00e9 tous les appareils \u00e9lectriques du camping-car.<\/p>\n\n\n\n<p>La plage de tension de 200 V \u00e0 250 V est marqu\u00e9e en bleu dans toute l&#8217;Europe. L&#8217;avantage de la prise CEE bleue est qu&#8217;elle convient \u00e0 une utilisation permanente. La prise CEE 230 V promet des courants continus jusqu&#8217;\u00e0 16 A et une utilisation tr\u00e8s s\u00fbre. Le couvercle r\u00e9pond au degr\u00e9 de protection IP44 requis pour une utilisation en ext\u00e9rieur, protection contre les corps \u00e9trangers et les projections d&#8217;eau.<\/p>\n\n\n\n<figure class=\"wp-block-image size-full\"><img fetchpriority=\"high\" decoding=\"async\" width=\"1000\" height=\"525\" src=\"https:\/\/www.reichelt.com\/magazin\/wp-content\/uploads\/2023\/04\/1167650605-camping-ambiente-2.png\" alt=\"La plage de tension de 200 V \u00e0 250 V est marqu\u00e9e en bleu dans toute l'Europe.\" class=\"wp-image-79148\" srcset=\"https:\/\/www.reichelt.com\/magazin\/wp-content\/uploads\/2023\/04\/1167650605-camping-ambiente-2.png 1000w, https:\/\/www.reichelt.com\/magazin\/wp-content\/uploads\/2023\/04\/1167650605-camping-ambiente-2-300x158.png 300w, https:\/\/www.reichelt.com\/magazin\/wp-content\/uploads\/2023\/04\/1167650605-camping-ambiente-2-768x403.png 768w\" sizes=\"(max-width: 1000px) 100vw, 1000px\" \/><figcaption class=\"wp-element-caption\">La plage de tension de 200 V \u00e0 250 V est marqu\u00e9e en bleu dans toute l&#8217;Europe.<\/figcaption><\/figure>\n\n\n\n<div class=\"wp-block-cover\"><span aria-hidden=\"true\" class=\"wp-block-cover__background has-background-dim-100 has-background-dim\" style=\"background-color:#58596130\"><\/span><div class=\"wp-block-cover__inner-container is-layout-flow wp-block-cover-is-layout-flow\">\n<div class=\"wp-block-group is-layout-constrained wp-block-group-is-layout-constrained\">\n<h3 class=\"wp-block-heading has-black-color has-text-color\"><span class=\"HwtZe\" lang=\"fr\"><span class=\"jCAhz ChMk0b\"><span class=\"ryNqvb\">Exigences pour l&#8217;alimentation \u00e9lectrique en camping.<\/span><\/span> <span class=\"jCAhz ChMk0b\"><span class=\"ryNqvb\">A quoi les campeurs doivent-ils faire attention sur le camping ?<\/span><\/span> <\/span><\/h3>\n\n\n\n<div style=\"height:36px\" aria-hidden=\"true\" class=\"wp-block-spacer\"><\/div>\n\n\n\n<figure class=\"wp-block-image alignleft size-large is-resized\"><img decoding=\"async\" src=\"https:\/\/www.reichelt.com\/magazin\/wp-content\/uploads\/2023\/04\/H07RN-F.png\" alt=\"Le bon c\u00e2ble de connexion, H07RN-F\" class=\"wp-image-79076\" width=\"75\" height=\"75\"\/><\/figure>\n\n\n\n<p class=\"has-black-color has-text-color\"><strong><span class=\"HwtZe\" lang=\"fr\"><span class=\"jCAhz ChMk0b\"><span class=\"ryNqvb\">Le bon c\u00e2ble de connexion<\/span><\/span><\/span> <\/strong><span class=\"HwtZe\" lang=\"fr\"><span class=\"jCAhz ChMk0b\"><span class=\"ryNqvb\">Ce qu&#8217;il faut, ce sont des conduites flexibles en caoutchouc dites lourdes avec l<\/span><\/span>a d<span class=\"jCAhz ChMk0b\"><span class=\"ryNqvb\">\u00e9signation de ligne H07RN-F (ou \u00e9quivalent).<\/span><\/span> <\/span><\/p>\n\n\n\n<div style=\"height:10px\" aria-hidden=\"true\" class=\"wp-block-spacer\"><\/div>\n\n\n\n<figure class=\"wp-block-image alignleft size-large is-resized\"><img decoding=\"async\" src=\"https:\/\/www.reichelt.com\/magazin\/wp-content\/uploads\/2023\/04\/Signalfarbe.png\" alt=\"Couleurs du signal\" class=\"wp-image-79112\" width=\"75\" height=\"75\"\/><\/figure>\n\n\n\n<p class=\"has-black-color has-text-color\"><strong><span class=\"HwtZe\" lang=\"fr\"><span class=\"jCAhz ChMk0b\"><span class=\"ryNqvb\">La bonne longueur de c\u00e2ble<\/span><\/span><\/span>\r\n<\/strong><span class=\"HwtZe\" lang=\"fr\"><span class=\"jCAhz ChMk0b\"><span class=\"ryNqvb\">La longueur de c\u00e2ble maximale de 25 m\u00e8tres (+\/- 2 m) pour le raccordement de la caravane ne doit pas \u00eatre d\u00e9pass\u00e9e.<\/span><\/span><\/span><\/p>\n\n\n\n<div style=\"height:10px\" aria-hidden=\"true\" class=\"wp-block-spacer\"><\/div>\n\n\n\n<figure class=\"wp-block-image alignleft size-large is-resized\"><img loading=\"lazy\" decoding=\"async\" src=\"https:\/\/www.reichelt.com\/magazin\/wp-content\/uploads\/2023\/04\/Leiterquerschnitt.png\" alt=\"Section de conducteur\" class=\"wp-image-79104\" width=\"75\" height=\"75\"\/><\/figure>\n\n\n\n<p class=\"has-black-color has-text-color\"><strong><span class=\"HwtZe\" lang=\"fr\"><span class=\"jCAhz ChMk0b\"><span class=\"ryNqvb\">La bonne section de conducteur<\/span><\/span><\/span> <\/strong><span class=\"HwtZe\" lang=\"fr\"><span class=\"jCAhz ChMk0b\"><span class=\"ryNqvb\">Une section minimale de 2,5 mm\u00b2 est sp\u00e9cifi\u00e9e pour le raccordement de caravanes et de camping-cars avec un courant nominal de 16 A.<\/span><\/span> <span class=\"jCAhz ChMk0b\"><span class=\"ryNqvb\">Une section de conducteur plus petite n&#8217;est pas autoris\u00e9e pour le raccordement de caravanes ou de camping-cars sur des terrains de camping.<\/span><\/span><\/span><\/p>\n\n\n\n<div style=\"height:10px\" aria-hidden=\"true\" class=\"wp-block-spacer\"><\/div>\n\n\n\n<figure class=\"wp-block-image alignleft size-large is-resized\"><img decoding=\"async\" src=\"https:\/\/www.reichelt.com\/magazin\/wp-content\/uploads\/2023\/04\/Signalfarbe.png\" alt=\"Couleurs du signal\" class=\"wp-image-79112\" width=\"75\" height=\"75\"\/><\/figure>\n\n\n\n<p class=\"has-black-color has-text-color\"><strong><span class=\"HwtZe\" lang=\"fr\"><span class=\"jCAhz ChMk0b\"><span class=\"ryNqvb\">Utiliser les couleurs du signal<\/span><\/span><\/span>\r\n<\/strong><span class=\"HwtZe\" lang=\"fr\"><span class=\"jCAhz ChMk0b\"><span class=\"ryNqvb\">La couleur orange du signal attire votre attention et celle de votre entourage sur les c\u00e2bles qui tra\u00eenent et sur les risques de tr\u00e9buchement potentiels.<\/span><\/span><\/span><\/p>\n\n\n\n<div style=\"height:10px\" aria-hidden=\"true\" class=\"wp-block-spacer\"><\/div>\n\n\n\n<figure class=\"wp-block-image alignleft size-large is-resized\"><img loading=\"lazy\" decoding=\"async\" src=\"https:\/\/www.reichelt.com\/magazin\/wp-content\/uploads\/2023\/04\/IP44.png\" alt=\"IP44, \u00e9tanche \u00e0 la poussi\u00e8re et aux \u00e9claboussures\" class=\"wp-image-79088\" width=\"75\" height=\"75\"\/><\/figure>\n\n\n\n<p class=\"has-black-color has-text-color\"><strong><span class=\"HwtZe\" lang=\"fr\"><span class=\"jCAhz ChMk0b\"><span class=\"ryNqvb\">Fiches et raccords assortis\r\n<\/span><\/span><\/span><\/strong><span class=\"HwtZe\" lang=\"fr\"><span class=\"jCAhz ChMk0b\"><span class=\"ryNqvb\">Pour une utilisation en camping et en caravane, les fiches et les raccords ainsi que les prises doivent \u00eatre au moins \u00e9tanches \u00e0 la poussi\u00e8re et aux \u00e9claboussures (IP44) lorsqu&#8217;ils sont branch\u00e9s.<\/span><\/span><\/span><\/p>\n<\/div>\n\n\n\n<div style=\"height:18px\" aria-hidden=\"true\" class=\"wp-block-spacer\"><\/div>\n<\/div><\/div>\n\n\n\n<h3 class=\"wp-block-heading\">Enrouleur de c\u00e2ble ou rallonge pour l&#8217;alimentation \u00e9lectrique ?<\/h3>\n\n\n\n<span data-view=\"article\" data-artid=\"306070\" data-lang=\"de\"><\/span>Souvent, l&#8217;alimentation \u00e9lectrique du distributeur de camping \u00e0 la caravane ou au camping-car ne suffit pas. L&#8217;alimentation est \u00e9galement n\u00e9cessaire pour plusieurs appareils terminaux \u00e0 l&#8217;ext\u00e9rieur, sous l&#8217;auvent par exemple. Le nombre insuffisant de bornes est souvent un probl\u00e8me. Les enrouleurs de c\u00e2ble ou les centrales \u00e9lectriques, qui disposent \u00e9galement de prises CEE et de contact de mise \u00e0 la terre, offrent une large gamme d&#8217;options de connexion.<\/p>\n\n\n\n<p>Cependant, si le tambour de c\u00e2ble de camping avec un c\u00e2ble de 25 m est trop long, une rallonge de camping peut \u00eatre la meilleure solution. En fonction de la distance jusqu&#8217;\u00e0 la borne de raccordement du camping, Brennenstuhl recommande d&#8217;emporter avec vous les deux pour le raccordement \u00e9lectrique du camping : un tambour de c\u00e2ble de camping de 25 m et une rallonge de camping. Brennenstuhl propose \u00e9galement des centrales \u00e9lectriques et un kit d&#8217;adaptateurs de camping.<\/p>\n\n\n\n<div style=\"height:1px\" aria-hidden=\"true\" class=\"wp-block-spacer\"><\/div>\n\n\n\n<h3 class=\"wp-block-heading\">Lampes de camping et lampes d&#8217;ext\u00e9rieur compl\u00e8tent parfaitement votre aventure en plein air<\/h3>\n\n\n\n<span data-view=\"article\" data-artid=\"346330\" data-lang=\"de\"><\/span>Les lampes de camping et les lampes de poche sont des \u00e9quipements standard pour les activit\u00e9s de plein air telles que le camping, les festivals et les s\u00e9jours en  tentes ou caravanes. Brennenstuhl propose des lampes d&#8217;ext\u00e9rieur aux fonctions vari\u00e9es. Il existe des lampes LED avec lecteur de musique, avec une couleur de lumi\u00e8re dimmable et une banque d&#8217;alimentation int\u00e9gr\u00e9e ou comme lampe d&#8217;ext\u00e9rieur LED gonflable.<\/p>\n\n\n\n<p>Brennenstuhl a les bons produits pour des vacances en plein-air sans soucis pour tous les fans de camping. <a href=\"https:\/\/www.reichelt.com\/fr\/fr\/\/2\/?ACTION=2&amp;LANGUAGE=fr&amp;search=**&amp;propselect[0]=1538%23~%23SpecialNotPublic%23~%23Tag1%23~%23Camping23%20%23~%23Camping23%23~%230\" target=\"_blank\" rel=\"noreferrer noopener\">Tous les produits se trouvent dans la boutique en ligne reichelt.<\/a><\/p>\n\n\n\n<div style=\"height:1px\" aria-hidden=\"true\" class=\"wp-block-spacer\"><\/div>\n\n\n\n<p>Images : Brennenstuhl<\/p>\n\n\n\n<div style=\"height:100px\" aria-hidden=\"true\" class=\"wp-block-spacer\"><\/div>\n","protected":false},"excerpt":{"rendered":"<p>Passer les vacances au camping ou vivre des aventures en plein air dans une tente sont des activit\u00e9s tr\u00e8s \u00e0 la mode. Les d\u00e9butants en camping comme les campeurs exp\u00e9riment\u00e9s doivent s&#8217;assurer que le camping-car ou la caravane dispose d&#8217;un \u00e9quipement adapt\u00e9 et fonctionnel pour des vacances r\u00e9ussies. Ainsi il est imp\u00e9ratif de penser \u00e0 l&#8217;alimentation \u00e9lectrique. La soci\u00e9t\u00e9 Brennenstuhl est de bons conseils pour tous  produits de distribution d&#8217;\u00e9nergie et propose des accessoires de camping lumineux.<\/p>\n","protected":false},"author":13,"featured_media":79128,"comment_status":"open","ping_status":"open","sticky":false,"template":"","format":"standard","meta":{"footnotes":""},"categories":[6044],"tags":[7054,4076],"class_list":["post-79180","post","type-post","status-publish","format-standard","has-post-thumbnail","hentry","category-conseils","tag-brennenstuhl","tag-camping"],"yoast_head":"<!-- This site is optimized with the Yoast SEO Premium plugin v27.4 (Yoast SEO v27.4) - https:\/\/yoast.com\/product\/yoast-seo-premium-wordpress\/ -->\n<title>Les exigences d&#039;alimentation \u00e9lectrique en camping<\/title>\n<meta name=\"description\" content=\"Une bonne alimentation \u00e9lectrique est imp\u00e9rative pour des vacances en camping r\u00e9ussies. D\u00e9couvrez les produits Brennenstuhl.\" \/>\n<meta name=\"robots\" content=\"index, follow, max-snippet:-1, max-image-preview:large, max-video-preview:-1\" \/>\n<link rel=\"canonical\" href=\"https:\/\/www.reichelt.com\/magazin\/fr\/conseils\/les-exigences-dalimentation-electrique-en-camping\/\" \/>\n<meta property=\"og:locale\" content=\"fr_FR\" \/>\n<meta property=\"og:type\" content=\"article\" \/>\n<meta property=\"og:title\" content=\"Les exigences d&#039;alimentation \u00e9lectrique en camping\" \/>\n<meta property=\"og:description\" content=\"Une bonne alimentation \u00e9lectrique est imp\u00e9rative pour des vacances en camping r\u00e9ussies. D\u00e9couvrez les produits Brennenstuhl.\" \/>\n<meta property=\"og:url\" content=\"https:\/\/www.reichelt.com\/magazin\/fr\/conseils\/les-exigences-dalimentation-electrique-en-camping\/\" \/>\n<meta property=\"og:site_name\" content=\"reichelt Magazin\" \/>\n<meta property=\"article:published_time\" content=\"2023-04-25T06:30:00+00:00\" \/>\n<meta property=\"article:modified_time\" content=\"2023-04-25T07:12:56+00:00\" \/>\n<meta property=\"og:image\" content=\"https:\/\/www.reichelt.com\/magazin\/wp-content\/uploads\/2023\/04\/Titel_Camping_Brennenstuhl.png\" \/>\n\t<meta property=\"og:image:width\" content=\"1350\" \/>\n\t<meta property=\"og:image:height\" content=\"400\" \/>\n\t<meta property=\"og:image:type\" content=\"image\/png\" \/>\n<meta name=\"author\" content=\"Anne-Dominique Leroy\" \/>\n<meta name=\"twitter:card\" content=\"summary_large_image\" \/>\n<meta name=\"twitter:label1\" content=\"\u00c9crit par\" \/>\n\t<meta name=\"twitter:data1\" content=\"Anne-Dominique Leroy\" \/>\n\t<meta name=\"twitter:label2\" content=\"Dur\u00e9e de lecture estim\u00e9e\" \/>\n\t<meta name=\"twitter:data2\" content=\"3 minutes\" \/>\n<script type=\"application\/ld+json\" class=\"yoast-schema-graph\">{\"@context\":\"https:\\\/\\\/schema.org\",\"@graph\":[{\"@type\":\"Article\",\"@id\":\"https:\\\/\\\/www.reichelt.com\\\/magazin\\\/fr\\\/conseils\\\/les-exigences-dalimentation-electrique-en-camping\\\/#article\",\"isPartOf\":{\"@id\":\"https:\\\/\\\/www.reichelt.com\\\/magazin\\\/fr\\\/conseils\\\/les-exigences-dalimentation-electrique-en-camping\\\/\"},\"author\":{\"name\":\"Anne-Dominique Leroy\",\"@id\":\"https:\\\/\\\/www.reichelt.com\\\/magazin\\\/fr\\\/#\\\/schema\\\/person\\\/f47a62fd69ad795a26a04e25ed011c9c\"},\"headline\":\"Les exigences d&#8217;alimentation \u00e9lectrique en camping\",\"datePublished\":\"2023-04-25T06:30:00+00:00\",\"dateModified\":\"2023-04-25T07:12:56+00:00\",\"mainEntityOfPage\":{\"@id\":\"https:\\\/\\\/www.reichelt.com\\\/magazin\\\/fr\\\/conseils\\\/les-exigences-dalimentation-electrique-en-camping\\\/\"},\"wordCount\":571,\"commentCount\":0,\"publisher\":{\"@id\":\"https:\\\/\\\/www.reichelt.com\\\/magazin\\\/fr\\\/#organization\"},\"image\":{\"@id\":\"https:\\\/\\\/www.reichelt.com\\\/magazin\\\/fr\\\/conseils\\\/les-exigences-dalimentation-electrique-en-camping\\\/#primaryimage\"},\"thumbnailUrl\":\"https:\\\/\\\/www.reichelt.com\\\/magazin\\\/wp-content\\\/uploads\\\/2023\\\/04\\\/Titel_Camping_Brennenstuhl.png\",\"keywords\":[\"Brennenstuhl\",\"Camping\"],\"articleSection\":[\"Tutoriels\"],\"inLanguage\":\"fr-FR\",\"potentialAction\":[{\"@type\":\"CommentAction\",\"name\":\"Comment\",\"target\":[\"https:\\\/\\\/www.reichelt.com\\\/magazin\\\/fr\\\/conseils\\\/les-exigences-dalimentation-electrique-en-camping\\\/#respond\"]}]},{\"@type\":\"WebPage\",\"@id\":\"https:\\\/\\\/www.reichelt.com\\\/magazin\\\/fr\\\/conseils\\\/les-exigences-dalimentation-electrique-en-camping\\\/\",\"url\":\"https:\\\/\\\/www.reichelt.com\\\/magazin\\\/fr\\\/conseils\\\/les-exigences-dalimentation-electrique-en-camping\\\/\",\"name\":\"Les exigences d'alimentation \u00e9lectrique en camping\",\"isPartOf\":{\"@id\":\"https:\\\/\\\/www.reichelt.com\\\/magazin\\\/fr\\\/#website\"},\"primaryImageOfPage\":{\"@id\":\"https:\\\/\\\/www.reichelt.com\\\/magazin\\\/fr\\\/conseils\\\/les-exigences-dalimentation-electrique-en-camping\\\/#primaryimage\"},\"image\":{\"@id\":\"https:\\\/\\\/www.reichelt.com\\\/magazin\\\/fr\\\/conseils\\\/les-exigences-dalimentation-electrique-en-camping\\\/#primaryimage\"},\"thumbnailUrl\":\"https:\\\/\\\/www.reichelt.com\\\/magazin\\\/wp-content\\\/uploads\\\/2023\\\/04\\\/Titel_Camping_Brennenstuhl.png\",\"datePublished\":\"2023-04-25T06:30:00+00:00\",\"dateModified\":\"2023-04-25T07:12:56+00:00\",\"description\":\"Une bonne alimentation \u00e9lectrique est imp\u00e9rative pour des vacances en camping r\u00e9ussies. D\u00e9couvrez les produits Brennenstuhl.\",\"breadcrumb\":{\"@id\":\"https:\\\/\\\/www.reichelt.com\\\/magazin\\\/fr\\\/conseils\\\/les-exigences-dalimentation-electrique-en-camping\\\/#breadcrumb\"},\"inLanguage\":\"fr-FR\",\"potentialAction\":[{\"@type\":\"ReadAction\",\"target\":[\"https:\\\/\\\/www.reichelt.com\\\/magazin\\\/fr\\\/conseils\\\/les-exigences-dalimentation-electrique-en-camping\\\/\"]}]},{\"@type\":\"ImageObject\",\"inLanguage\":\"fr-FR\",\"@id\":\"https:\\\/\\\/www.reichelt.com\\\/magazin\\\/fr\\\/conseils\\\/les-exigences-dalimentation-electrique-en-camping\\\/#primaryimage\",\"url\":\"https:\\\/\\\/www.reichelt.com\\\/magazin\\\/wp-content\\\/uploads\\\/2023\\\/04\\\/Titel_Camping_Brennenstuhl.png\",\"contentUrl\":\"https:\\\/\\\/www.reichelt.com\\\/magazin\\\/wp-content\\\/uploads\\\/2023\\\/04\\\/Titel_Camping_Brennenstuhl.png\",\"width\":1350,\"height\":400,\"caption\":\"Anforderungen bei der Camping Stromversorgung.\"},{\"@type\":\"BreadcrumbList\",\"@id\":\"https:\\\/\\\/www.reichelt.com\\\/magazin\\\/fr\\\/conseils\\\/les-exigences-dalimentation-electrique-en-camping\\\/#breadcrumb\",\"itemListElement\":[{\"@type\":\"ListItem\",\"position\":1,\"name\":\"Home\",\"item\":\"https:\\\/\\\/www.reichelt.com\\\/magazin\\\/fr\\\/\"},{\"@type\":\"ListItem\",\"position\":2,\"name\":\"Les exigences d&#8217;alimentation \u00e9lectrique en camping\"}]},{\"@type\":\"WebSite\",\"@id\":\"https:\\\/\\\/www.reichelt.com\\\/magazin\\\/fr\\\/#website\",\"url\":\"https:\\\/\\\/www.reichelt.com\\\/magazin\\\/fr\\\/\",\"name\":\"reichelt Magazin\",\"description\":\"Das Technik Magazin\",\"publisher\":{\"@id\":\"https:\\\/\\\/www.reichelt.com\\\/magazin\\\/fr\\\/#organization\"},\"potentialAction\":[{\"@type\":\"SearchAction\",\"target\":{\"@type\":\"EntryPoint\",\"urlTemplate\":\"https:\\\/\\\/www.reichelt.com\\\/magazin\\\/fr\\\/?s={search_term_string}\"},\"query-input\":{\"@type\":\"PropertyValueSpecification\",\"valueRequired\":true,\"valueName\":\"search_term_string\"}}],\"inLanguage\":\"fr-FR\"},{\"@type\":\"Organization\",\"@id\":\"https:\\\/\\\/www.reichelt.com\\\/magazin\\\/fr\\\/#organization\",\"name\":\"reichelt Magazin\",\"url\":\"https:\\\/\\\/www.reichelt.com\\\/magazin\\\/fr\\\/\",\"logo\":{\"@type\":\"ImageObject\",\"inLanguage\":\"fr-FR\",\"@id\":\"https:\\\/\\\/www.reichelt.com\\\/magazin\\\/fr\\\/#\\\/schema\\\/logo\\\/image\\\/\",\"url\":\"https:\\\/\\\/www.reichelt.com\\\/magazin\\\/wp-content\\\/uploads\\\/2021\\\/11\\\/reichelt_magazin_logo_de_nl-1.svg\",\"contentUrl\":\"https:\\\/\\\/www.reichelt.com\\\/magazin\\\/wp-content\\\/uploads\\\/2021\\\/11\\\/reichelt_magazin_logo_de_nl-1.svg\",\"width\":456,\"height\":149,\"caption\":\"reichelt Magazin\"},\"image\":{\"@id\":\"https:\\\/\\\/www.reichelt.com\\\/magazin\\\/fr\\\/#\\\/schema\\\/logo\\\/image\\\/\"}},{\"@type\":\"Person\",\"@id\":\"https:\\\/\\\/www.reichelt.com\\\/magazin\\\/fr\\\/#\\\/schema\\\/person\\\/f47a62fd69ad795a26a04e25ed011c9c\",\"name\":\"Anne-Dominique Leroy\"}]}<\/script>\n<!-- \/ Yoast SEO Premium plugin. -->","yoast_head_json":{"title":"Les exigences d'alimentation \u00e9lectrique en camping","description":"Une bonne alimentation \u00e9lectrique est imp\u00e9rative pour des vacances en camping r\u00e9ussies. D\u00e9couvrez les produits Brennenstuhl.","robots":{"index":"index","follow":"follow","max-snippet":"max-snippet:-1","max-image-preview":"max-image-preview:large","max-video-preview":"max-video-preview:-1"},"canonical":"https:\/\/www.reichelt.com\/magazin\/fr\/conseils\/les-exigences-dalimentation-electrique-en-camping\/","og_locale":"fr_FR","og_type":"article","og_title":"Les exigences d'alimentation \u00e9lectrique en camping","og_description":"Une bonne alimentation \u00e9lectrique est imp\u00e9rative pour des vacances en camping r\u00e9ussies. D\u00e9couvrez les produits Brennenstuhl.","og_url":"https:\/\/www.reichelt.com\/magazin\/fr\/conseils\/les-exigences-dalimentation-electrique-en-camping\/","og_site_name":"reichelt Magazin","article_published_time":"2023-04-25T06:30:00+00:00","article_modified_time":"2023-04-25T07:12:56+00:00","og_image":[{"width":1350,"height":400,"url":"https:\/\/www.reichelt.com\/magazin\/wp-content\/uploads\/2023\/04\/Titel_Camping_Brennenstuhl.png","type":"image\/png"}],"author":"Anne-Dominique Leroy","twitter_card":"summary_large_image","twitter_misc":{"\u00c9crit par":"Anne-Dominique Leroy","Dur\u00e9e de lecture estim\u00e9e":"3 minutes"},"schema":{"@context":"https:\/\/schema.org","@graph":[{"@type":"Article","@id":"https:\/\/www.reichelt.com\/magazin\/fr\/conseils\/les-exigences-dalimentation-electrique-en-camping\/#article","isPartOf":{"@id":"https:\/\/www.reichelt.com\/magazin\/fr\/conseils\/les-exigences-dalimentation-electrique-en-camping\/"},"author":{"name":"Anne-Dominique Leroy","@id":"https:\/\/www.reichelt.com\/magazin\/fr\/#\/schema\/person\/f47a62fd69ad795a26a04e25ed011c9c"},"headline":"Les exigences d&#8217;alimentation \u00e9lectrique en camping","datePublished":"2023-04-25T06:30:00+00:00","dateModified":"2023-04-25T07:12:56+00:00","mainEntityOfPage":{"@id":"https:\/\/www.reichelt.com\/magazin\/fr\/conseils\/les-exigences-dalimentation-electrique-en-camping\/"},"wordCount":571,"commentCount":0,"publisher":{"@id":"https:\/\/www.reichelt.com\/magazin\/fr\/#organization"},"image":{"@id":"https:\/\/www.reichelt.com\/magazin\/fr\/conseils\/les-exigences-dalimentation-electrique-en-camping\/#primaryimage"},"thumbnailUrl":"https:\/\/www.reichelt.com\/magazin\/wp-content\/uploads\/2023\/04\/Titel_Camping_Brennenstuhl.png","keywords":["Brennenstuhl","Camping"],"articleSection":["Tutoriels"],"inLanguage":"fr-FR","potentialAction":[{"@type":"CommentAction","name":"Comment","target":["https:\/\/www.reichelt.com\/magazin\/fr\/conseils\/les-exigences-dalimentation-electrique-en-camping\/#respond"]}]},{"@type":"WebPage","@id":"https:\/\/www.reichelt.com\/magazin\/fr\/conseils\/les-exigences-dalimentation-electrique-en-camping\/","url":"https:\/\/www.reichelt.com\/magazin\/fr\/conseils\/les-exigences-dalimentation-electrique-en-camping\/","name":"Les exigences d'alimentation \u00e9lectrique en camping","isPartOf":{"@id":"https:\/\/www.reichelt.com\/magazin\/fr\/#website"},"primaryImageOfPage":{"@id":"https:\/\/www.reichelt.com\/magazin\/fr\/conseils\/les-exigences-dalimentation-electrique-en-camping\/#primaryimage"},"image":{"@id":"https:\/\/www.reichelt.com\/magazin\/fr\/conseils\/les-exigences-dalimentation-electrique-en-camping\/#primaryimage"},"thumbnailUrl":"https:\/\/www.reichelt.com\/magazin\/wp-content\/uploads\/2023\/04\/Titel_Camping_Brennenstuhl.png","datePublished":"2023-04-25T06:30:00+00:00","dateModified":"2023-04-25T07:12:56+00:00","description":"Une bonne alimentation \u00e9lectrique est imp\u00e9rative pour des vacances en camping r\u00e9ussies. D\u00e9couvrez les produits Brennenstuhl.","breadcrumb":{"@id":"https:\/\/www.reichelt.com\/magazin\/fr\/conseils\/les-exigences-dalimentation-electrique-en-camping\/#breadcrumb"},"inLanguage":"fr-FR","potentialAction":[{"@type":"ReadAction","target":["https:\/\/www.reichelt.com\/magazin\/fr\/conseils\/les-exigences-dalimentation-electrique-en-camping\/"]}]},{"@type":"ImageObject","inLanguage":"fr-FR","@id":"https:\/\/www.reichelt.com\/magazin\/fr\/conseils\/les-exigences-dalimentation-electrique-en-camping\/#primaryimage","url":"https:\/\/www.reichelt.com\/magazin\/wp-content\/uploads\/2023\/04\/Titel_Camping_Brennenstuhl.png","contentUrl":"https:\/\/www.reichelt.com\/magazin\/wp-content\/uploads\/2023\/04\/Titel_Camping_Brennenstuhl.png","width":1350,"height":400,"caption":"Anforderungen bei der Camping Stromversorgung."},{"@type":"BreadcrumbList","@id":"https:\/\/www.reichelt.com\/magazin\/fr\/conseils\/les-exigences-dalimentation-electrique-en-camping\/#breadcrumb","itemListElement":[{"@type":"ListItem","position":1,"name":"Home","item":"https:\/\/www.reichelt.com\/magazin\/fr\/"},{"@type":"ListItem","position":2,"name":"Les exigences d&#8217;alimentation \u00e9lectrique en camping"}]},{"@type":"WebSite","@id":"https:\/\/www.reichelt.com\/magazin\/fr\/#website","url":"https:\/\/www.reichelt.com\/magazin\/fr\/","name":"reichelt Magazin","description":"Das Technik Magazin","publisher":{"@id":"https:\/\/www.reichelt.com\/magazin\/fr\/#organization"},"potentialAction":[{"@type":"SearchAction","target":{"@type":"EntryPoint","urlTemplate":"https:\/\/www.reichelt.com\/magazin\/fr\/?s={search_term_string}"},"query-input":{"@type":"PropertyValueSpecification","valueRequired":true,"valueName":"search_term_string"}}],"inLanguage":"fr-FR"},{"@type":"Organization","@id":"https:\/\/www.reichelt.com\/magazin\/fr\/#organization","name":"reichelt Magazin","url":"https:\/\/www.reichelt.com\/magazin\/fr\/","logo":{"@type":"ImageObject","inLanguage":"fr-FR","@id":"https:\/\/www.reichelt.com\/magazin\/fr\/#\/schema\/logo\/image\/","url":"https:\/\/www.reichelt.com\/magazin\/wp-content\/uploads\/2021\/11\/reichelt_magazin_logo_de_nl-1.svg","contentUrl":"https:\/\/www.reichelt.com\/magazin\/wp-content\/uploads\/2021\/11\/reichelt_magazin_logo_de_nl-1.svg","width":456,"height":149,"caption":"reichelt Magazin"},"image":{"@id":"https:\/\/www.reichelt.com\/magazin\/fr\/#\/schema\/logo\/image\/"}},{"@type":"Person","@id":"https:\/\/www.reichelt.com\/magazin\/fr\/#\/schema\/person\/f47a62fd69ad795a26a04e25ed011c9c","name":"Anne-Dominique Leroy"}]}},"_links":{"self":[{"href":"https:\/\/www.reichelt.com\/magazin\/fr\/wp-json\/wp\/v2\/posts\/79180","targetHints":{"allow":["GET"]}}],"collection":[{"href":"https:\/\/www.reichelt.com\/magazin\/fr\/wp-json\/wp\/v2\/posts"}],"about":[{"href":"https:\/\/www.reichelt.com\/magazin\/fr\/wp-json\/wp\/v2\/types\/post"}],"author":[{"embeddable":true,"href":"https:\/\/www.reichelt.com\/magazin\/fr\/wp-json\/wp\/v2\/users\/13"}],"replies":[{"embeddable":true,"href":"https:\/\/www.reichelt.com\/magazin\/fr\/wp-json\/wp\/v2\/comments?post=79180"}],"version-history":[{"count":12,"href":"https:\/\/www.reichelt.com\/magazin\/fr\/wp-json\/wp\/v2\/posts\/79180\/revisions"}],"predecessor-version":[{"id":79316,"href":"https:\/\/www.reichelt.com\/magazin\/fr\/wp-json\/wp\/v2\/posts\/79180\/revisions\/79316"}],"wp:featuredmedia":[{"embeddable":true,"href":"https:\/\/www.reichelt.com\/magazin\/fr\/wp-json\/wp\/v2\/media\/79128"}],"wp:attachment":[{"href":"https:\/\/www.reichelt.com\/magazin\/fr\/wp-json\/wp\/v2\/media?parent=79180"}],"wp:term":[{"taxonomy":"category","embeddable":true,"href":"https:\/\/www.reichelt.com\/magazin\/fr\/wp-json\/wp\/v2\/categories?post=79180"},{"taxonomy":"post_tag","embeddable":true,"href":"https:\/\/www.reichelt.com\/magazin\/fr\/wp-json\/wp\/v2\/tags?post=79180"}],"curies":[{"name":"wp","href":"https:\/\/api.w.org\/{rel}","templated":true}]}}