{"id":62232,"date":"2020-06-08T09:37:27","date_gmt":"2020-06-08T07:37:27","guid":{"rendered":"https:\/\/www.reichelt.com\/magazin\/non-classifiee\/umfrage-smart-home-deutsche-wuenschen-sich-kosteneffizienz-und-arbeitserleichterung\/"},"modified":"2023-10-09T11:01:23","modified_gmt":"2023-10-09T09:01:23","slug":"pres-de-deux-tiers-des-francais-possedent-un-objet-connecte-a-la-maison-selon-une-etude-realisee-par-onepoll-pour-reichelt-elektronik","status":"publish","type":"post","link":"https:\/\/www.reichelt.com\/magazin\/fr\/infographies\/pres-de-deux-tiers-des-francais-possedent-un-objet-connecte-a-la-maison-selon-une-etude-realisee-par-onepoll-pour-reichelt-elektronik\/","title":{"rendered":"Pr\u00e8s de deux tiers des Fran\u00e7ais poss\u00e8dent un objet connect\u00e9 \u00e0 la maison selon une \u00e9tude r\u00e9alis\u00e9e par OnePoll, pour reichelt elektronik"},"content":{"rendered":"\n<p><em>Les produits g\u00e9rant le contr\u00f4le de l\u2019\u00e9clairage et la s\u00e9curit\u00e9 sont ceux qui rencontrent le plus de succ\u00e8s<\/em><\/p>\n\n\n\n<p><strong>Paris, le 3 juin 2020 \u2013<\/strong> Les produits connect\u00e9s se sont faits une place importante dans la vie quotidienne des Fran\u00e7ais puisque 63% d\u2019entre eux d\u00e9clarent poss\u00e9der un objet connect\u00e9 chez lui. Ils se laissent principalement s\u00e9duire par le contr\u00f4le de l\u2019\u00e9clairage \u00e0 distance \u00e0 65% selon une \u00e9tude OnePoll et reichelt elektronik qui a interrog\u00e9 1 000 consommateurs fran\u00e7ais. Ce march\u00e9 en devenir a d\u2019ailleurs de nombreuses cordes \u00e0 son arc puisque le march\u00e9 du jardinage intelligent est en plein essor avec m\u00eame 1\/3 des intentions d\u2019achat pour cet \u00e9t\u00e9.<\/p>\n\n\n\n<h2 class=\"wp-block-heading\"><strong><strong>La maison connect\u00e9e de plus en plus populaire en France<\/strong><\/strong><\/h2>\n\n\n\n<p>Si 63% des Fran\u00e7ais interrog\u00e9s d\u00e9clarent poss\u00e9der un appareil connect\u00e9 pour son domicile, toutes les cat\u00e9gories d\u2019objets ne rencontrent pas le m\u00eame succ\u00e8s. Le contr\u00f4le de l\u2019\u00e9clairage \u00e0 distance est le plus pl\u00e9biscit\u00e9 avec 65% des propri\u00e9taires d\u2019objets connect\u00e9s qui en poss\u00e8dent. Suivent la s\u00e9curit\u00e9 (cam\u00e9ra, d\u00e9tecteur de fum\u00e9e, etc.) avec 48%, et le m\u00e9nage (robot aspirateur, etc.) avec 43%. Les appareils connect\u00e9s de ces trois cat\u00e9gories apportent satisfaction aux consommateurs, qui sont pr\u00eats \u00e0 se laisser tenter dans l\u2019achat de nouveaux produits connect\u00e9s. En parall\u00e8le, d\u2019autres cat\u00e9gories d\u2019appareils connect\u00e9s trouvent peu leur public. C\u2019est le cas notamment pour les produits qui r\u00e9gulent la qualit\u00e9 de l\u2019air puisque pr\u00e8s de la moiti\u00e9 des personnes poss\u00e9dant des produits connect\u00e9s n\u2019en ont jamais achet\u00e9 (46%).<\/p>\n\n\n\n<figure class=\"wp-block-image size-large\"><a href=\"https:\/\/www.reichelt.com\/magazin\/wp-content\/uploads\/2022\/10\/Infografik_B2C-Umfrage_SmartTechnologie_FR_final-1024x724.png\"><img fetchpriority=\"high\" decoding=\"async\" width=\"1024\" height=\"724\" src=\"https:\/\/www.reichelt.com\/magazin\/wp-content\/uploads\/2022\/10\/Infografik_B2C-Umfrage_SmartTechnologie_FR_final-1024x724.png\" alt=\"\" class=\"wp-image-62410\" srcset=\"https:\/\/www.reichelt.com\/magazin\/wp-content\/uploads\/2022\/10\/Infografik_B2C-Umfrage_SmartTechnologie_FR_final-1024x724.png 1024w, https:\/\/www.reichelt.com\/magazin\/wp-content\/uploads\/2022\/10\/Infografik_B2C-Umfrage_SmartTechnologie_FR_final-300x212.png 300w, https:\/\/www.reichelt.com\/magazin\/wp-content\/uploads\/2022\/10\/Infografik_B2C-Umfrage_SmartTechnologie_FR_final-768x543.png 768w, https:\/\/www.reichelt.com\/magazin\/wp-content\/uploads\/2022\/10\/Infografik_B2C-Umfrage_SmartTechnologie_FR_final-1536x1086.png 1536w, https:\/\/www.reichelt.com\/magazin\/wp-content\/uploads\/2022\/10\/Infografik_B2C-Umfrage_SmartTechnologie_FR_final-2048x1448.png 2048w\" sizes=\"(max-width: 1024px) 100vw, 1024px\" \/><\/a><\/figure>\n\n\n\n<h2 class=\"wp-block-heading\"><strong><strong>Prix, protection des donn\u00e9es et valeur ajout\u00e9e des produits&nbsp;: des points d\u2019am\u00e9lioration pour les fabricants<\/strong><\/strong><\/h2>\n\n\n\n<p>L\u2019\u00e9conomie de ressources \u00e0 long-terme est le crit\u00e8re le plus cit\u00e9 dans les intentions d\u2019achats pour plus de la moiti\u00e9 des Fran\u00e7ais (54%). Parmi les autres avantages suivent le contr\u00f4le \u00e0 distance (45%), la notification en cas de probl\u00e8me (34%), la maintenance pr\u00e9dictive (31%), et le contr\u00f4le vocal (29%).<\/p>\n\n\n\n<p>Le prix reste un frein important pour 44% des Fran\u00e7ais alors que 60% d\u2019entre eux sont pr\u00eats \u00e0 d\u00e9penser jusqu\u2019\u00e0 500 euros pour un objet connect\u00e9. Toutefois la moiti\u00e9 (52%) souhaiterait voir des produits plus abordables sur le march\u00e9 des objets connect\u00e9s.<\/p>\n\n\n\n<p>Hormis le co\u00fbt, la protection des donn\u00e9es personnelles des utilisateurs joue un r\u00f4le majeur dans le processus d\u2019achat. En effet, la question de la protection de leurs donn\u00e9es personnelles est \u00e9galement un \u00e9l\u00e9ment \u00e0 prendre en compte avant d\u2019acheter un objet connect\u00e9 (24%).<\/p>\n\n\n\n<p>Pour ce mach\u00e9 en devenir, les opportunit\u00e9s de nouveaux produits sont nombreuses puisque 29% des Fran\u00e7ais ne voient pas encore de plus-value ni d\u2019int\u00e9r\u00eat pour ce type de produits. En imaginant l\u2019avenir des produits connect\u00e9s, 46% des Fran\u00e7ais souhaiterait l\u2019apparition de r\u00e9glages automatis\u00e9s des appareils via des capteurs (par exemple, la machine \u00e0 laver ou le fer \u00e0 repasser r\u00e8glerait automatiquement la temp\u00e9rature id\u00e9ale) et 44% se laisseraient tenter par des marmites, fours ou micro-ondes de cuisson intelligents qui signaleraient par exemple quand les aliments sont pr\u00eats ou chauff\u00e9s.<\/p>\n\n\n\n<h2 class=\"wp-block-heading\"><strong>Le jardin&nbsp;connect\u00e9&nbsp;: un ph\u00e9nom\u00e8ne en plein essor<\/strong><\/h2>\n\n\n\n<p>Les appareils connect\u00e9s conservent pour le moment \u00e0 usage en int\u00e9rieur et quittent rarement l\u2019int\u00e9rieur cosy de la maison ou de l\u2019appartement.<\/p>\n\n\n\n<p>Toutefois, l\u2019\u00ab&nbsp;outdoor&nbsp;\u00bb est un march\u00e9 en devenir comme le montre les r\u00e9sultats de l&#8217;enqu\u00eate. Si une grande majorit\u00e9 (76%) n\u2019utilise pas encore d&#8217;objet connect\u00e9 pour leur jardin ou leur balcon, 55% des Fran\u00e7ais pr\u00e9voient d\u2019en faire l\u2019acquisition d\u2019ici 1 an et m\u00eame 34% pensent m\u00eame se laisse tenter d\u2019ici cet \u00e9t\u00e9. Pour ceux qui ont d\u00e9j\u00e0 franchis le pas, leur usage est principalement ax\u00e9 sur l&#8217;irrigation (57%), et sur l&#8217;\u00e9clairage (43%) ou la tonte de la pelouse. &nbsp;Les avantages sont nombreux&nbsp;: fin des t\u00e2ches ind\u00e9sirables pour 41% d\u2019entre eux et entretien automatique du jardin en leur absence (\u00e0 35%).<\/p>\n\n\n\n<h2 class=\"wp-block-heading\"><strong>\u00c0 propos de reichelt elektronik<\/strong><\/h2>\n\n\n\n<p>reichelt elektronik (<a href=\"http:\/\/www.reichelt.fr\">www.reichelt.fr<\/a>) est l&#8217;un des plus grands distributeurs en ligne d&#8217;\u00e9lectronique et de technologie informatique en Europe. Avec plus de 110&nbsp;000 produits propos\u00e9s \u00e0 la vente, reichelt offre \u00e0 ses clients du monde entier un excellent rapport qualit\u00e9-prix, une disponibilit\u00e9 maximale et des d\u00e9lais de livraison tr\u00e8s courts. Les particuliers et les clients professionnels peuvent trouver sur la boutique en ligne un large choix de composants \u00e9lectroniques, de cartes de d\u00e9veloppement, d&#8217;ordinateurs mono-carte, de technologies pour la maison et la s\u00e9curit\u00e9, et d&#8217;outils. reichelt elektronik propose \u00e9galement des composants d&#8217;\u00e9clairage et de mesure, du mat\u00e9riel informatique pour PC et technologie r\u00e9seau, ainsi que des composants d&#8217;alimentation \u00e9lectrique. La soci\u00e9t\u00e9 reichelt elektronik GmbH &amp; Co. KG, dont le si\u00e8ge social est \u00e0 Sande, a \u00e9t\u00e9 fond\u00e9e en 1969. Depuis 2010, reichelt fait partie du groupe suisse Daetwyler, fournisseur cl\u00e9 de l&#8217;industrie et leader du march\u00e9 dans des segments internationaux et r\u00e9gionaux.<\/p>\n","protected":false},"excerpt":{"rendered":"<p>Les produits g\u00e9rant le contr\u00f4le de l\u2019\u00e9clairage et la s\u00e9curit\u00e9 sont ceux qui rencontrent le plus de succ\u00e8s Paris, le 3 juin 2020 \u2013 Les produits connect\u00e9s se sont faits une place importante dans la vie quotidienne des Fran\u00e7ais puisque 63% d\u2019entre eux d\u00e9clarent poss\u00e9der un objet connect\u00e9 chez lui. Ils se laissent principalement s\u00e9duire [&hellip;]<\/p>\n","protected":false},"author":13,"featured_media":88904,"comment_status":"open","ping_status":"open","sticky":false,"template":"","format":"standard","meta":{"footnotes":""},"categories":[6047],"tags":[],"class_list":["post-62232","post","type-post","status-publish","format-standard","has-post-thumbnail","hentry","category-infographies"],"yoast_head":"<!-- This site is optimized with the Yoast SEO Premium plugin v27.4 (Yoast SEO v27.4) - https:\/\/yoast.com\/product\/yoast-seo-premium-wordpress\/ -->\n<title>Pr\u00e8s de deux tiers des Fran\u00e7ais poss\u00e8dent un objet connect\u00e9<\/title>\n<meta name=\"description\" content=\"Les produits connect\u00e9s ont une place importante dans le quotidien des Fran\u00e7ais, puisque 63% d\u00e9clarent poss\u00e9der un objet connect\u00e9 chez lui.\" \/>\n<meta name=\"robots\" content=\"index, follow, max-snippet:-1, max-image-preview:large, max-video-preview:-1\" \/>\n<link rel=\"canonical\" href=\"https:\/\/www.reichelt.com\/magazin\/fr\/infographies\/pres-de-deux-tiers-des-francais-possedent-un-objet-connecte-a-la-maison-selon-une-etude-realisee-par-onepoll-pour-reichelt-elektronik\/\" \/>\n<meta property=\"og:locale\" content=\"fr_FR\" \/>\n<meta property=\"og:type\" content=\"article\" \/>\n<meta property=\"og:title\" content=\"Pr\u00e8s de deux tiers des Fran\u00e7ais poss\u00e8dent un objet connect\u00e9 \u00e0 la maison selon une \u00e9tude r\u00e9alis\u00e9e par OnePoll, pour reichelt elektronik\" \/>\n<meta property=\"og:description\" content=\"Les produits connect\u00e9s ont une place importante dans le quotidien des Fran\u00e7ais, puisque 63% d\u00e9clarent poss\u00e9der un objet connect\u00e9 chez lui.\" \/>\n<meta property=\"og:url\" content=\"https:\/\/www.reichelt.com\/magazin\/fr\/infographies\/pres-de-deux-tiers-des-francais-possedent-un-objet-connecte-a-la-maison-selon-une-etude-realisee-par-onepoll-pour-reichelt-elektronik\/\" \/>\n<meta property=\"og:site_name\" content=\"reichelt Magazin\" \/>\n<meta property=\"article:published_time\" content=\"2020-06-08T07:37:27+00:00\" \/>\n<meta property=\"article:modified_time\" content=\"2023-10-09T09:01:23+00:00\" \/>\n<meta property=\"og:image\" content=\"https:\/\/212.184.1.90\/magazin\/wp-content\/uploads\/2020\/06\/Titel_Umfrage_Smart-Home.png\" \/>\n\t<meta property=\"og:image:width\" content=\"1350\" \/>\n\t<meta property=\"og:image:height\" content=\"400\" \/>\n\t<meta property=\"og:image:type\" content=\"image\/png\" \/>\n<meta name=\"author\" content=\"Anne-Dominique Leroy\" \/>\n<meta name=\"twitter:card\" content=\"summary_large_image\" \/>\n<meta name=\"twitter:label1\" content=\"\u00c9crit par\" \/>\n\t<meta name=\"twitter:data1\" content=\"Anne-Dominique Leroy\" \/>\n\t<meta name=\"twitter:label2\" content=\"Dur\u00e9e de lecture estim\u00e9e\" \/>\n\t<meta name=\"twitter:data2\" content=\"4 minutes\" \/>\n<script type=\"application\/ld+json\" class=\"yoast-schema-graph\">{\"@context\":\"https:\\\/\\\/schema.org\",\"@graph\":[{\"@type\":\"Article\",\"@id\":\"https:\\\/\\\/www.reichelt.com\\\/magazin\\\/fr\\\/infographies\\\/pres-de-deux-tiers-des-francais-possedent-un-objet-connecte-a-la-maison-selon-une-etude-realisee-par-onepoll-pour-reichelt-elektronik\\\/#article\",\"isPartOf\":{\"@id\":\"https:\\\/\\\/www.reichelt.com\\\/magazin\\\/fr\\\/infographies\\\/pres-de-deux-tiers-des-francais-possedent-un-objet-connecte-a-la-maison-selon-une-etude-realisee-par-onepoll-pour-reichelt-elektronik\\\/\"},\"author\":{\"name\":\"Anne-Dominique Leroy\",\"@id\":\"https:\\\/\\\/www.reichelt.com\\\/magazin\\\/fr\\\/#\\\/schema\\\/person\\\/f47a62fd69ad795a26a04e25ed011c9c\"},\"headline\":\"Pr\u00e8s de deux tiers des Fran\u00e7ais poss\u00e8dent un objet connect\u00e9 \u00e0 la maison selon une \u00e9tude r\u00e9alis\u00e9e par OnePoll, pour reichelt elektronik\",\"datePublished\":\"2020-06-08T07:37:27+00:00\",\"dateModified\":\"2023-10-09T09:01:23+00:00\",\"mainEntityOfPage\":{\"@id\":\"https:\\\/\\\/www.reichelt.com\\\/magazin\\\/fr\\\/infographies\\\/pres-de-deux-tiers-des-francais-possedent-un-objet-connecte-a-la-maison-selon-une-etude-realisee-par-onepoll-pour-reichelt-elektronik\\\/\"},\"wordCount\":888,\"commentCount\":0,\"publisher\":{\"@id\":\"https:\\\/\\\/www.reichelt.com\\\/magazin\\\/fr\\\/#organization\"},\"image\":{\"@id\":\"https:\\\/\\\/www.reichelt.com\\\/magazin\\\/fr\\\/infographies\\\/pres-de-deux-tiers-des-francais-possedent-un-objet-connecte-a-la-maison-selon-une-etude-realisee-par-onepoll-pour-reichelt-elektronik\\\/#primaryimage\"},\"thumbnailUrl\":\"https:\\\/\\\/www.reichelt.com\\\/magazin\\\/wp-content\\\/uploads\\\/2020\\\/06\\\/Titel_Umfrage_Smart-Home.png\",\"articleSection\":[\"\u00c9tudes\"],\"inLanguage\":\"fr-FR\",\"potentialAction\":[{\"@type\":\"CommentAction\",\"name\":\"Comment\",\"target\":[\"https:\\\/\\\/www.reichelt.com\\\/magazin\\\/fr\\\/infographies\\\/pres-de-deux-tiers-des-francais-possedent-un-objet-connecte-a-la-maison-selon-une-etude-realisee-par-onepoll-pour-reichelt-elektronik\\\/#respond\"]}]},{\"@type\":\"WebPage\",\"@id\":\"https:\\\/\\\/www.reichelt.com\\\/magazin\\\/fr\\\/infographies\\\/pres-de-deux-tiers-des-francais-possedent-un-objet-connecte-a-la-maison-selon-une-etude-realisee-par-onepoll-pour-reichelt-elektronik\\\/\",\"url\":\"https:\\\/\\\/www.reichelt.com\\\/magazin\\\/fr\\\/infographies\\\/pres-de-deux-tiers-des-francais-possedent-un-objet-connecte-a-la-maison-selon-une-etude-realisee-par-onepoll-pour-reichelt-elektronik\\\/\",\"name\":\"Pr\u00e8s de deux tiers des Fran\u00e7ais poss\u00e8dent un objet connect\u00e9\",\"isPartOf\":{\"@id\":\"https:\\\/\\\/www.reichelt.com\\\/magazin\\\/fr\\\/#website\"},\"primaryImageOfPage\":{\"@id\":\"https:\\\/\\\/www.reichelt.com\\\/magazin\\\/fr\\\/infographies\\\/pres-de-deux-tiers-des-francais-possedent-un-objet-connecte-a-la-maison-selon-une-etude-realisee-par-onepoll-pour-reichelt-elektronik\\\/#primaryimage\"},\"image\":{\"@id\":\"https:\\\/\\\/www.reichelt.com\\\/magazin\\\/fr\\\/infographies\\\/pres-de-deux-tiers-des-francais-possedent-un-objet-connecte-a-la-maison-selon-une-etude-realisee-par-onepoll-pour-reichelt-elektronik\\\/#primaryimage\"},\"thumbnailUrl\":\"https:\\\/\\\/www.reichelt.com\\\/magazin\\\/wp-content\\\/uploads\\\/2020\\\/06\\\/Titel_Umfrage_Smart-Home.png\",\"datePublished\":\"2020-06-08T07:37:27+00:00\",\"dateModified\":\"2023-10-09T09:01:23+00:00\",\"description\":\"Les produits connect\u00e9s ont une place importante dans le quotidien des Fran\u00e7ais, puisque 63% d\u00e9clarent poss\u00e9der un objet connect\u00e9 chez lui.\",\"breadcrumb\":{\"@id\":\"https:\\\/\\\/www.reichelt.com\\\/magazin\\\/fr\\\/infographies\\\/pres-de-deux-tiers-des-francais-possedent-un-objet-connecte-a-la-maison-selon-une-etude-realisee-par-onepoll-pour-reichelt-elektronik\\\/#breadcrumb\"},\"inLanguage\":\"fr-FR\",\"potentialAction\":[{\"@type\":\"ReadAction\",\"target\":[\"https:\\\/\\\/www.reichelt.com\\\/magazin\\\/fr\\\/infographies\\\/pres-de-deux-tiers-des-francais-possedent-un-objet-connecte-a-la-maison-selon-une-etude-realisee-par-onepoll-pour-reichelt-elektronik\\\/\"]}]},{\"@type\":\"ImageObject\",\"inLanguage\":\"fr-FR\",\"@id\":\"https:\\\/\\\/www.reichelt.com\\\/magazin\\\/fr\\\/infographies\\\/pres-de-deux-tiers-des-francais-possedent-un-objet-connecte-a-la-maison-selon-une-etude-realisee-par-onepoll-pour-reichelt-elektronik\\\/#primaryimage\",\"url\":\"https:\\\/\\\/www.reichelt.com\\\/magazin\\\/wp-content\\\/uploads\\\/2020\\\/06\\\/Titel_Umfrage_Smart-Home.png\",\"contentUrl\":\"https:\\\/\\\/www.reichelt.com\\\/magazin\\\/wp-content\\\/uploads\\\/2020\\\/06\\\/Titel_Umfrage_Smart-Home.png\",\"width\":1350,\"height\":400,\"caption\":\"Smart home Automation Control System. Innovation technology internet Network Concept.\"},{\"@type\":\"BreadcrumbList\",\"@id\":\"https:\\\/\\\/www.reichelt.com\\\/magazin\\\/fr\\\/infographies\\\/pres-de-deux-tiers-des-francais-possedent-un-objet-connecte-a-la-maison-selon-une-etude-realisee-par-onepoll-pour-reichelt-elektronik\\\/#breadcrumb\",\"itemListElement\":[{\"@type\":\"ListItem\",\"position\":1,\"name\":\"Home\",\"item\":\"https:\\\/\\\/www.reichelt.com\\\/magazin\\\/fr\\\/\"},{\"@type\":\"ListItem\",\"position\":2,\"name\":\"Pr\u00e8s de deux tiers des Fran\u00e7ais poss\u00e8dent un objet connect\u00e9 \u00e0 la maison selon une \u00e9tude r\u00e9alis\u00e9e par OnePoll, pour reichelt elektronik\"}]},{\"@type\":\"WebSite\",\"@id\":\"https:\\\/\\\/www.reichelt.com\\\/magazin\\\/fr\\\/#website\",\"url\":\"https:\\\/\\\/www.reichelt.com\\\/magazin\\\/fr\\\/\",\"name\":\"reichelt Magazin\",\"description\":\"Das Technik Magazin\",\"publisher\":{\"@id\":\"https:\\\/\\\/www.reichelt.com\\\/magazin\\\/fr\\\/#organization\"},\"potentialAction\":[{\"@type\":\"SearchAction\",\"target\":{\"@type\":\"EntryPoint\",\"urlTemplate\":\"https:\\\/\\\/www.reichelt.com\\\/magazin\\\/fr\\\/?s={search_term_string}\"},\"query-input\":{\"@type\":\"PropertyValueSpecification\",\"valueRequired\":true,\"valueName\":\"search_term_string\"}}],\"inLanguage\":\"fr-FR\"},{\"@type\":\"Organization\",\"@id\":\"https:\\\/\\\/www.reichelt.com\\\/magazin\\\/fr\\\/#organization\",\"name\":\"reichelt Magazin\",\"url\":\"https:\\\/\\\/www.reichelt.com\\\/magazin\\\/fr\\\/\",\"logo\":{\"@type\":\"ImageObject\",\"inLanguage\":\"fr-FR\",\"@id\":\"https:\\\/\\\/www.reichelt.com\\\/magazin\\\/fr\\\/#\\\/schema\\\/logo\\\/image\\\/\",\"url\":\"https:\\\/\\\/www.reichelt.com\\\/magazin\\\/wp-content\\\/uploads\\\/2021\\\/11\\\/reichelt_magazin_logo_de_nl-1.svg\",\"contentUrl\":\"https:\\\/\\\/www.reichelt.com\\\/magazin\\\/wp-content\\\/uploads\\\/2021\\\/11\\\/reichelt_magazin_logo_de_nl-1.svg\",\"width\":456,\"height\":149,\"caption\":\"reichelt Magazin\"},\"image\":{\"@id\":\"https:\\\/\\\/www.reichelt.com\\\/magazin\\\/fr\\\/#\\\/schema\\\/logo\\\/image\\\/\"}},{\"@type\":\"Person\",\"@id\":\"https:\\\/\\\/www.reichelt.com\\\/magazin\\\/fr\\\/#\\\/schema\\\/person\\\/f47a62fd69ad795a26a04e25ed011c9c\",\"name\":\"Anne-Dominique Leroy\"}]}<\/script>\n<!-- \/ Yoast SEO Premium plugin. -->","yoast_head_json":{"title":"Pr\u00e8s de deux tiers des Fran\u00e7ais poss\u00e8dent un objet connect\u00e9","description":"Les produits connect\u00e9s ont une place importante dans le quotidien des Fran\u00e7ais, puisque 63% d\u00e9clarent poss\u00e9der un objet connect\u00e9 chez lui.","robots":{"index":"index","follow":"follow","max-snippet":"max-snippet:-1","max-image-preview":"max-image-preview:large","max-video-preview":"max-video-preview:-1"},"canonical":"https:\/\/www.reichelt.com\/magazin\/fr\/infographies\/pres-de-deux-tiers-des-francais-possedent-un-objet-connecte-a-la-maison-selon-une-etude-realisee-par-onepoll-pour-reichelt-elektronik\/","og_locale":"fr_FR","og_type":"article","og_title":"Pr\u00e8s de deux tiers des Fran\u00e7ais poss\u00e8dent un objet connect\u00e9 \u00e0 la maison selon une \u00e9tude r\u00e9alis\u00e9e par OnePoll, pour reichelt elektronik","og_description":"Les produits connect\u00e9s ont une place importante dans le quotidien des Fran\u00e7ais, puisque 63% d\u00e9clarent poss\u00e9der un objet connect\u00e9 chez lui.","og_url":"https:\/\/www.reichelt.com\/magazin\/fr\/infographies\/pres-de-deux-tiers-des-francais-possedent-un-objet-connecte-a-la-maison-selon-une-etude-realisee-par-onepoll-pour-reichelt-elektronik\/","og_site_name":"reichelt Magazin","article_published_time":"2020-06-08T07:37:27+00:00","article_modified_time":"2023-10-09T09:01:23+00:00","og_image":[{"width":1350,"height":400,"url":"https:\/\/212.184.1.90\/magazin\/wp-content\/uploads\/2020\/06\/Titel_Umfrage_Smart-Home.png","type":"image\/png"}],"author":"Anne-Dominique Leroy","twitter_card":"summary_large_image","twitter_misc":{"\u00c9crit par":"Anne-Dominique Leroy","Dur\u00e9e de lecture estim\u00e9e":"4 minutes"},"schema":{"@context":"https:\/\/schema.org","@graph":[{"@type":"Article","@id":"https:\/\/www.reichelt.com\/magazin\/fr\/infographies\/pres-de-deux-tiers-des-francais-possedent-un-objet-connecte-a-la-maison-selon-une-etude-realisee-par-onepoll-pour-reichelt-elektronik\/#article","isPartOf":{"@id":"https:\/\/www.reichelt.com\/magazin\/fr\/infographies\/pres-de-deux-tiers-des-francais-possedent-un-objet-connecte-a-la-maison-selon-une-etude-realisee-par-onepoll-pour-reichelt-elektronik\/"},"author":{"name":"Anne-Dominique Leroy","@id":"https:\/\/www.reichelt.com\/magazin\/fr\/#\/schema\/person\/f47a62fd69ad795a26a04e25ed011c9c"},"headline":"Pr\u00e8s de deux tiers des Fran\u00e7ais poss\u00e8dent un objet connect\u00e9 \u00e0 la maison selon une \u00e9tude r\u00e9alis\u00e9e par OnePoll, pour reichelt elektronik","datePublished":"2020-06-08T07:37:27+00:00","dateModified":"2023-10-09T09:01:23+00:00","mainEntityOfPage":{"@id":"https:\/\/www.reichelt.com\/magazin\/fr\/infographies\/pres-de-deux-tiers-des-francais-possedent-un-objet-connecte-a-la-maison-selon-une-etude-realisee-par-onepoll-pour-reichelt-elektronik\/"},"wordCount":888,"commentCount":0,"publisher":{"@id":"https:\/\/www.reichelt.com\/magazin\/fr\/#organization"},"image":{"@id":"https:\/\/www.reichelt.com\/magazin\/fr\/infographies\/pres-de-deux-tiers-des-francais-possedent-un-objet-connecte-a-la-maison-selon-une-etude-realisee-par-onepoll-pour-reichelt-elektronik\/#primaryimage"},"thumbnailUrl":"https:\/\/www.reichelt.com\/magazin\/wp-content\/uploads\/2020\/06\/Titel_Umfrage_Smart-Home.png","articleSection":["\u00c9tudes"],"inLanguage":"fr-FR","potentialAction":[{"@type":"CommentAction","name":"Comment","target":["https:\/\/www.reichelt.com\/magazin\/fr\/infographies\/pres-de-deux-tiers-des-francais-possedent-un-objet-connecte-a-la-maison-selon-une-etude-realisee-par-onepoll-pour-reichelt-elektronik\/#respond"]}]},{"@type":"WebPage","@id":"https:\/\/www.reichelt.com\/magazin\/fr\/infographies\/pres-de-deux-tiers-des-francais-possedent-un-objet-connecte-a-la-maison-selon-une-etude-realisee-par-onepoll-pour-reichelt-elektronik\/","url":"https:\/\/www.reichelt.com\/magazin\/fr\/infographies\/pres-de-deux-tiers-des-francais-possedent-un-objet-connecte-a-la-maison-selon-une-etude-realisee-par-onepoll-pour-reichelt-elektronik\/","name":"Pr\u00e8s de deux tiers des Fran\u00e7ais poss\u00e8dent un objet connect\u00e9","isPartOf":{"@id":"https:\/\/www.reichelt.com\/magazin\/fr\/#website"},"primaryImageOfPage":{"@id":"https:\/\/www.reichelt.com\/magazin\/fr\/infographies\/pres-de-deux-tiers-des-francais-possedent-un-objet-connecte-a-la-maison-selon-une-etude-realisee-par-onepoll-pour-reichelt-elektronik\/#primaryimage"},"image":{"@id":"https:\/\/www.reichelt.com\/magazin\/fr\/infographies\/pres-de-deux-tiers-des-francais-possedent-un-objet-connecte-a-la-maison-selon-une-etude-realisee-par-onepoll-pour-reichelt-elektronik\/#primaryimage"},"thumbnailUrl":"https:\/\/www.reichelt.com\/magazin\/wp-content\/uploads\/2020\/06\/Titel_Umfrage_Smart-Home.png","datePublished":"2020-06-08T07:37:27+00:00","dateModified":"2023-10-09T09:01:23+00:00","description":"Les produits connect\u00e9s ont une place importante dans le quotidien des Fran\u00e7ais, puisque 63% d\u00e9clarent poss\u00e9der un objet connect\u00e9 chez lui.","breadcrumb":{"@id":"https:\/\/www.reichelt.com\/magazin\/fr\/infographies\/pres-de-deux-tiers-des-francais-possedent-un-objet-connecte-a-la-maison-selon-une-etude-realisee-par-onepoll-pour-reichelt-elektronik\/#breadcrumb"},"inLanguage":"fr-FR","potentialAction":[{"@type":"ReadAction","target":["https:\/\/www.reichelt.com\/magazin\/fr\/infographies\/pres-de-deux-tiers-des-francais-possedent-un-objet-connecte-a-la-maison-selon-une-etude-realisee-par-onepoll-pour-reichelt-elektronik\/"]}]},{"@type":"ImageObject","inLanguage":"fr-FR","@id":"https:\/\/www.reichelt.com\/magazin\/fr\/infographies\/pres-de-deux-tiers-des-francais-possedent-un-objet-connecte-a-la-maison-selon-une-etude-realisee-par-onepoll-pour-reichelt-elektronik\/#primaryimage","url":"https:\/\/www.reichelt.com\/magazin\/wp-content\/uploads\/2020\/06\/Titel_Umfrage_Smart-Home.png","contentUrl":"https:\/\/www.reichelt.com\/magazin\/wp-content\/uploads\/2020\/06\/Titel_Umfrage_Smart-Home.png","width":1350,"height":400,"caption":"Smart home Automation Control System. Innovation technology internet Network Concept."},{"@type":"BreadcrumbList","@id":"https:\/\/www.reichelt.com\/magazin\/fr\/infographies\/pres-de-deux-tiers-des-francais-possedent-un-objet-connecte-a-la-maison-selon-une-etude-realisee-par-onepoll-pour-reichelt-elektronik\/#breadcrumb","itemListElement":[{"@type":"ListItem","position":1,"name":"Home","item":"https:\/\/www.reichelt.com\/magazin\/fr\/"},{"@type":"ListItem","position":2,"name":"Pr\u00e8s de deux tiers des Fran\u00e7ais poss\u00e8dent un objet connect\u00e9 \u00e0 la maison selon une \u00e9tude r\u00e9alis\u00e9e par OnePoll, pour reichelt elektronik"}]},{"@type":"WebSite","@id":"https:\/\/www.reichelt.com\/magazin\/fr\/#website","url":"https:\/\/www.reichelt.com\/magazin\/fr\/","name":"reichelt Magazin","description":"Das Technik Magazin","publisher":{"@id":"https:\/\/www.reichelt.com\/magazin\/fr\/#organization"},"potentialAction":[{"@type":"SearchAction","target":{"@type":"EntryPoint","urlTemplate":"https:\/\/www.reichelt.com\/magazin\/fr\/?s={search_term_string}"},"query-input":{"@type":"PropertyValueSpecification","valueRequired":true,"valueName":"search_term_string"}}],"inLanguage":"fr-FR"},{"@type":"Organization","@id":"https:\/\/www.reichelt.com\/magazin\/fr\/#organization","name":"reichelt Magazin","url":"https:\/\/www.reichelt.com\/magazin\/fr\/","logo":{"@type":"ImageObject","inLanguage":"fr-FR","@id":"https:\/\/www.reichelt.com\/magazin\/fr\/#\/schema\/logo\/image\/","url":"https:\/\/www.reichelt.com\/magazin\/wp-content\/uploads\/2021\/11\/reichelt_magazin_logo_de_nl-1.svg","contentUrl":"https:\/\/www.reichelt.com\/magazin\/wp-content\/uploads\/2021\/11\/reichelt_magazin_logo_de_nl-1.svg","width":456,"height":149,"caption":"reichelt Magazin"},"image":{"@id":"https:\/\/www.reichelt.com\/magazin\/fr\/#\/schema\/logo\/image\/"}},{"@type":"Person","@id":"https:\/\/www.reichelt.com\/magazin\/fr\/#\/schema\/person\/f47a62fd69ad795a26a04e25ed011c9c","name":"Anne-Dominique Leroy"}]}},"_links":{"self":[{"href":"https:\/\/www.reichelt.com\/magazin\/fr\/wp-json\/wp\/v2\/posts\/62232","targetHints":{"allow":["GET"]}}],"collection":[{"href":"https:\/\/www.reichelt.com\/magazin\/fr\/wp-json\/wp\/v2\/posts"}],"about":[{"href":"https:\/\/www.reichelt.com\/magazin\/fr\/wp-json\/wp\/v2\/types\/post"}],"author":[{"embeddable":true,"href":"https:\/\/www.reichelt.com\/magazin\/fr\/wp-json\/wp\/v2\/users\/13"}],"replies":[{"embeddable":true,"href":"https:\/\/www.reichelt.com\/magazin\/fr\/wp-json\/wp\/v2\/comments?post=62232"}],"version-history":[{"count":11,"href":"https:\/\/www.reichelt.com\/magazin\/fr\/wp-json\/wp\/v2\/posts\/62232\/revisions"}],"predecessor-version":[{"id":88910,"href":"https:\/\/www.reichelt.com\/magazin\/fr\/wp-json\/wp\/v2\/posts\/62232\/revisions\/88910"}],"wp:featuredmedia":[{"embeddable":true,"href":"https:\/\/www.reichelt.com\/magazin\/fr\/wp-json\/wp\/v2\/media\/88904"}],"wp:attachment":[{"href":"https:\/\/www.reichelt.com\/magazin\/fr\/wp-json\/wp\/v2\/media?parent=62232"}],"wp:term":[{"taxonomy":"category","embeddable":true,"href":"https:\/\/www.reichelt.com\/magazin\/fr\/wp-json\/wp\/v2\/categories?post=62232"},{"taxonomy":"post_tag","embeddable":true,"href":"https:\/\/www.reichelt.com\/magazin\/fr\/wp-json\/wp\/v2\/tags?post=62232"}],"curies":[{"name":"wp","href":"https:\/\/api.w.org\/{rel}","templated":true}]}}