{"id":51659,"date":"2022-04-21T08:00:00","date_gmt":"2022-04-21T06:00:00","guid":{"rendered":"https:\/\/magazinnew.reichelt.de\/magazin\/?p=51659"},"modified":"2025-07-01T13:27:10","modified_gmt":"2025-07-01T11:27:10","slug":"casques-pour-enfants","status":"publish","type":"post","link":"https:\/\/www.reichelt.com\/magazin\/fr\/conseils\/casques-pour-enfants\/","title":{"rendered":"Casques d&#8217;\u00e9coute pour enfants  : pourquoi les oreilles des enfants ont besoin d&#8217;une protection particuli\u00e8re"},"content":{"rendered":"\n<p>Les casques d&#8217;\u00e9coute pour enfants sont bien plus que des versions plus petites et plus color\u00e9es des casques pour adultes. Leur fonction principale est de prot\u00e9ger l&#8217;ou\u00efe encore sensible des enfants contre une exposition \u00e0 des bruits excessifs et de pr\u00e9venir ainsi les l\u00e9sions auditives. Que ce soit pour les cours par correspondance ou la musique de leur smartphone, les enfants entendent de plus en plus de bruits et \u00e9coutent de plus en plus de musique via leurs casque d&#8217;\u00e9ctoute. Des \u00e9couteurs s\u00fbrs pour enfants sont donc un investissement important pour les parents, tout comme pour les \u00e9coles ou les cr\u00e8ches, afin de prot\u00e9ger la capacit\u00e9 auditive des enfants.<\/p>\n\n\n\n<h2 class=\"wp-block-heading\">Les bruits forts \u00e9mis par les \u00e9couteurs nuisent \u00e0 l&#8217;audition des enfants.<\/h2>\n\n\n\n<p>L&#8217;ou\u00efe des enfants est sensible et peut \u00eatre endommag\u00e9e de mani\u00e8re permanente en cas d&#8217;exposition excessive \u00e0 des bruits forts ou \u00e0 de la musique forte. Les probl\u00e8mes auditifs chez les enfants ne doivent pas \u00eatre sous-estim\u00e9s. Elles peuvent entraver le d\u00e9veloppement et la capacit\u00e9 d&#8217;apprentissage \u00e0 un \u00e2ge crucial et m\u00eame entra\u00eener des troubles du langage, de la lecture et m\u00eame de la parole.<\/p>\n\n\n\n<h3 class=\"wp-block-heading\">Les \u00e9couteurs : un danger souvent sous-estim\u00e9<\/h3>\n\n\n\n<p>Mais quel est le r\u00f4le des \u00e9couteurs dans ce contexte ? L&#8217;\u00e9tude a \u00e9galement pu fournir des informations \u00e0 ce sujet. Elle montre une corr\u00e9lation entre l&#8217;\u00e9coute de musique forte avec des \u00e9couteurs et les l\u00e9sions auditives. Ainsi, le risque de perte auditive \u00e0 haute fr\u00e9quence est presque trois fois plus \u00e9lev\u00e9 lorsqu&#8217;un enfant utilise des \u00e9couteurs. M\u00eame s&#8217;il n&#8217;y a encore aucune preuve d\u00e9finitive de causalit\u00e9, ce lien \u00e9vident est une raison suffisante pour que les parents, les \u00e9ducateurs ou les enseignants s&#8217;informent pr\u00e9cis\u00e9ment sur le sujet. Ils peuvent ainsi prot\u00e9ger les enfants d&#8217;une exposition excessive au bruit via des \u00e9couteurs et d&#8217;\u00e9ventuelles cons\u00e9quences graves. Souvent, les enfants ne sont pas encore en mesure d&#8217;\u00e9valuer correctement le volume sonore des \u00e9couteurs. <\/p>\n\n\n\n<p>Il arrive aussi souvent qu&#8217;ils augmentent trop le volume parce qu&#8217;ils ont du mal \u00e0 suivre ce qui se dit. Cela peut \u00eatre le cas lorsque la qualit\u00e9 audio n&#8217;est pas irr\u00e9prochable. Cela peut notamment \u00eatre le cas lors d&#8217;un enseignement \u00e0 distance. Les parents ou les enseignants ne peuvent pas toujours contr\u00f4ler le volume r\u00e9gl\u00e9. Un casques d&#8217;\u00e9coute pour enfants, con\u00e7u pour l&#8217;ou\u00efe plus sensible des enfants, enl\u00e8ve ce souci aux parents et aux \u00e9ducateurs.<\/p>\n\n\n\n<h3 class=\"wp-block-heading\">Exposition au bruit<\/h3>\n\n\n\n<p>Selon une r\u00e9glementation de la Commission europ\u00e9enne, tous les lecteurs de musique personnels ne doivent pas d\u00e9passer le volume maximal de 85 dB. Les utilisateurs ont toutefois toujours la possibilit\u00e9 d&#8217;augmenter manuellement le volume jusqu&#8217;\u00e0 100 dB. \n<\/p>\n\n\n\n<p>Or, on sous-estime souvent le niveau sonore des sons sup\u00e9rieurs \u00e0 85 dB. Vous trouverez ici un aper\u00e7u qui vous donnera quelques valeurs de comparaison :<\/p>\n\n\n\n<table id=\"tablepress-105\" class=\"tablepress tablepress-id-105\">\n<thead>\n<tr class=\"row-1\">\n\t<th class=\"column-1\">D\u00e9cibels<\/th><th class=\"column-2\">Bruits<\/th>\n<\/tr>\n<\/thead>\n<tbody class=\"row-striping row-hover\">\n<tr class=\"row-2\">\n\t<td class=\"column-1\">90<\/td><td class=\"column-2\">Tracteur, r\u00e9p\u00e9tition d'une fanfare dans la salle de classe<\/td>\n<\/tr>\n<tr class=\"row-3\">\n\t<td class=\"column-1\">95<\/td><td class=\"column-2\">Discoth\u00e8que, moteur de camion ou de moto<\/td>\n<\/tr>\n<tr class=\"row-4\">\n\t<td class=\"column-1\">100<\/td><td class=\"column-2\">Quai de m\u00e9tro aux heures de pointe<\/td>\n<\/tr>\n<tr class=\"row-5\">\n\t<td class=\"column-1\">105<\/td><td class=\"column-2\">Autoradio au volume maximum<\/td>\n<\/tr>\n<tr class=\"row-6\">\n\t<td class=\"column-1\">110<\/td><td class=\"column-2\">Concert de rock (volume moyen)<\/td>\n<\/tr>\n<tr class=\"row-7\">\n\t<td class=\"column-1\">115<\/td><td class=\"column-2\">tron\u00e7onneuse, sir\u00e8ne d'ambulance<\/td>\n<\/tr>\n<\/tbody>\n<\/table>\n<!-- #tablepress-105 from cache -->\n\n\n\n<p>Les volumes sonores jusqu&#8217;\u00e0 85 dB sont consid\u00e9r\u00e9s comme des sons faibles et sont class\u00e9s comme s\u00fbrs par l&#8217;OMS.\n<\/p>\n\n\n\n<h3 class=\"wp-block-heading\">Commet prot\u00e9ger les enfants ?<\/h3>\n\n\n\n<p>La m\u00e9thode la plus judicieuse et la plus s\u00fbre pour prot\u00e9ger l&#8217;ou\u00efe des enfants est de limiter le bruit. Une fois qu&#8217;une l\u00e9sion auditive s&#8217;est produite, elle est g\u00e9n\u00e9ralement irr\u00e9versible et ne peut \u00eatre gu\u00e9rie. C&#8217;est pourquoi les parents, les enseignants et les \u00e9ducateurs doivent prendre des mesures pr\u00e9ventives afin d&#8217;\u00e9viter tout dommage. La m\u00e9thode la plus simple consiste \u00e0 utiliser des \u00e9couteurs \u00e0 limitation de bruit.  Celle-ci devrait \u00eatre encore plus stricte que la directive europ\u00e9enne pour les casques d&#8217;enfants. De plus, ils ne devraient pouvoir \u00eatre contourn\u00e9s que sous la surveillance d&#8217;adultes.<\/p>\n\n\n\n<figure class=\"wp-block-image size-large\"><img decoding=\"async\" src=\"https:\/\/www.reichelt.com\/magazin\/wp-content\/uploads\/2022\/04\/ONANOFF_GALAXY_GR_ANW_01-1024x683.png\" alt=\"Casques pour enfants - facilitent l'apprentissage\" class=\"wp-image-51570\"\/><\/figure>\n\n\n\n<span data-view=\"article\" data-artid=\"311457\" data-lang=\"de\"><\/span>En outre, les enfants devraient toujours faire des pauses et \u00e9viter une sonorisation continue. Cela permet aux cils de l&#8217;oreille interne (ce sont des poils tr\u00e8s fins sur les cellules cili\u00e9es) de se r\u00e9tablir. S&#8217;ils sont soumis trop longtemps \u00e0 une exposition ininterrompue au bruit, ils se collent ou se cassent m\u00eame. <\/p>\n\n\n\n<h3 class=\"wp-block-heading\">Les casques d&#8217;\u00e9coute pour enfants Onanoff facilitent l&#8217;apprentissage<\/h3>\n\n\n\n<p>La marque <a href=\"https:\/\/www.reichelt.com\/fr\/fr\/index.html?ACTION=446&amp;LA=0&amp;nbc=1&amp;q=onanoff\" target=\"_blank\" rel=\"noreferrer noopener\">Onanoff<\/a> fabrique une large gamme casques d&#8217;\u00e9coute pour enfants dot\u00e9s de pr\u00e9cieuses fonctions de s\u00e9curit\u00e9. Les \u00e9couteurs disposent d&#8217;une limitation stricte \u00e0 85 dB.  <\/p>\n\n\n\n<p>Les mod\u00e8les tels que le ONA EXPLORE PI disposent de plusieurs modes diff\u00e9rents avec diff\u00e9rents volumes maximums. Un ToddlerMode sp\u00e9cialement con\u00e7u pour les jeunes enfants limite le volume maximal \u00e0 75 dB. Pour les voyages ou les situations o\u00f9 le niveau de bruit ext\u00e9rieur est \u00e9lev\u00e9, le TravelMode permet un r\u00e9glage maximal plus fort \u00e0 94 dB. Ce niveau ne peut toutefois \u00eatre r\u00e9gl\u00e9 que sous la surveillance des parents.<\/p>\n\n\n\n<p>Une particularit\u00e9 est en outre le StudyMode, con\u00e7u pour l&#8217;enseignement \u00e0 distance. Il s&#8217;agit d&#8217;une \u00e9galisation prot\u00e9g\u00e9e par le droit des marques qui permet de suivre plus facilement les contenus parl\u00e9s et de mieux les comprendre. Elle peut \u00eatre utilis\u00e9e pour les cours, les podcasts ou la participation \u00e0 l&#8217;enseignement \u00e0 distance.<\/p>\n\n\n\n<figure class=\"wp-block-image size-large\"><img fetchpriority=\"high\" decoding=\"async\" width=\"1024\" height=\"593\" src=\"https:\/\/www.reichelt.com\/magazin\/wp-content\/uploads\/2022\/04\/ONANOFF_SCHOOLP_PI_ANW_01-1024x593.png\" alt=\"Casques pour enfants - facilitent l'apprentissage\" class=\"wp-image-51605\" srcset=\"https:\/\/www.reichelt.com\/magazin\/wp-content\/uploads\/2022\/04\/ONANOFF_SCHOOLP_PI_ANW_01-1024x593.png 1024w, https:\/\/www.reichelt.com\/magazin\/wp-content\/uploads\/2022\/04\/ONANOFF_SCHOOLP_PI_ANW_01-300x174.png 300w, https:\/\/www.reichelt.com\/magazin\/wp-content\/uploads\/2022\/04\/ONANOFF_SCHOOLP_PI_ANW_01-768x445.png 768w, https:\/\/www.reichelt.com\/magazin\/wp-content\/uploads\/2022\/04\/ONANOFF_SCHOOLP_PI_ANW_01-1536x890.png 1536w, https:\/\/www.reichelt.com\/magazin\/wp-content\/uploads\/2022\/04\/ONANOFF_SCHOOLP_PI_ANW_01-2048x1186.png 2048w\" sizes=\"(max-width: 1024px) 100vw, 1024px\" \/><\/figure>\n\n\n\n<p>En outre, <a href=\"https:\/\/www.reichelt.com\/fr\/fr\/index.html?ACTION=446&amp;LA=0&amp;nbc=1&amp;q=onanoff\" target=\"_blank\" rel=\"noreferrer noopener\">Onanoff<\/a> veille \u00e0 ce que tous les casques d&#8217;\u00e9coute pour enfants soient utilis\u00e9s en toute s\u00e9curit\u00e9. Tous les plastiques et tissus utilis\u00e9s sont exempts de produits chimiques. Ils sont test\u00e9s dans le cadre de certifications strictes, habituelles sur le march\u00e9 des jouets. Bien entendu, les \u00e9couteurs sont con\u00e7us de mani\u00e8re \u00e0 r\u00e9sister \u00e0 l&#8217;utilisation parfois intensive des enfants et \u00e0 garantir leur long\u00e9vit\u00e9.<\/p>\n\n\n\n<h2 class=\"wp-block-heading\">Conclusion<\/h2>\n\n\n\n<p>La protection de l&#8217;ou\u00efe des enfants lors de l&#8217;utilisation d&#8217;\u00e9couteurs ne doit pas \u00eatre prise \u00e0 la l\u00e9g\u00e8re. En effet, les l\u00e9sions auditives subies peuvent avoir de graves cons\u00e9quences. Le conseil le plus important que les parents, les enseignants et les \u00e9ducateurs devraient suivre est de r\u00e9duire le volume et de faire des pauses r\u00e9guli\u00e8res. Des \u00e9couteurs sp\u00e9ciaux pour enfants, comme ceux d&#8217;<a href=\"https:\/\/www.reichelt.com\/fr\/fr\/index.html?ACTION=446&amp;LA=0&amp;nbc=1&amp;q=onanoff\" target=\"_blank\" rel=\"noreferrer noopener\">Onanoff<\/a>, garantissent une utilisation s\u00fbre pour les enfants. Ils permettent \u00e9galement aux parents de ne plus s&#8217;inqui\u00e9ter des l\u00e9sions auditives caus\u00e9es par les \u00e9couteurs.<\/p>\n\n\n\n<div style=\"height:13px\" aria-hidden=\"true\" class=\"wp-block-spacer\"><\/div>\n\n\n\n<p>Images : Onanoff<\/p>\n","protected":false},"excerpt":{"rendered":"<p>Les casques d&#8217;\u00e9coute pour enfants sont bien plus que des versions plus petites et plus color\u00e9es des casques pour adultes. Leur fonction principale est de prot\u00e9ger l&#8217;ou\u00efe encore sensible des enfants contre une exposition \u00e0 des bruits excessifs et de pr\u00e9venir ainsi les l\u00e9sions auditives. Que ce soit pour les cours par correspondance ou la [&hellip;]<\/p>\n","protected":false},"author":15,"featured_media":51613,"comment_status":"open","ping_status":"open","sticky":false,"template":"","format":"standard","meta":{"footnotes":""},"categories":[6044],"tags":[6700,6680,6681,6670,6682],"class_list":["post-51659","post","type-post","status-publish","format-standard","has-post-thumbnail","hentry","category-conseils","tag-casque-decoute","tag-casque-enfant","tag-casque-enfant-bluetooth","tag-onanoff","tag-test-casque-enfant"],"yoast_head":"<!-- This site is optimized with the Yoast SEO Premium plugin v27.4 (Yoast SEO v27.4) - https:\/\/yoast.com\/product\/yoast-seo-premium-wordpress\/ -->\n<title>Casques d&#039;\u00e9coute pour enfants - reichelt Magazin<\/title>\n<meta name=\"description\" content=\"Les casques d&#039;\u00e9coute pour enfants sont un investissement important pour prot\u00e9ger l&#039;ou\u00efe des enfants contre la pollution sonore.\" \/>\n<meta name=\"robots\" content=\"index, follow, max-snippet:-1, max-image-preview:large, max-video-preview:-1\" \/>\n<link rel=\"canonical\" href=\"https:\/\/www.reichelt.com\/magazin\/fr\/conseils\/casques-pour-enfants\/\" \/>\n<meta property=\"og:locale\" content=\"fr_FR\" \/>\n<meta property=\"og:type\" content=\"article\" \/>\n<meta property=\"og:title\" content=\"Casques d&#039;\u00e9coute pour enfants : pourquoi les oreilles des enfants ont besoin d&#039;une protection particuli\u00e8re\" \/>\n<meta property=\"og:description\" content=\"Les casques d&#039;\u00e9coute pour enfants sont un investissement important pour prot\u00e9ger l&#039;ou\u00efe des enfants contre la pollution sonore.\" \/>\n<meta property=\"og:url\" content=\"https:\/\/www.reichelt.com\/magazin\/fr\/conseils\/casques-pour-enfants\/\" \/>\n<meta property=\"og:site_name\" content=\"reichelt Magazin\" \/>\n<meta property=\"article:published_time\" content=\"2022-04-21T06:00:00+00:00\" \/>\n<meta property=\"article:modified_time\" content=\"2025-07-01T11:27:10+00:00\" \/>\n<meta property=\"og:image\" content=\"https:\/\/212.184.1.90\/magazin\/wp-content\/uploads\/2022\/04\/Titel-10.png\" \/>\n\t<meta property=\"og:image:width\" content=\"1350\" \/>\n\t<meta property=\"og:image:height\" content=\"400\" \/>\n\t<meta property=\"og:image:type\" content=\"image\/png\" \/>\n<meta name=\"author\" content=\"Eske Gobes\" \/>\n<meta name=\"twitter:card\" content=\"summary_large_image\" \/>\n<meta name=\"twitter:label1\" content=\"\u00c9crit par\" \/>\n\t<meta name=\"twitter:data1\" content=\"Eske Gobes\" \/>\n\t<meta name=\"twitter:label2\" content=\"Dur\u00e9e de lecture estim\u00e9e\" \/>\n\t<meta name=\"twitter:data2\" content=\"6 minutes\" \/>\n<script type=\"application\/ld+json\" class=\"yoast-schema-graph\">{\"@context\":\"https:\\\/\\\/schema.org\",\"@graph\":[{\"@type\":\"Article\",\"@id\":\"https:\\\/\\\/www.reichelt.com\\\/magazin\\\/fr\\\/conseils\\\/casques-pour-enfants\\\/#article\",\"isPartOf\":{\"@id\":\"https:\\\/\\\/www.reichelt.com\\\/magazin\\\/fr\\\/conseils\\\/casques-pour-enfants\\\/\"},\"author\":{\"name\":\"Eske Gobes\",\"@id\":\"https:\\\/\\\/www.reichelt.com\\\/magazin\\\/fr\\\/#\\\/schema\\\/person\\\/63b3238ea9ef412c7c0110e4abc9e8a3\"},\"headline\":\"Casques d&#8217;\u00e9coute pour enfants : pourquoi les oreilles des enfants ont besoin d&#8217;une protection particuli\u00e8re\",\"datePublished\":\"2022-04-21T06:00:00+00:00\",\"dateModified\":\"2025-07-01T11:27:10+00:00\",\"mainEntityOfPage\":{\"@id\":\"https:\\\/\\\/www.reichelt.com\\\/magazin\\\/fr\\\/conseils\\\/casques-pour-enfants\\\/\"},\"wordCount\":1070,\"commentCount\":0,\"publisher\":{\"@id\":\"https:\\\/\\\/www.reichelt.com\\\/magazin\\\/fr\\\/#organization\"},\"image\":{\"@id\":\"https:\\\/\\\/www.reichelt.com\\\/magazin\\\/fr\\\/conseils\\\/casques-pour-enfants\\\/#primaryimage\"},\"thumbnailUrl\":\"https:\\\/\\\/www.reichelt.com\\\/magazin\\\/wp-content\\\/uploads\\\/2022\\\/04\\\/Titel-10.png\",\"keywords\":[\"casque d&#039;\u00e9coute\",\"casque enfant\",\"casque enfant bluetooth\",\"onanoff\",\"test casque enfant\"],\"articleSection\":[\"Tutoriels\"],\"inLanguage\":\"fr-FR\",\"potentialAction\":[{\"@type\":\"CommentAction\",\"name\":\"Comment\",\"target\":[\"https:\\\/\\\/www.reichelt.com\\\/magazin\\\/fr\\\/conseils\\\/casques-pour-enfants\\\/#respond\"]}]},{\"@type\":\"WebPage\",\"@id\":\"https:\\\/\\\/www.reichelt.com\\\/magazin\\\/fr\\\/conseils\\\/casques-pour-enfants\\\/\",\"url\":\"https:\\\/\\\/www.reichelt.com\\\/magazin\\\/fr\\\/conseils\\\/casques-pour-enfants\\\/\",\"name\":\"Casques d'\u00e9coute pour enfants - reichelt Magazin\",\"isPartOf\":{\"@id\":\"https:\\\/\\\/www.reichelt.com\\\/magazin\\\/fr\\\/#website\"},\"primaryImageOfPage\":{\"@id\":\"https:\\\/\\\/www.reichelt.com\\\/magazin\\\/fr\\\/conseils\\\/casques-pour-enfants\\\/#primaryimage\"},\"image\":{\"@id\":\"https:\\\/\\\/www.reichelt.com\\\/magazin\\\/fr\\\/conseils\\\/casques-pour-enfants\\\/#primaryimage\"},\"thumbnailUrl\":\"https:\\\/\\\/www.reichelt.com\\\/magazin\\\/wp-content\\\/uploads\\\/2022\\\/04\\\/Titel-10.png\",\"datePublished\":\"2022-04-21T06:00:00+00:00\",\"dateModified\":\"2025-07-01T11:27:10+00:00\",\"description\":\"Les casques d'\u00e9coute pour enfants sont un investissement important pour prot\u00e9ger l'ou\u00efe des enfants contre la pollution sonore.\",\"breadcrumb\":{\"@id\":\"https:\\\/\\\/www.reichelt.com\\\/magazin\\\/fr\\\/conseils\\\/casques-pour-enfants\\\/#breadcrumb\"},\"inLanguage\":\"fr-FR\",\"potentialAction\":[{\"@type\":\"ReadAction\",\"target\":[\"https:\\\/\\\/www.reichelt.com\\\/magazin\\\/fr\\\/conseils\\\/casques-pour-enfants\\\/\"]}]},{\"@type\":\"ImageObject\",\"inLanguage\":\"fr-FR\",\"@id\":\"https:\\\/\\\/www.reichelt.com\\\/magazin\\\/fr\\\/conseils\\\/casques-pour-enfants\\\/#primaryimage\",\"url\":\"https:\\\/\\\/www.reichelt.com\\\/magazin\\\/wp-content\\\/uploads\\\/2022\\\/04\\\/Titel-10.png\",\"contentUrl\":\"https:\\\/\\\/www.reichelt.com\\\/magazin\\\/wp-content\\\/uploads\\\/2022\\\/04\\\/Titel-10.png\",\"width\":1350,\"height\":400,\"caption\":\"Casques pour enfants - pourquoi les oreilles des enfants ont besoin d'une protection particuli\u00e8re\"},{\"@type\":\"BreadcrumbList\",\"@id\":\"https:\\\/\\\/www.reichelt.com\\\/magazin\\\/fr\\\/conseils\\\/casques-pour-enfants\\\/#breadcrumb\",\"itemListElement\":[{\"@type\":\"ListItem\",\"position\":1,\"name\":\"Home\",\"item\":\"https:\\\/\\\/www.reichelt.com\\\/magazin\\\/fr\\\/\"},{\"@type\":\"ListItem\",\"position\":2,\"name\":\"Casques d&#8217;\u00e9coute pour enfants : pourquoi les oreilles des enfants ont besoin d&#8217;une protection particuli\u00e8re\"}]},{\"@type\":\"WebSite\",\"@id\":\"https:\\\/\\\/www.reichelt.com\\\/magazin\\\/fr\\\/#website\",\"url\":\"https:\\\/\\\/www.reichelt.com\\\/magazin\\\/fr\\\/\",\"name\":\"reichelt Magazin\",\"description\":\"Das Technik Magazin\",\"publisher\":{\"@id\":\"https:\\\/\\\/www.reichelt.com\\\/magazin\\\/fr\\\/#organization\"},\"potentialAction\":[{\"@type\":\"SearchAction\",\"target\":{\"@type\":\"EntryPoint\",\"urlTemplate\":\"https:\\\/\\\/www.reichelt.com\\\/magazin\\\/fr\\\/?s={search_term_string}\"},\"query-input\":{\"@type\":\"PropertyValueSpecification\",\"valueRequired\":true,\"valueName\":\"search_term_string\"}}],\"inLanguage\":\"fr-FR\"},{\"@type\":\"Organization\",\"@id\":\"https:\\\/\\\/www.reichelt.com\\\/magazin\\\/fr\\\/#organization\",\"name\":\"reichelt Magazin\",\"url\":\"https:\\\/\\\/www.reichelt.com\\\/magazin\\\/fr\\\/\",\"logo\":{\"@type\":\"ImageObject\",\"inLanguage\":\"fr-FR\",\"@id\":\"https:\\\/\\\/www.reichelt.com\\\/magazin\\\/fr\\\/#\\\/schema\\\/logo\\\/image\\\/\",\"url\":\"https:\\\/\\\/www.reichelt.com\\\/magazin\\\/wp-content\\\/uploads\\\/2021\\\/11\\\/reichelt_magazin_logo_de_nl-1.svg\",\"contentUrl\":\"https:\\\/\\\/www.reichelt.com\\\/magazin\\\/wp-content\\\/uploads\\\/2021\\\/11\\\/reichelt_magazin_logo_de_nl-1.svg\",\"width\":456,\"height\":149,\"caption\":\"reichelt Magazin\"},\"image\":{\"@id\":\"https:\\\/\\\/www.reichelt.com\\\/magazin\\\/fr\\\/#\\\/schema\\\/logo\\\/image\\\/\"}},{\"@type\":\"Person\",\"@id\":\"https:\\\/\\\/www.reichelt.com\\\/magazin\\\/fr\\\/#\\\/schema\\\/person\\\/63b3238ea9ef412c7c0110e4abc9e8a3\",\"name\":\"Eske Gobes\",\"sameAs\":[\"https:\\\/\\\/magazin.reichelt.de\\\/magazin\"]}]}<\/script>\n<!-- \/ Yoast SEO Premium plugin. -->","yoast_head_json":{"title":"Casques d'\u00e9coute pour enfants - reichelt Magazin","description":"Les casques d'\u00e9coute pour enfants sont un investissement important pour prot\u00e9ger l'ou\u00efe des enfants contre la pollution sonore.","robots":{"index":"index","follow":"follow","max-snippet":"max-snippet:-1","max-image-preview":"max-image-preview:large","max-video-preview":"max-video-preview:-1"},"canonical":"https:\/\/www.reichelt.com\/magazin\/fr\/conseils\/casques-pour-enfants\/","og_locale":"fr_FR","og_type":"article","og_title":"Casques d'\u00e9coute pour enfants : pourquoi les oreilles des enfants ont besoin d'une protection particuli\u00e8re","og_description":"Les casques d'\u00e9coute pour enfants sont un investissement important pour prot\u00e9ger l'ou\u00efe des enfants contre la pollution sonore.","og_url":"https:\/\/www.reichelt.com\/magazin\/fr\/conseils\/casques-pour-enfants\/","og_site_name":"reichelt Magazin","article_published_time":"2022-04-21T06:00:00+00:00","article_modified_time":"2025-07-01T11:27:10+00:00","og_image":[{"width":1350,"height":400,"url":"https:\/\/212.184.1.90\/magazin\/wp-content\/uploads\/2022\/04\/Titel-10.png","type":"image\/png"}],"author":"Eske Gobes","twitter_card":"summary_large_image","twitter_misc":{"\u00c9crit par":"Eske Gobes","Dur\u00e9e de lecture estim\u00e9e":"6 minutes"},"schema":{"@context":"https:\/\/schema.org","@graph":[{"@type":"Article","@id":"https:\/\/www.reichelt.com\/magazin\/fr\/conseils\/casques-pour-enfants\/#article","isPartOf":{"@id":"https:\/\/www.reichelt.com\/magazin\/fr\/conseils\/casques-pour-enfants\/"},"author":{"name":"Eske Gobes","@id":"https:\/\/www.reichelt.com\/magazin\/fr\/#\/schema\/person\/63b3238ea9ef412c7c0110e4abc9e8a3"},"headline":"Casques d&#8217;\u00e9coute pour enfants : pourquoi les oreilles des enfants ont besoin d&#8217;une protection particuli\u00e8re","datePublished":"2022-04-21T06:00:00+00:00","dateModified":"2025-07-01T11:27:10+00:00","mainEntityOfPage":{"@id":"https:\/\/www.reichelt.com\/magazin\/fr\/conseils\/casques-pour-enfants\/"},"wordCount":1070,"commentCount":0,"publisher":{"@id":"https:\/\/www.reichelt.com\/magazin\/fr\/#organization"},"image":{"@id":"https:\/\/www.reichelt.com\/magazin\/fr\/conseils\/casques-pour-enfants\/#primaryimage"},"thumbnailUrl":"https:\/\/www.reichelt.com\/magazin\/wp-content\/uploads\/2022\/04\/Titel-10.png","keywords":["casque d&#039;\u00e9coute","casque enfant","casque enfant bluetooth","onanoff","test casque enfant"],"articleSection":["Tutoriels"],"inLanguage":"fr-FR","potentialAction":[{"@type":"CommentAction","name":"Comment","target":["https:\/\/www.reichelt.com\/magazin\/fr\/conseils\/casques-pour-enfants\/#respond"]}]},{"@type":"WebPage","@id":"https:\/\/www.reichelt.com\/magazin\/fr\/conseils\/casques-pour-enfants\/","url":"https:\/\/www.reichelt.com\/magazin\/fr\/conseils\/casques-pour-enfants\/","name":"Casques d'\u00e9coute pour enfants - reichelt Magazin","isPartOf":{"@id":"https:\/\/www.reichelt.com\/magazin\/fr\/#website"},"primaryImageOfPage":{"@id":"https:\/\/www.reichelt.com\/magazin\/fr\/conseils\/casques-pour-enfants\/#primaryimage"},"image":{"@id":"https:\/\/www.reichelt.com\/magazin\/fr\/conseils\/casques-pour-enfants\/#primaryimage"},"thumbnailUrl":"https:\/\/www.reichelt.com\/magazin\/wp-content\/uploads\/2022\/04\/Titel-10.png","datePublished":"2022-04-21T06:00:00+00:00","dateModified":"2025-07-01T11:27:10+00:00","description":"Les casques d'\u00e9coute pour enfants sont un investissement important pour prot\u00e9ger l'ou\u00efe des enfants contre la pollution sonore.","breadcrumb":{"@id":"https:\/\/www.reichelt.com\/magazin\/fr\/conseils\/casques-pour-enfants\/#breadcrumb"},"inLanguage":"fr-FR","potentialAction":[{"@type":"ReadAction","target":["https:\/\/www.reichelt.com\/magazin\/fr\/conseils\/casques-pour-enfants\/"]}]},{"@type":"ImageObject","inLanguage":"fr-FR","@id":"https:\/\/www.reichelt.com\/magazin\/fr\/conseils\/casques-pour-enfants\/#primaryimage","url":"https:\/\/www.reichelt.com\/magazin\/wp-content\/uploads\/2022\/04\/Titel-10.png","contentUrl":"https:\/\/www.reichelt.com\/magazin\/wp-content\/uploads\/2022\/04\/Titel-10.png","width":1350,"height":400,"caption":"Casques pour enfants - pourquoi les oreilles des enfants ont besoin d'une protection particuli\u00e8re"},{"@type":"BreadcrumbList","@id":"https:\/\/www.reichelt.com\/magazin\/fr\/conseils\/casques-pour-enfants\/#breadcrumb","itemListElement":[{"@type":"ListItem","position":1,"name":"Home","item":"https:\/\/www.reichelt.com\/magazin\/fr\/"},{"@type":"ListItem","position":2,"name":"Casques d&#8217;\u00e9coute pour enfants : pourquoi les oreilles des enfants ont besoin d&#8217;une protection particuli\u00e8re"}]},{"@type":"WebSite","@id":"https:\/\/www.reichelt.com\/magazin\/fr\/#website","url":"https:\/\/www.reichelt.com\/magazin\/fr\/","name":"reichelt Magazin","description":"Das Technik Magazin","publisher":{"@id":"https:\/\/www.reichelt.com\/magazin\/fr\/#organization"},"potentialAction":[{"@type":"SearchAction","target":{"@type":"EntryPoint","urlTemplate":"https:\/\/www.reichelt.com\/magazin\/fr\/?s={search_term_string}"},"query-input":{"@type":"PropertyValueSpecification","valueRequired":true,"valueName":"search_term_string"}}],"inLanguage":"fr-FR"},{"@type":"Organization","@id":"https:\/\/www.reichelt.com\/magazin\/fr\/#organization","name":"reichelt Magazin","url":"https:\/\/www.reichelt.com\/magazin\/fr\/","logo":{"@type":"ImageObject","inLanguage":"fr-FR","@id":"https:\/\/www.reichelt.com\/magazin\/fr\/#\/schema\/logo\/image\/","url":"https:\/\/www.reichelt.com\/magazin\/wp-content\/uploads\/2021\/11\/reichelt_magazin_logo_de_nl-1.svg","contentUrl":"https:\/\/www.reichelt.com\/magazin\/wp-content\/uploads\/2021\/11\/reichelt_magazin_logo_de_nl-1.svg","width":456,"height":149,"caption":"reichelt Magazin"},"image":{"@id":"https:\/\/www.reichelt.com\/magazin\/fr\/#\/schema\/logo\/image\/"}},{"@type":"Person","@id":"https:\/\/www.reichelt.com\/magazin\/fr\/#\/schema\/person\/63b3238ea9ef412c7c0110e4abc9e8a3","name":"Eske Gobes","sameAs":["https:\/\/magazin.reichelt.de\/magazin"]}]}},"_links":{"self":[{"href":"https:\/\/www.reichelt.com\/magazin\/fr\/wp-json\/wp\/v2\/posts\/51659","targetHints":{"allow":["GET"]}}],"collection":[{"href":"https:\/\/www.reichelt.com\/magazin\/fr\/wp-json\/wp\/v2\/posts"}],"about":[{"href":"https:\/\/www.reichelt.com\/magazin\/fr\/wp-json\/wp\/v2\/types\/post"}],"author":[{"embeddable":true,"href":"https:\/\/www.reichelt.com\/magazin\/fr\/wp-json\/wp\/v2\/users\/15"}],"replies":[{"embeddable":true,"href":"https:\/\/www.reichelt.com\/magazin\/fr\/wp-json\/wp\/v2\/comments?post=51659"}],"version-history":[{"count":15,"href":"https:\/\/www.reichelt.com\/magazin\/fr\/wp-json\/wp\/v2\/posts\/51659\/revisions"}],"predecessor-version":[{"id":107757,"href":"https:\/\/www.reichelt.com\/magazin\/fr\/wp-json\/wp\/v2\/posts\/51659\/revisions\/107757"}],"wp:featuredmedia":[{"embeddable":true,"href":"https:\/\/www.reichelt.com\/magazin\/fr\/wp-json\/wp\/v2\/media\/51613"}],"wp:attachment":[{"href":"https:\/\/www.reichelt.com\/magazin\/fr\/wp-json\/wp\/v2\/media?parent=51659"}],"wp:term":[{"taxonomy":"category","embeddable":true,"href":"https:\/\/www.reichelt.com\/magazin\/fr\/wp-json\/wp\/v2\/categories?post=51659"},{"taxonomy":"post_tag","embeddable":true,"href":"https:\/\/www.reichelt.com\/magazin\/fr\/wp-json\/wp\/v2\/tags?post=51659"}],"curies":[{"name":"wp","href":"https:\/\/api.w.org\/{rel}","templated":true}]}}