{"id":49656,"date":"2022-03-14T08:00:00","date_gmt":"2022-03-14T07:00:00","guid":{"rendered":"https:\/\/magazinnew.reichelt.de\/magazin\/?p=49656"},"modified":"2022-10-10T13:44:23","modified_gmt":"2022-10-10T11:44:23","slug":"les-problemes-de-livraison-favorisent-lautonomie","status":"publish","type":"post","link":"https:\/\/www.reichelt.com\/magazin\/fr\/infographies\/les-problemes-de-livraison-favorisent-lautonomie\/","title":{"rendered":"82% des entreprises fran\u00e7aises sont fortement impact\u00e9es par la p\u00e9nurie de mat\u00e9riaux selon une enqu\u00eate reichelt elektronik"},"content":{"rendered":"\n<p class=\"has-text-align-center\"><em>La situation s\u2019est d\u00e9grad\u00e9e ces derniers six mois selon les entreprises fran\u00e7aisesPlus de la moiti\u00e9 (51%) d\u2019entre elles consid\u00e8rent la p\u00e9nurie de ressources comme un risque important, contre 35% en juin 2021\r\n<\/em><\/p>\n\n\n\n<p><strong>Paris, le 17 f\u00e9vrier 2022<\/strong> \u2013 En quelques mois, la situation s\u2019est d\u00e9grad\u00e9e pour les entreprises fran\u00e7aises sur le plan logistique. La derni\u00e8re \u00e9tude de reichelt elektronik d\u00e9di\u00e9e aux probl\u00e9matiques de la cha\u00eene d&#8217;approvisionnement en France confirme cette rapide d\u00e9t\u00e9rioration. Si en juin 2021, pr\u00e8s de 58 % des personnes interrog\u00e9es \u00e9taient encore optimistes quant \u00e0 une am\u00e9lioration dans les douze prochains mois, selon l&#8217;\u00e9tude 2022 seules 48 % sont encore confiantes dans l&#8217;avenir.<\/p>\n\n\n\n<h2 class=\"wp-block-heading\">La strat\u00e9gie du juste-\u00e0-temps limit\u00e9e<\/h2>\n\n\n\n<p>82 % des personnes interrog\u00e9es d\u00e9clarent que les goulets d\u2019\u00e9tranglement en mati\u00e8re d\u2019approvisionnement ont eu un fort impact sur leur entreprise au cours de l\u2019ann\u00e9e \u00e9coul\u00e9e, incluant des arr\u00eats complets de production. <\/p>\n\n\n\n<figure class=\"wp-block-image alignleft size-large\"><a href=\"https:\/\/www.reichelt.com\/magazin\/wp-content\/uploads\/2022\/03\/FR_B2B-Umfrage_Just-in-Time-SMC_Infographic_final.png\"><img fetchpriority=\"high\" decoding=\"async\" width=\"1024\" height=\"724\" src=\"https:\/\/www.reichelt.com\/magazin\/wp-content\/uploads\/2022\/03\/FR_B2B-Umfrage_Just-in-Time-SMC_Infographic_final-1024x724.png\" alt=\"82 % des entreprises industrielles fran\u00e7aises sont confront\u00e9es \u00e0 des limites en raison de goulets d'\u00e9tranglement dans leur cha\u00eene d'approvisionnement.\" class=\"wp-image-49643\" srcset=\"https:\/\/www.reichelt.com\/magazin\/wp-content\/uploads\/2022\/03\/FR_B2B-Umfrage_Just-in-Time-SMC_Infographic_final-1024x724.png 1024w, https:\/\/www.reichelt.com\/magazin\/wp-content\/uploads\/2022\/03\/FR_B2B-Umfrage_Just-in-Time-SMC_Infographic_final-300x212.png 300w, https:\/\/www.reichelt.com\/magazin\/wp-content\/uploads\/2022\/03\/FR_B2B-Umfrage_Just-in-Time-SMC_Infographic_final-768x543.png 768w, https:\/\/www.reichelt.com\/magazin\/wp-content\/uploads\/2022\/03\/FR_B2B-Umfrage_Just-in-Time-SMC_Infographic_final-1536x1086.png 1536w, https:\/\/www.reichelt.com\/magazin\/wp-content\/uploads\/2022\/03\/FR_B2B-Umfrage_Just-in-Time-SMC_Infographic_final-2048x1448.png 2048w\" sizes=\"(max-width: 1024px) 100vw, 1024px\" \/><\/a><figcaption><em>82 % des entreprises industrielles fran\u00e7aises sont confront\u00e9es \u00e0 des limites en raison de goulets d&#8217;\u00e9tranglement dans leur cha\u00eene d&#8217;approvisionnement.<\/em><\/figcaption><\/figure>\n\n\n\n<p>Si les entreprises fran\u00e7aises ont constat\u00e9 une l\u00e9g\u00e8re am\u00e9lioration des arr\u00eats de production, 32 jours contre 35 en moyenne en juin 2021, ces derni\u00e8res comptent n\u00e9anmoins repenser leur strat\u00e9gie du \u00ab juste-\u00e0-temps \u00bb. Alors que ce principe \u00e9tait encore r\u00e9pandu par le pass\u00e9, pour r\u00e9duire les stocks au minimum, celui-ci semble \u00e0 pr\u00e9sent d\u00e9pass\u00e9 en cas de probl\u00e8mes de livraison.<\/p>\n\n\n\n<p>Pour \u00e9chapper \u00e0 ce dilemme, les entreprises maintiennent une strat\u00e9gie d\u2019augmentation des stocks : 46 % des personnes interrog\u00e9es confirment poursuivre cette strat\u00e9gie, dans la continuit\u00e9 de juin 2021 (43 %). Toutefois, la situation tendue du march\u00e9 et la volatilit\u00e9 des cha\u00eenes d&#8217;approvisionnement posent probl\u00e8me aux entreprises pour obtenir des stocks &#8211; dans l&#8217;ensemble, 87 % d&#8217;entre elles ont du mal \u00e0 accumuler du stock pour certains composants ou mat\u00e9riaux.<\/p>\n\n\n\n<h3 class=\"wp-block-heading\"><strong>La production locale est-elle la solution ?<\/strong><\/h3>\n\n\n\n<p>La p\u00e9nurie de ressources \u00e9tait d\u00e9j\u00e0 un probl\u00e8me en juin 2021 (35 %), mais la situation s&#8217;est aggrav\u00e9e en quelques mois : 51% la consid\u00e8rent aujourd\u2019hui comme un risque important pour leur propre entreprise. <\/p>\n\n\n\n<p>La plus grande inqui\u00e9tude des entreprises fran\u00e7aises est l\u2019augmentation du prix de l\u2019\u00e9nergie (56 %), suivi par l\u2019augmentation du prix des composants les plus n\u00e9cessaires en raison de l&#8217;instabilit\u00e9 des cha\u00eenes d&#8217;approvisionnement (55 %). L\u2019inflation (51 %) repr\u00e9sente un point de tension pour les entreprises, qui craignent \u00e9galement des goulots d&#8217;\u00e9tranglement dans l&#8217;approvisionnement de composants critiques tels que la micro\u00e9lectronique (49 %). La p\u00e9nurie de travailleurs qualifi\u00e9s, autrefois tr\u00e8s pr\u00e9sente, se maintient \u00e0 46 %, mais n&#8217;est plus la principale pr\u00e9occupation des organisations.   <\/p>\n\n\n\n<p>Pour contrer ces probl\u00e9matiques, 36 % des entreprises d\u00e9clarent fabriquer \u00e0 nouveau elles-m\u00eames certains produits achet\u00e9s pr\u00e9c\u00e9demment, et 35 % envisagent de recommencer \u00e0 produire certains produits localement. Pr\u00e8s d\u2019un tiers (29 %) d\u00e9clarent en revanche n&#8217;avoir encore d\u00e9fini aucun projet \u00e0  ce stade. <\/p>\n\n\n\n<h3 class=\"wp-block-heading\">Quel avenir pour la logistique au sein des entreprises ?<\/h3>\n\n\n\n<p>Avec toutes ces alternatives innovantes, la question reste de savoir si les changements se poursuivront apr\u00e8s la pand\u00e9mie. 53 % pensent que les entreprises reviendront au juste-\u00e0-temps une fois la crise pass\u00e9e \u2013 du moins pour la plupart des composants, et 29 % pensent que cela s\u2019appliquera pour l\u2019ensemble des composants. Cependant, 15 % affirment que le juste-\u00e0-temps appartient au pass\u00e9. La question qui se pose est de d\u00e9terminer si ces changements sont permanents ou s\u2019ils ne repr\u00e9sentent qu\u2019un rem\u00e8de temporaire pour combler la vuln\u00e9rabilit\u00e9 des entreprises, d\u00e9pendantes de leur cha\u00eene d\u2019approvisionnement.<\/p>\n\n\n\n<div style=\"height:62px\" aria-hidden=\"true\" class=\"wp-block-spacer\"><\/div>\n\n\n\n<h4 class=\"wp-block-heading\"><strong>*M\u00e9thodologie:<\/strong><\/h4>\n\n\n\n<p>Enqu\u00eate : les chiffres ont \u00e9t\u00e9 recueillis par l\u2019institut international de sondage OnePoll pour reichelt elektronik entre le 24\/01\/2022 \u2013 08\/02\/2022 sur un \u00e9chantillon repr\u00e9sentatif de 250 d\u00e9cideurs et responsables IT, et des acheteurs travaillant dans le secteur de la production industrielle.\r\n<\/p>\n\n\n\n<p>Bilder: reichelt elektronik, Adobe Stock<\/p>\n","protected":false},"excerpt":{"rendered":"<p>La situation s\u2019est d\u00e9grad\u00e9e ces derniers six mois selon les entreprises fran\u00e7aisesPlus de la moiti\u00e9 (51%) d\u2019entre elles consid\u00e8rent la p\u00e9nurie de ressources comme un risque important, contre 35% en juin 2021 Paris, le 17 f\u00e9vrier 2022 \u2013 En quelques mois, la situation s\u2019est d\u00e9grad\u00e9e pour les entreprises fran\u00e7aises sur le plan logistique. La derni\u00e8re [&hellip;]<\/p>\n","protected":false},"author":9,"featured_media":49699,"comment_status":"open","ping_status":"open","sticky":false,"template":"","format":"standard","meta":{"footnotes":""},"categories":[6047],"tags":[5249,6421,6420],"class_list":["post-49656","post","type-post","status-publish","format-standard","has-post-thumbnail","hentry","category-infographies","tag-crise","tag-penurie-dapprovisionnement","tag-penurie-mondiale-de-ressources"],"yoast_head":"<!-- This site is optimized with the Yoast SEO Premium plugin v27.4 (Yoast SEO v27.4) - https:\/\/yoast.com\/product\/yoast-seo-premium-wordpress\/ -->\n<title>Les probl\u00e8mes de livraison favorisent l&#039;autonomie - reichelt Magazin<\/title>\n<meta name=\"description\" content=\"Plus de la moiti\u00e9 (51%) des entreprises consid\u00e8rent la p\u00e9nurie de mat\u00e9riaux comme un risque important, contre 35% en juin 2021\" \/>\n<meta name=\"robots\" content=\"index, follow, max-snippet:-1, max-image-preview:large, max-video-preview:-1\" \/>\n<link rel=\"canonical\" href=\"https:\/\/www.reichelt.com\/magazin\/fr\/infographies\/les-problemes-de-livraison-favorisent-lautonomie\/\" \/>\n<meta property=\"og:locale\" content=\"fr_FR\" \/>\n<meta property=\"og:type\" content=\"article\" \/>\n<meta property=\"og:title\" content=\"82% des entreprises fran\u00e7aises sont fortement impact\u00e9es par la p\u00e9nurie de mat\u00e9riaux selon une enqu\u00eate reichelt elektronik\" \/>\n<meta property=\"og:description\" content=\"Plus de la moiti\u00e9 (51%) des entreprises consid\u00e8rent la p\u00e9nurie de mat\u00e9riaux comme un risque important, contre 35% en juin 2021\" \/>\n<meta property=\"og:url\" content=\"https:\/\/www.reichelt.com\/magazin\/fr\/infographies\/les-problemes-de-livraison-favorisent-lautonomie\/\" \/>\n<meta property=\"og:site_name\" content=\"reichelt Magazin\" \/>\n<meta property=\"article:published_time\" content=\"2022-03-14T07:00:00+00:00\" \/>\n<meta property=\"article:modified_time\" content=\"2022-10-10T11:44:23+00:00\" \/>\n<meta property=\"og:image\" content=\"https:\/\/212.184.1.90\/magazin\/wp-content\/uploads\/2022\/03\/Titel_neu.png\" \/>\n\t<meta property=\"og:image:width\" content=\"1350\" \/>\n\t<meta property=\"og:image:height\" content=\"400\" \/>\n\t<meta property=\"og:image:type\" content=\"image\/png\" \/>\n<meta name=\"author\" content=\"fionawarrings\" \/>\n<meta name=\"twitter:card\" content=\"summary_large_image\" \/>\n<meta name=\"twitter:label1\" content=\"\u00c9crit par\" \/>\n\t<meta name=\"twitter:data1\" content=\"fionawarrings\" \/>\n\t<meta name=\"twitter:label2\" content=\"Dur\u00e9e de lecture estim\u00e9e\" \/>\n\t<meta name=\"twitter:data2\" content=\"4 minutes\" \/>\n<script type=\"application\/ld+json\" class=\"yoast-schema-graph\">{\"@context\":\"https:\\\/\\\/schema.org\",\"@graph\":[{\"@type\":\"Article\",\"@id\":\"https:\\\/\\\/www.reichelt.com\\\/magazin\\\/fr\\\/infographies\\\/les-problemes-de-livraison-favorisent-lautonomie\\\/#article\",\"isPartOf\":{\"@id\":\"https:\\\/\\\/www.reichelt.com\\\/magazin\\\/fr\\\/infographies\\\/les-problemes-de-livraison-favorisent-lautonomie\\\/\"},\"author\":{\"name\":\"fionawarrings\",\"@id\":\"https:\\\/\\\/www.reichelt.com\\\/magazin\\\/fr\\\/#\\\/schema\\\/person\\\/48115bd3962634519d2014332322ff34\"},\"headline\":\"82% des entreprises fran\u00e7aises sont fortement impact\u00e9es par la p\u00e9nurie de mat\u00e9riaux selon une enqu\u00eate reichelt elektronik\",\"datePublished\":\"2022-03-14T07:00:00+00:00\",\"dateModified\":\"2022-10-10T11:44:23+00:00\",\"mainEntityOfPage\":{\"@id\":\"https:\\\/\\\/www.reichelt.com\\\/magazin\\\/fr\\\/infographies\\\/les-problemes-de-livraison-favorisent-lautonomie\\\/\"},\"wordCount\":684,\"commentCount\":0,\"publisher\":{\"@id\":\"https:\\\/\\\/www.reichelt.com\\\/magazin\\\/fr\\\/#organization\"},\"image\":{\"@id\":\"https:\\\/\\\/www.reichelt.com\\\/magazin\\\/fr\\\/infographies\\\/les-problemes-de-livraison-favorisent-lautonomie\\\/#primaryimage\"},\"thumbnailUrl\":\"https:\\\/\\\/www.reichelt.com\\\/magazin\\\/wp-content\\\/uploads\\\/2022\\\/03\\\/Titel_neu.png\",\"keywords\":[\"Crise\",\"p\u00e9nurie d&#039;approvisionnement\",\"p\u00e9nurie mondiale de ressources\"],\"articleSection\":[\"\u00c9tudes\"],\"inLanguage\":\"fr-FR\",\"potentialAction\":[{\"@type\":\"CommentAction\",\"name\":\"Comment\",\"target\":[\"https:\\\/\\\/www.reichelt.com\\\/magazin\\\/fr\\\/infographies\\\/les-problemes-de-livraison-favorisent-lautonomie\\\/#respond\"]}]},{\"@type\":\"WebPage\",\"@id\":\"https:\\\/\\\/www.reichelt.com\\\/magazin\\\/fr\\\/infographies\\\/les-problemes-de-livraison-favorisent-lautonomie\\\/\",\"url\":\"https:\\\/\\\/www.reichelt.com\\\/magazin\\\/fr\\\/infographies\\\/les-problemes-de-livraison-favorisent-lautonomie\\\/\",\"name\":\"Les probl\u00e8mes de livraison favorisent l'autonomie - reichelt Magazin\",\"isPartOf\":{\"@id\":\"https:\\\/\\\/www.reichelt.com\\\/magazin\\\/fr\\\/#website\"},\"primaryImageOfPage\":{\"@id\":\"https:\\\/\\\/www.reichelt.com\\\/magazin\\\/fr\\\/infographies\\\/les-problemes-de-livraison-favorisent-lautonomie\\\/#primaryimage\"},\"image\":{\"@id\":\"https:\\\/\\\/www.reichelt.com\\\/magazin\\\/fr\\\/infographies\\\/les-problemes-de-livraison-favorisent-lautonomie\\\/#primaryimage\"},\"thumbnailUrl\":\"https:\\\/\\\/www.reichelt.com\\\/magazin\\\/wp-content\\\/uploads\\\/2022\\\/03\\\/Titel_neu.png\",\"datePublished\":\"2022-03-14T07:00:00+00:00\",\"dateModified\":\"2022-10-10T11:44:23+00:00\",\"description\":\"Plus de la moiti\u00e9 (51%) des entreprises consid\u00e8rent la p\u00e9nurie de mat\u00e9riaux comme un risque important, contre 35% en juin 2021\",\"breadcrumb\":{\"@id\":\"https:\\\/\\\/www.reichelt.com\\\/magazin\\\/fr\\\/infographies\\\/les-problemes-de-livraison-favorisent-lautonomie\\\/#breadcrumb\"},\"inLanguage\":\"fr-FR\",\"potentialAction\":[{\"@type\":\"ReadAction\",\"target\":[\"https:\\\/\\\/www.reichelt.com\\\/magazin\\\/fr\\\/infographies\\\/les-problemes-de-livraison-favorisent-lautonomie\\\/\"]}]},{\"@type\":\"ImageObject\",\"inLanguage\":\"fr-FR\",\"@id\":\"https:\\\/\\\/www.reichelt.com\\\/magazin\\\/fr\\\/infographies\\\/les-problemes-de-livraison-favorisent-lautonomie\\\/#primaryimage\",\"url\":\"https:\\\/\\\/www.reichelt.com\\\/magazin\\\/wp-content\\\/uploads\\\/2022\\\/03\\\/Titel_neu.png\",\"contentUrl\":\"https:\\\/\\\/www.reichelt.com\\\/magazin\\\/wp-content\\\/uploads\\\/2022\\\/03\\\/Titel_neu.png\",\"width\":1350,\"height\":400,\"caption\":\"81 Prozent der deutschen Industrieunternehmen stossen durch Lieferengp\u00e4sse an ihre Grenzen\"},{\"@type\":\"BreadcrumbList\",\"@id\":\"https:\\\/\\\/www.reichelt.com\\\/magazin\\\/fr\\\/infographies\\\/les-problemes-de-livraison-favorisent-lautonomie\\\/#breadcrumb\",\"itemListElement\":[{\"@type\":\"ListItem\",\"position\":1,\"name\":\"Home\",\"item\":\"https:\\\/\\\/www.reichelt.com\\\/magazin\\\/fr\\\/\"},{\"@type\":\"ListItem\",\"position\":2,\"name\":\"82% des entreprises fran\u00e7aises sont fortement impact\u00e9es par la p\u00e9nurie de mat\u00e9riaux selon une enqu\u00eate reichelt elektronik\"}]},{\"@type\":\"WebSite\",\"@id\":\"https:\\\/\\\/www.reichelt.com\\\/magazin\\\/fr\\\/#website\",\"url\":\"https:\\\/\\\/www.reichelt.com\\\/magazin\\\/fr\\\/\",\"name\":\"reichelt Magazin\",\"description\":\"Das Technik Magazin\",\"publisher\":{\"@id\":\"https:\\\/\\\/www.reichelt.com\\\/magazin\\\/fr\\\/#organization\"},\"potentialAction\":[{\"@type\":\"SearchAction\",\"target\":{\"@type\":\"EntryPoint\",\"urlTemplate\":\"https:\\\/\\\/www.reichelt.com\\\/magazin\\\/fr\\\/?s={search_term_string}\"},\"query-input\":{\"@type\":\"PropertyValueSpecification\",\"valueRequired\":true,\"valueName\":\"search_term_string\"}}],\"inLanguage\":\"fr-FR\"},{\"@type\":\"Organization\",\"@id\":\"https:\\\/\\\/www.reichelt.com\\\/magazin\\\/fr\\\/#organization\",\"name\":\"reichelt Magazin\",\"url\":\"https:\\\/\\\/www.reichelt.com\\\/magazin\\\/fr\\\/\",\"logo\":{\"@type\":\"ImageObject\",\"inLanguage\":\"fr-FR\",\"@id\":\"https:\\\/\\\/www.reichelt.com\\\/magazin\\\/fr\\\/#\\\/schema\\\/logo\\\/image\\\/\",\"url\":\"https:\\\/\\\/www.reichelt.com\\\/magazin\\\/wp-content\\\/uploads\\\/2021\\\/11\\\/reichelt_magazin_logo_de_nl-1.svg\",\"contentUrl\":\"https:\\\/\\\/www.reichelt.com\\\/magazin\\\/wp-content\\\/uploads\\\/2021\\\/11\\\/reichelt_magazin_logo_de_nl-1.svg\",\"width\":456,\"height\":149,\"caption\":\"reichelt Magazin\"},\"image\":{\"@id\":\"https:\\\/\\\/www.reichelt.com\\\/magazin\\\/fr\\\/#\\\/schema\\\/logo\\\/image\\\/\"}},{\"@type\":\"Person\",\"@id\":\"https:\\\/\\\/www.reichelt.com\\\/magazin\\\/fr\\\/#\\\/schema\\\/person\\\/48115bd3962634519d2014332322ff34\",\"name\":\"fionawarrings\"}]}<\/script>\n<!-- \/ Yoast SEO Premium plugin. -->","yoast_head_json":{"title":"Les probl\u00e8mes de livraison favorisent l'autonomie - reichelt Magazin","description":"Plus de la moiti\u00e9 (51%) des entreprises consid\u00e8rent la p\u00e9nurie de mat\u00e9riaux comme un risque important, contre 35% en juin 2021","robots":{"index":"index","follow":"follow","max-snippet":"max-snippet:-1","max-image-preview":"max-image-preview:large","max-video-preview":"max-video-preview:-1"},"canonical":"https:\/\/www.reichelt.com\/magazin\/fr\/infographies\/les-problemes-de-livraison-favorisent-lautonomie\/","og_locale":"fr_FR","og_type":"article","og_title":"82% des entreprises fran\u00e7aises sont fortement impact\u00e9es par la p\u00e9nurie de mat\u00e9riaux selon une enqu\u00eate reichelt elektronik","og_description":"Plus de la moiti\u00e9 (51%) des entreprises consid\u00e8rent la p\u00e9nurie de mat\u00e9riaux comme un risque important, contre 35% en juin 2021","og_url":"https:\/\/www.reichelt.com\/magazin\/fr\/infographies\/les-problemes-de-livraison-favorisent-lautonomie\/","og_site_name":"reichelt Magazin","article_published_time":"2022-03-14T07:00:00+00:00","article_modified_time":"2022-10-10T11:44:23+00:00","og_image":[{"width":1350,"height":400,"url":"https:\/\/212.184.1.90\/magazin\/wp-content\/uploads\/2022\/03\/Titel_neu.png","type":"image\/png"}],"author":"fionawarrings","twitter_card":"summary_large_image","twitter_misc":{"\u00c9crit par":"fionawarrings","Dur\u00e9e de lecture estim\u00e9e":"4 minutes"},"schema":{"@context":"https:\/\/schema.org","@graph":[{"@type":"Article","@id":"https:\/\/www.reichelt.com\/magazin\/fr\/infographies\/les-problemes-de-livraison-favorisent-lautonomie\/#article","isPartOf":{"@id":"https:\/\/www.reichelt.com\/magazin\/fr\/infographies\/les-problemes-de-livraison-favorisent-lautonomie\/"},"author":{"name":"fionawarrings","@id":"https:\/\/www.reichelt.com\/magazin\/fr\/#\/schema\/person\/48115bd3962634519d2014332322ff34"},"headline":"82% des entreprises fran\u00e7aises sont fortement impact\u00e9es par la p\u00e9nurie de mat\u00e9riaux selon une enqu\u00eate reichelt elektronik","datePublished":"2022-03-14T07:00:00+00:00","dateModified":"2022-10-10T11:44:23+00:00","mainEntityOfPage":{"@id":"https:\/\/www.reichelt.com\/magazin\/fr\/infographies\/les-problemes-de-livraison-favorisent-lautonomie\/"},"wordCount":684,"commentCount":0,"publisher":{"@id":"https:\/\/www.reichelt.com\/magazin\/fr\/#organization"},"image":{"@id":"https:\/\/www.reichelt.com\/magazin\/fr\/infographies\/les-problemes-de-livraison-favorisent-lautonomie\/#primaryimage"},"thumbnailUrl":"https:\/\/www.reichelt.com\/magazin\/wp-content\/uploads\/2022\/03\/Titel_neu.png","keywords":["Crise","p\u00e9nurie d&#039;approvisionnement","p\u00e9nurie mondiale de ressources"],"articleSection":["\u00c9tudes"],"inLanguage":"fr-FR","potentialAction":[{"@type":"CommentAction","name":"Comment","target":["https:\/\/www.reichelt.com\/magazin\/fr\/infographies\/les-problemes-de-livraison-favorisent-lautonomie\/#respond"]}]},{"@type":"WebPage","@id":"https:\/\/www.reichelt.com\/magazin\/fr\/infographies\/les-problemes-de-livraison-favorisent-lautonomie\/","url":"https:\/\/www.reichelt.com\/magazin\/fr\/infographies\/les-problemes-de-livraison-favorisent-lautonomie\/","name":"Les probl\u00e8mes de livraison favorisent l'autonomie - reichelt Magazin","isPartOf":{"@id":"https:\/\/www.reichelt.com\/magazin\/fr\/#website"},"primaryImageOfPage":{"@id":"https:\/\/www.reichelt.com\/magazin\/fr\/infographies\/les-problemes-de-livraison-favorisent-lautonomie\/#primaryimage"},"image":{"@id":"https:\/\/www.reichelt.com\/magazin\/fr\/infographies\/les-problemes-de-livraison-favorisent-lautonomie\/#primaryimage"},"thumbnailUrl":"https:\/\/www.reichelt.com\/magazin\/wp-content\/uploads\/2022\/03\/Titel_neu.png","datePublished":"2022-03-14T07:00:00+00:00","dateModified":"2022-10-10T11:44:23+00:00","description":"Plus de la moiti\u00e9 (51%) des entreprises consid\u00e8rent la p\u00e9nurie de mat\u00e9riaux comme un risque important, contre 35% en juin 2021","breadcrumb":{"@id":"https:\/\/www.reichelt.com\/magazin\/fr\/infographies\/les-problemes-de-livraison-favorisent-lautonomie\/#breadcrumb"},"inLanguage":"fr-FR","potentialAction":[{"@type":"ReadAction","target":["https:\/\/www.reichelt.com\/magazin\/fr\/infographies\/les-problemes-de-livraison-favorisent-lautonomie\/"]}]},{"@type":"ImageObject","inLanguage":"fr-FR","@id":"https:\/\/www.reichelt.com\/magazin\/fr\/infographies\/les-problemes-de-livraison-favorisent-lautonomie\/#primaryimage","url":"https:\/\/www.reichelt.com\/magazin\/wp-content\/uploads\/2022\/03\/Titel_neu.png","contentUrl":"https:\/\/www.reichelt.com\/magazin\/wp-content\/uploads\/2022\/03\/Titel_neu.png","width":1350,"height":400,"caption":"81 Prozent der deutschen Industrieunternehmen stossen durch Lieferengp\u00e4sse an ihre Grenzen"},{"@type":"BreadcrumbList","@id":"https:\/\/www.reichelt.com\/magazin\/fr\/infographies\/les-problemes-de-livraison-favorisent-lautonomie\/#breadcrumb","itemListElement":[{"@type":"ListItem","position":1,"name":"Home","item":"https:\/\/www.reichelt.com\/magazin\/fr\/"},{"@type":"ListItem","position":2,"name":"82% des entreprises fran\u00e7aises sont fortement impact\u00e9es par la p\u00e9nurie de mat\u00e9riaux selon une enqu\u00eate reichelt elektronik"}]},{"@type":"WebSite","@id":"https:\/\/www.reichelt.com\/magazin\/fr\/#website","url":"https:\/\/www.reichelt.com\/magazin\/fr\/","name":"reichelt Magazin","description":"Das Technik Magazin","publisher":{"@id":"https:\/\/www.reichelt.com\/magazin\/fr\/#organization"},"potentialAction":[{"@type":"SearchAction","target":{"@type":"EntryPoint","urlTemplate":"https:\/\/www.reichelt.com\/magazin\/fr\/?s={search_term_string}"},"query-input":{"@type":"PropertyValueSpecification","valueRequired":true,"valueName":"search_term_string"}}],"inLanguage":"fr-FR"},{"@type":"Organization","@id":"https:\/\/www.reichelt.com\/magazin\/fr\/#organization","name":"reichelt Magazin","url":"https:\/\/www.reichelt.com\/magazin\/fr\/","logo":{"@type":"ImageObject","inLanguage":"fr-FR","@id":"https:\/\/www.reichelt.com\/magazin\/fr\/#\/schema\/logo\/image\/","url":"https:\/\/www.reichelt.com\/magazin\/wp-content\/uploads\/2021\/11\/reichelt_magazin_logo_de_nl-1.svg","contentUrl":"https:\/\/www.reichelt.com\/magazin\/wp-content\/uploads\/2021\/11\/reichelt_magazin_logo_de_nl-1.svg","width":456,"height":149,"caption":"reichelt Magazin"},"image":{"@id":"https:\/\/www.reichelt.com\/magazin\/fr\/#\/schema\/logo\/image\/"}},{"@type":"Person","@id":"https:\/\/www.reichelt.com\/magazin\/fr\/#\/schema\/person\/48115bd3962634519d2014332322ff34","name":"fionawarrings"}]}},"_links":{"self":[{"href":"https:\/\/www.reichelt.com\/magazin\/fr\/wp-json\/wp\/v2\/posts\/49656","targetHints":{"allow":["GET"]}}],"collection":[{"href":"https:\/\/www.reichelt.com\/magazin\/fr\/wp-json\/wp\/v2\/posts"}],"about":[{"href":"https:\/\/www.reichelt.com\/magazin\/fr\/wp-json\/wp\/v2\/types\/post"}],"author":[{"embeddable":true,"href":"https:\/\/www.reichelt.com\/magazin\/fr\/wp-json\/wp\/v2\/users\/9"}],"replies":[{"embeddable":true,"href":"https:\/\/www.reichelt.com\/magazin\/fr\/wp-json\/wp\/v2\/comments?post=49656"}],"version-history":[{"count":12,"href":"https:\/\/www.reichelt.com\/magazin\/fr\/wp-json\/wp\/v2\/posts\/49656\/revisions"}],"predecessor-version":[{"id":62120,"href":"https:\/\/www.reichelt.com\/magazin\/fr\/wp-json\/wp\/v2\/posts\/49656\/revisions\/62120"}],"wp:featuredmedia":[{"embeddable":true,"href":"https:\/\/www.reichelt.com\/magazin\/fr\/wp-json\/wp\/v2\/media\/49699"}],"wp:attachment":[{"href":"https:\/\/www.reichelt.com\/magazin\/fr\/wp-json\/wp\/v2\/media?parent=49656"}],"wp:term":[{"taxonomy":"category","embeddable":true,"href":"https:\/\/www.reichelt.com\/magazin\/fr\/wp-json\/wp\/v2\/categories?post=49656"},{"taxonomy":"post_tag","embeddable":true,"href":"https:\/\/www.reichelt.com\/magazin\/fr\/wp-json\/wp\/v2\/tags?post=49656"}],"curies":[{"name":"wp","href":"https:\/\/api.w.org\/{rel}","templated":true}]}}