{"id":42552,"date":"2021-03-16T23:01:03","date_gmt":"2021-03-16T22:01:03","guid":{"rendered":"https:\/\/magazinnew.reichelt.de\/magazin\/non-classifiee\/faites-toute-la-lumiere-sur-lutilisation-des-projecteurs-infrarouges-et-eclairez-les-tenebres\/"},"modified":"2023-04-12T15:34:06","modified_gmt":"2023-04-12T13:34:06","slug":"faites-toute-la-lumiere-sur-l-utilisation-des-projecteurs-infrarouges","status":"publish","type":"post","link":"https:\/\/www.reichelt.com\/magazin\/fr\/conseils\/faites-toute-la-lumiere-sur-l-utilisation-des-projecteurs-infrarouges\/","title":{"rendered":"Faites toute la lumi\u00e8re sur l&#8217;utilisation des projecteurs infrarouges et \u00e9clairez les t\u00e9n\u00e8bres !"},"content":{"rendered":"\n<p>Les projecteurs infrarouges sont des outils pr\u00e9cieux pour am\u00e9liorer la qualit\u00e9 des enregistrements de vid\u00e9osurveillance la nuit. Dans ce guide, vous d\u00e9couvrirez comment \u00e9quiper les cam\u00e9ras de surveillance de projecteurs infrarouges suppl\u00e9mentaires et ce que vous devez savoir pour une utilisation correcte.<\/p>\n\n\n\n<h2 class=\"wp-block-heading\">Avantages des projecteurs infrarouges<\/h2>\n\n\n\n<p>Les enregistrements de nuit avec des cam\u00e9ras de surveillance num\u00e9riques n\u00e9cessitent g\u00e9n\u00e9ralement des sources de lumi\u00e8re externes. Alors que les projecteurs halog\u00e8nes \u00e9taient encore utilis\u00e9s \u00e0 l&#8217;av\u00e8nement de la technologie de vid\u00e9surveillance, leur utilisation est maintenant obsol\u00e8te \u00e0 cause de la pollution lumineuse nocturne engendr\u00e9e et les cons\u00e9quences pour le voisinage.   <\/p>\n\n\n\n<p>Au fil des ann\u00e9es, la technologie infrarouge s&#8217;est d\u00e9velopp\u00e9e de fa\u00e7on si ing\u00e9nieuse que de nos jours des LEDs infrarouges peuvent \u00eatre utilis\u00e9es pour \u00e9clairer la zone \u00e0 surveiller. Dans la gamme de longueurs d&#8217;onde de 850 nm, la lumi\u00e8re infrarouge pr\u00e9sente l&#8217;avantage de ne pas \u00eatre per\u00e7ue par l&#8217;\u0153il humain. Les cam\u00e9ras de surveillance modernes sont presque toutes \u00e9quip\u00e9es de leurs propres projecteurs infrarouges, mais ceux-ci n&#8217;offrent souvent que de performances limit\u00e9es. C&#8217;est pourquoi, il est judicieux d&#8217;\u00e9quiper vos cam\u00e9ras de puissants projecteurs infrarouges externes.<\/p>\n\n\n\n<h2 class=\"wp-block-heading\">Alimentation en \u00e9nergie des projecteurs infrarouges<\/h2>\n\n\n\n<p>Il existe plusieurs possbilit\u00e9s pour alimenter les projecteurs infrarouges en \u00e9nergie: avec Power over Ethernet (PoE) ou  batterie ou avec une alimentation secteur 230 V. Il est important de noter que contrairement \u00e0 leurs pr\u00e9d\u00e9cesseurs halog\u00e8nes, les projecteurs infrarouges sont peu \u00e9nergivores. <\/p>\n\n\n\n<p><strong>PoE <\/strong><br>Le projecteur est aliment\u00e9 en \u00e9nergie via le c\u00e2ble r\u00e9seau. Contrairement \u00e0 l&#8217;alimentation secteur 230 V normale, seuls des fils libres sont utilis\u00e9s dans le c\u00e2ble. Selon l&#8217;IEEE 802.3af, cela se permet jusqu&#8217;\u00e0 57 V avec une puissance maximale de 25,5 W &#8211; divis\u00e9e en cinq classes. \u00c0 l&#8217;inverse, cela signifie \u00e9galement que seuls les projecteurs \u00e0 faible puissance peuvent \u00eatre aliment\u00e9s via PoE.<\/p>\n\n\n\n<p><strong>Batterie<\/strong> <br>Si l&#8217;installation ne permet pas une alimentation filaire, l&#8217;alimentation en \u00e9nergie avec des batteries est le choix logique. Apr\u00e8s tout, gr\u00e2ce \u00e0 la technologie de batterie moderne, de longues dur\u00e9es de fonctionnement peuvent \u00eatre atteintes. N\u00e9anmoins, il ne faut pas ignorer que les piles finiront par \u00eatre \u00e9puis\u00e9es et devront \u00eatre remplac\u00e9es. Par cons\u00e9quent, le temps d&#8217;ex\u00e9cution restant doit \u00eatre r\u00e9guli\u00e8rement v\u00e9rifi\u00e9.<\/p>\n\n\n\n<p><strong>Alimentation secteur 230 V<\/strong> <br>En raison de la faible consommation d&#8217;\u00e9nergie, toutes les classes de puissance disponibles peuvent \u00eatre exploit\u00e9es de mani\u00e8re rentable avec une surveillance constante de l&#8217;alimentation en \u00e9nergie. Pour cette raison, l&#8217;alimentation secteur est dans la plupart des cas la source d&#8217;\u00e9nergie id\u00e9ale pour les projecteurs infrarouges.<\/p>\n\n\n\n<h2 class=\"wp-block-heading\">Choisir le projecteur infrarouge : quand l&#8217;investissement en vaut-il la peine?<\/h2>\n\n\n\n<span data-view=\"article\" data-artid=\"293555\" data-lang=\"de\"><\/span>Les deux domaines d&#8217;application les plus courants pour la vid\u00e9osurveillance avec des projecteurs infrarouges sont aujourd&#8217;hui la surveillance ext\u00e9rieure de son domicile et l&#8217;observation nocturnes  des animaux. Cependant, certains param\u00e8tres techniques doivent \u00eatre pris en compte pour faire le bon choix.<\/p>\n\n\n\n<p>Si le projecteur infrarouge est ionstall\u00e9 dehors, il doit \u00eatre r\u00e9sistant aux intemp\u00e9ries. Les projecteurs \u00e0 LED de Synergy (<a href=\"https:\/\/www.reichelt.com\/fr\/fr\/radiateur-infrarouges-60-4-w-culot-gx5-3-syn-led-tom00022-p293554.html?&amp;nbc=1\" target=\"_blank\" rel=\"noreferrer noopener\">SYN LED-TOM00022<\/a>, <a href=\"https:\/\/www.reichelt.com\/fr\/fr\/projecteur-ir-120-100-w-syn-led-tom01022-p293560.html?&amp;trstct=pol_2&amp;nbc=1\" target=\"_blank\" rel=\"noreferrer noopener\">SYN LED-TOM01022<\/a>, <a href=\"https:\/\/www.reichelt.com\/fr\/fr\/projecteur-ir-120-100-w-syn-led-tom01022-p293560.html?&amp;nbc=1\" target=\"_blank\" rel=\"noreferrer noopener\">SYN LED-TOM01022<\/a>, <a href=\"https:\/\/www.reichelt.com\/fr\/fr\/radiateur-infrarouges-120-20-w--syn-led-tom00210-p293555.html?&amp;trstct=pol_0&amp;nbc=1\" target=\"_blank\" rel=\"noreferrer noopener\">SYN LED-TOM00210<\/a>, <a href=\"https:\/\/www.reichelt.com\/fr\/fr\/radiateur-infrarouges-120-20-w--syn-led-tom00210-p293555.html?&amp;nbc=1\" target=\"_blank\" rel=\"noreferrer noopener\">SYN LED-TOM00210<\/a>) ont la classe de protection n\u00e9cessaire (IP65).<\/p>\n\n\n\n<p>De plus, il est important, avant l&#8217;installation de conna\u00eetre la tension et la puissance \u00e9lectrique n\u00e9cessaires et quel est l&#8217;angle de faisceau parfait. Si vous souhaitez \u00e9galement que le projecteur infrarouge ait une plus grande zone de d\u00e9tection, son support doit \u00eatre flexible. Enfin, la nature des objets \u00e9clair\u00e9s a une importance d\u00e9cisive : s&#8217;il y a des surfaces hautement r\u00e9fl\u00e9chissantes (verre, m\u00e9tal, etc.) dans la zone surveill\u00e9e, un rendement lumineux inf\u00e9rieur doit \u00eatre utilis\u00e9 pour emp\u00eacher la cam\u00e9ra de s&#8217;auto-\u00e9blouir. En revanche, le rendement lumineux doit \u00eatre augment\u00e9 s&#8217;il y a de nombreux objets sombres tels que des pelouses ou des arbres dans la zone surveill\u00e9e.\nAttention: une puissance \u00e9lectrique \u00e9lev\u00e9e n&#8217;entra\u00eene pas n\u00e9cessairement une puissance lumineuse \u00e9lev\u00e9e &#8211; les LEDs int\u00e9gr\u00e9es et la conception du projecteur ont \u00e9galement une influence sur la puissance. Sachez \u00e9galement que la technologie infrarouge ne cr\u00e9e que des images en noir et blanc. De plus, le projecteur doit fonctionner dans la m\u00eame plage d&#8217;ondes lumineuses que la cam\u00e9ra, principalement 850 nm.<\/p>\n\n\n\n<h3 class=\"wp-block-heading\">C&#8217;est ainsi que vous garantissez un fonctionnement \u00e9conome en \u00e9nergie<\/h3>\n\n\n\n<span data-view=\"article\" data-artid=\"120174\" data-lang=\"de\"><\/span> Afin de ne pas laisser le projecteur allum\u00e9 toute la nuit ou de devoir l&#8217;allumer chaque fois que la cam\u00e9ra est cens\u00e9e enregistrer quelque chose, cela vaut la peine de r\u00e9fl\u00e9chir \u00e0 l&#8217;installation d&#8217;un d\u00e9tecteur de mouvement (capteur PIR). Bien que les projecteurs infrarouges r\u00e9agissent un peu tardivement et que la cam\u00e9ra peut avoir d\u00e9j\u00e0 commenc\u00e9 \u00e0 enregistrer, le fonctionnement continu du projecteur peut \u00eatre \u00e9vit\u00e9 de cette fa\u00e7on. R\u00e9glez la cam\u00e9ra  photo sur plusieurs prises de vue au lieu du mode image unique et vous ne manquerez aucun mouvement. Si votre cam\u00e9ra dispose \u00e9galement d&#8217;une entr\u00e9e de commutation et que votre capteur PIR a deux contacts de commutation sans potentiel, vous pouvez connecter le d\u00e9tecteur au projecteur infrarouge ainsi qu&#8217;\u00e0 la cam\u00e9ra et ainsi allumer les deux en m\u00eame temps.<\/p>\n\n\n\n<h3 class=\"wp-block-heading\">Construction et mise en service du projecteur infrarouge<\/h3>\n\n\n\n<p>Si vous \u00e9quipez votre cam\u00e9ra de surveillance avec un projecteur infrarouge externe, veillez \u00e0 ne pas l&#8217;installer \u00e0 c\u00f4t\u00e9 ou en face de la cam\u00e9ra, mais dans l&#8217;axe vertical \u00e0 la cam\u00e9ra. Sinon, le projecteur pourrait aveugler la cam\u00e9ra et rendre les images m\u00e9connaissables.<\/p>\n\n\n\n<p>Une fois que vous avez r\u00e9gl\u00e9 la question de l&#8217;alimentation, vous devez \u00e9galement vous assurer que la cam\u00e9ra, le d\u00e9tecteurs PIR et le projecteur infrarouge sont r\u00e9gl\u00e9s sur la m\u00eame zone de d\u00e9tection et la m\u00eame sensibilit\u00e9 de r\u00e9ponse. Quelques clich\u00e9s tests sont souvent n\u00e9cessaires pour cela.<\/p>\n\n\n\n<p>Afin d&#8217;\u00e9viter que la cam\u00e9ra ne soit d\u00e9clench\u00e9e par chaque petit animal, des d\u00e9tecteurs PIR sp\u00e9ciaux sont n\u00e9cessaires. Cependant, si vous voulez voir tout ce qui se passe dans votre jardin la nuit, vous pouvez vous en passer.<\/p>\n\n\n\n<p>Il est \u00e9galement souvent conseill\u00e9 de prot\u00e9ger la cam\u00e9ra et les projecteurs des intemp\u00e9ries, tels que la lumi\u00e8re excessive du soleil et la pluie, en installant un petit toit au-dessus des appareils. Cependant, il faut tenir compte du fait que cette toiture ne doit pas interf\u00e9rer avec la zone de d\u00e9tection. De plus, de nombreux projecteurs infrarouges de haute qualit\u00e9 sont d\u00e9j\u00e0 \u00e9quip\u00e9s d&#8217;une protection contre les intemp\u00e9ries.<\/p>\n\n\n\n<p><strong>Attention:<\/strong> Pour des raisons l\u00e9gales, \u00e9vitez dans tous les cas de filmer des zones publiques, comme la rue ou bien des propri\u00e9t\u00e9s voisines. Seule votre propri\u00e9t\u00e9 peut \u00eatre vue.<\/p>\n\n\n\n<p>Une fois le projecteur infrarouge install\u00e9, vous constaterez rapidement que la qualit\u00e9 des images nocturnes s&#8217;am\u00e9liore de nette fa\u00e7on. Profitez de vos images.<\/p>\n\n\n\n<div style=\"height:100px\" class=\"wp-block-spacer\"><\/div>\n\n\n\n<p>Image : AdobeStock 76547686<\/p>\n","protected":false},"excerpt":{"rendered":"<p>Les projecteurs infrarouges sont des outils pr\u00e9cieux pour am\u00e9liorer la qualit\u00e9 des enregistrements de vid\u00e9osurveillance la nuit. Dans ce guide, vous d\u00e9couvrirez comment \u00e9quiper les cam\u00e9ras de surveillance de projecteurs infrarouges suppl\u00e9mentaires et ce que vous devez savoir pour une utilisation correcte. Avantages des projecteurs infrarouges Les enregistrements de nuit avec des cam\u00e9ras de surveillance [&hellip;]<\/p>\n","protected":false},"author":12,"featured_media":41051,"comment_status":"open","ping_status":"closed","sticky":false,"template":"","format":"standard","meta":{"footnotes":""},"categories":[6044],"tags":[5095,5096,5097,5098],"class_list":["post-42552","post","type-post","status-publish","format-standard","has-post-thumbnail","hentry","category-conseils","tag-eclairage-infrarouge","tag-emetteur-infrarouge","tag-emetteur-ir","tag-surveillance-des-batiments"],"yoast_head":"<!-- This site is optimized with the Yoast SEO Premium plugin v27.4 (Yoast SEO v27.4) - https:\/\/yoast.com\/product\/yoast-seo-premium-wordpress\/ -->\n<title>Faites toute la lumi\u00e8re sur l&#039;utilisation des projecteurs infrarouges et \u00e9clairez les t\u00e9n\u00e8bres ! - reichelt Magazin<\/title>\n<meta name=\"description\" content=\"Les projecteurs infrarouges sont des outils pr\u00e9cieux pour am\u00e9liorer la qualit\u00e9 des enregistrements de vid\u00e9osurveillance la nuit.\" \/>\n<meta name=\"robots\" content=\"index, follow, max-snippet:-1, max-image-preview:large, max-video-preview:-1\" \/>\n<link rel=\"canonical\" href=\"https:\/\/www.reichelt.com\/magazin\/fr\/conseils\/faites-toute-la-lumiere-sur-l-utilisation-des-projecteurs-infrarouges\/\" \/>\n<meta property=\"og:locale\" content=\"fr_FR\" \/>\n<meta property=\"og:type\" content=\"article\" \/>\n<meta property=\"og:title\" content=\"Faites toute la lumi\u00e8re sur l&#039;utilisation des projecteurs infrarouges et \u00e9clairez les t\u00e9n\u00e8bres !\" \/>\n<meta property=\"og:description\" content=\"Les projecteurs infrarouges sont des outils pr\u00e9cieux pour am\u00e9liorer la qualit\u00e9 des enregistrements de vid\u00e9osurveillance la nuit.\" \/>\n<meta property=\"og:url\" content=\"https:\/\/www.reichelt.com\/magazin\/fr\/conseils\/faites-toute-la-lumiere-sur-l-utilisation-des-projecteurs-infrarouges\/\" \/>\n<meta property=\"og:site_name\" content=\"reichelt Magazin\" \/>\n<meta property=\"article:published_time\" content=\"2021-03-16T22:01:03+00:00\" \/>\n<meta property=\"article:modified_time\" content=\"2023-04-12T13:34:06+00:00\" \/>\n<meta property=\"og:image\" content=\"https:\/\/212.184.1.90\/magazin\/wp-content\/uploads\/2021\/11\/Infrarot-Strahler_AS-76547686_V3.png\" \/>\n\t<meta property=\"og:image:width\" content=\"1500\" \/>\n\t<meta property=\"og:image:height\" content=\"986\" \/>\n\t<meta property=\"og:image:type\" content=\"image\/png\" \/>\n<meta name=\"author\" content=\"Nina Gleitsmann\" \/>\n<meta name=\"twitter:card\" content=\"summary_large_image\" \/>\n<meta name=\"twitter:label1\" content=\"\u00c9crit par\" \/>\n\t<meta name=\"twitter:data1\" content=\"Nina Gleitsmann\" \/>\n\t<meta name=\"twitter:label2\" content=\"Dur\u00e9e de lecture estim\u00e9e\" \/>\n\t<meta name=\"twitter:data2\" content=\"6 minutes\" \/>\n<script type=\"application\/ld+json\" class=\"yoast-schema-graph\">{\"@context\":\"https:\\\/\\\/schema.org\",\"@graph\":[{\"@type\":\"Article\",\"@id\":\"https:\\\/\\\/www.reichelt.com\\\/magazin\\\/fr\\\/conseils\\\/faites-toute-la-lumiere-sur-l-utilisation-des-projecteurs-infrarouges\\\/#article\",\"isPartOf\":{\"@id\":\"https:\\\/\\\/www.reichelt.com\\\/magazin\\\/fr\\\/conseils\\\/faites-toute-la-lumiere-sur-l-utilisation-des-projecteurs-infrarouges\\\/\"},\"author\":{\"name\":\"Nina Gleitsmann\",\"@id\":\"https:\\\/\\\/www.reichelt.com\\\/magazin\\\/fr\\\/#\\\/schema\\\/person\\\/2331346c76c37c916920f6588cc90456\"},\"headline\":\"Faites toute la lumi\u00e8re sur l&#8217;utilisation des projecteurs infrarouges et \u00e9clairez les t\u00e9n\u00e8bres !\",\"datePublished\":\"2021-03-16T22:01:03+00:00\",\"dateModified\":\"2023-04-12T13:34:06+00:00\",\"mainEntityOfPage\":{\"@id\":\"https:\\\/\\\/www.reichelt.com\\\/magazin\\\/fr\\\/conseils\\\/faites-toute-la-lumiere-sur-l-utilisation-des-projecteurs-infrarouges\\\/\"},\"wordCount\":1246,\"commentCount\":0,\"publisher\":{\"@id\":\"https:\\\/\\\/www.reichelt.com\\\/magazin\\\/fr\\\/#organization\"},\"image\":{\"@id\":\"https:\\\/\\\/www.reichelt.com\\\/magazin\\\/fr\\\/conseils\\\/faites-toute-la-lumiere-sur-l-utilisation-des-projecteurs-infrarouges\\\/#primaryimage\"},\"thumbnailUrl\":\"https:\\\/\\\/www.reichelt.com\\\/magazin\\\/wp-content\\\/uploads\\\/2021\\\/11\\\/Infrarot-Strahler_AS-76547686_V3.png\",\"keywords\":[\"\u00c9clairage infrarouge\",\"\u00c9metteur infrarouge\",\"\u00c9metteur IR\",\"Surveillance des b\u00e2timents\"],\"articleSection\":[\"Tutoriels\"],\"inLanguage\":\"fr-FR\",\"potentialAction\":[{\"@type\":\"CommentAction\",\"name\":\"Comment\",\"target\":[\"https:\\\/\\\/www.reichelt.com\\\/magazin\\\/fr\\\/conseils\\\/faites-toute-la-lumiere-sur-l-utilisation-des-projecteurs-infrarouges\\\/#respond\"]}]},{\"@type\":\"WebPage\",\"@id\":\"https:\\\/\\\/www.reichelt.com\\\/magazin\\\/fr\\\/conseils\\\/faites-toute-la-lumiere-sur-l-utilisation-des-projecteurs-infrarouges\\\/\",\"url\":\"https:\\\/\\\/www.reichelt.com\\\/magazin\\\/fr\\\/conseils\\\/faites-toute-la-lumiere-sur-l-utilisation-des-projecteurs-infrarouges\\\/\",\"name\":\"Faites toute la lumi\u00e8re sur l'utilisation des projecteurs infrarouges et \u00e9clairez les t\u00e9n\u00e8bres ! - reichelt Magazin\",\"isPartOf\":{\"@id\":\"https:\\\/\\\/www.reichelt.com\\\/magazin\\\/fr\\\/#website\"},\"primaryImageOfPage\":{\"@id\":\"https:\\\/\\\/www.reichelt.com\\\/magazin\\\/fr\\\/conseils\\\/faites-toute-la-lumiere-sur-l-utilisation-des-projecteurs-infrarouges\\\/#primaryimage\"},\"image\":{\"@id\":\"https:\\\/\\\/www.reichelt.com\\\/magazin\\\/fr\\\/conseils\\\/faites-toute-la-lumiere-sur-l-utilisation-des-projecteurs-infrarouges\\\/#primaryimage\"},\"thumbnailUrl\":\"https:\\\/\\\/www.reichelt.com\\\/magazin\\\/wp-content\\\/uploads\\\/2021\\\/11\\\/Infrarot-Strahler_AS-76547686_V3.png\",\"datePublished\":\"2021-03-16T22:01:03+00:00\",\"dateModified\":\"2023-04-12T13:34:06+00:00\",\"description\":\"Les projecteurs infrarouges sont des outils pr\u00e9cieux pour am\u00e9liorer la qualit\u00e9 des enregistrements de vid\u00e9osurveillance la nuit.\",\"breadcrumb\":{\"@id\":\"https:\\\/\\\/www.reichelt.com\\\/magazin\\\/fr\\\/conseils\\\/faites-toute-la-lumiere-sur-l-utilisation-des-projecteurs-infrarouges\\\/#breadcrumb\"},\"inLanguage\":\"fr-FR\",\"potentialAction\":[{\"@type\":\"ReadAction\",\"target\":[\"https:\\\/\\\/www.reichelt.com\\\/magazin\\\/fr\\\/conseils\\\/faites-toute-la-lumiere-sur-l-utilisation-des-projecteurs-infrarouges\\\/\"]}]},{\"@type\":\"ImageObject\",\"inLanguage\":\"fr-FR\",\"@id\":\"https:\\\/\\\/www.reichelt.com\\\/magazin\\\/fr\\\/conseils\\\/faites-toute-la-lumiere-sur-l-utilisation-des-projecteurs-infrarouges\\\/#primaryimage\",\"url\":\"https:\\\/\\\/www.reichelt.com\\\/magazin\\\/wp-content\\\/uploads\\\/2021\\\/11\\\/Infrarot-Strahler_AS-76547686_V3.png\",\"contentUrl\":\"https:\\\/\\\/www.reichelt.com\\\/magazin\\\/wp-content\\\/uploads\\\/2021\\\/11\\\/Infrarot-Strahler_AS-76547686_V3.png\",\"width\":1500,\"height\":986},{\"@type\":\"BreadcrumbList\",\"@id\":\"https:\\\/\\\/www.reichelt.com\\\/magazin\\\/fr\\\/conseils\\\/faites-toute-la-lumiere-sur-l-utilisation-des-projecteurs-infrarouges\\\/#breadcrumb\",\"itemListElement\":[{\"@type\":\"ListItem\",\"position\":1,\"name\":\"Home\",\"item\":\"https:\\\/\\\/www.reichelt.com\\\/magazin\\\/fr\\\/\"},{\"@type\":\"ListItem\",\"position\":2,\"name\":\"Faites toute la lumi\u00e8re sur l&#8217;utilisation des projecteurs infrarouges et \u00e9clairez les t\u00e9n\u00e8bres !\"}]},{\"@type\":\"WebSite\",\"@id\":\"https:\\\/\\\/www.reichelt.com\\\/magazin\\\/fr\\\/#website\",\"url\":\"https:\\\/\\\/www.reichelt.com\\\/magazin\\\/fr\\\/\",\"name\":\"reichelt Magazin\",\"description\":\"Das Technik Magazin\",\"publisher\":{\"@id\":\"https:\\\/\\\/www.reichelt.com\\\/magazin\\\/fr\\\/#organization\"},\"potentialAction\":[{\"@type\":\"SearchAction\",\"target\":{\"@type\":\"EntryPoint\",\"urlTemplate\":\"https:\\\/\\\/www.reichelt.com\\\/magazin\\\/fr\\\/?s={search_term_string}\"},\"query-input\":{\"@type\":\"PropertyValueSpecification\",\"valueRequired\":true,\"valueName\":\"search_term_string\"}}],\"inLanguage\":\"fr-FR\"},{\"@type\":\"Organization\",\"@id\":\"https:\\\/\\\/www.reichelt.com\\\/magazin\\\/fr\\\/#organization\",\"name\":\"reichelt Magazin\",\"url\":\"https:\\\/\\\/www.reichelt.com\\\/magazin\\\/fr\\\/\",\"logo\":{\"@type\":\"ImageObject\",\"inLanguage\":\"fr-FR\",\"@id\":\"https:\\\/\\\/www.reichelt.com\\\/magazin\\\/fr\\\/#\\\/schema\\\/logo\\\/image\\\/\",\"url\":\"https:\\\/\\\/www.reichelt.com\\\/magazin\\\/wp-content\\\/uploads\\\/2021\\\/11\\\/reichelt_magazin_logo_de_nl-1.svg\",\"contentUrl\":\"https:\\\/\\\/www.reichelt.com\\\/magazin\\\/wp-content\\\/uploads\\\/2021\\\/11\\\/reichelt_magazin_logo_de_nl-1.svg\",\"width\":456,\"height\":149,\"caption\":\"reichelt Magazin\"},\"image\":{\"@id\":\"https:\\\/\\\/www.reichelt.com\\\/magazin\\\/fr\\\/#\\\/schema\\\/logo\\\/image\\\/\"}},{\"@type\":\"Person\",\"@id\":\"https:\\\/\\\/www.reichelt.com\\\/magazin\\\/fr\\\/#\\\/schema\\\/person\\\/2331346c76c37c916920f6588cc90456\",\"name\":\"Nina Gleitsmann\"}]}<\/script>\n<!-- \/ Yoast SEO Premium plugin. -->","yoast_head_json":{"title":"Faites toute la lumi\u00e8re sur l'utilisation des projecteurs infrarouges et \u00e9clairez les t\u00e9n\u00e8bres ! - reichelt Magazin","description":"Les projecteurs infrarouges sont des outils pr\u00e9cieux pour am\u00e9liorer la qualit\u00e9 des enregistrements de vid\u00e9osurveillance la nuit.","robots":{"index":"index","follow":"follow","max-snippet":"max-snippet:-1","max-image-preview":"max-image-preview:large","max-video-preview":"max-video-preview:-1"},"canonical":"https:\/\/www.reichelt.com\/magazin\/fr\/conseils\/faites-toute-la-lumiere-sur-l-utilisation-des-projecteurs-infrarouges\/","og_locale":"fr_FR","og_type":"article","og_title":"Faites toute la lumi\u00e8re sur l'utilisation des projecteurs infrarouges et \u00e9clairez les t\u00e9n\u00e8bres !","og_description":"Les projecteurs infrarouges sont des outils pr\u00e9cieux pour am\u00e9liorer la qualit\u00e9 des enregistrements de vid\u00e9osurveillance la nuit.","og_url":"https:\/\/www.reichelt.com\/magazin\/fr\/conseils\/faites-toute-la-lumiere-sur-l-utilisation-des-projecteurs-infrarouges\/","og_site_name":"reichelt Magazin","article_published_time":"2021-03-16T22:01:03+00:00","article_modified_time":"2023-04-12T13:34:06+00:00","og_image":[{"width":1500,"height":986,"url":"https:\/\/212.184.1.90\/magazin\/wp-content\/uploads\/2021\/11\/Infrarot-Strahler_AS-76547686_V3.png","type":"image\/png"}],"author":"Nina Gleitsmann","twitter_card":"summary_large_image","twitter_misc":{"\u00c9crit par":"Nina Gleitsmann","Dur\u00e9e de lecture estim\u00e9e":"6 minutes"},"schema":{"@context":"https:\/\/schema.org","@graph":[{"@type":"Article","@id":"https:\/\/www.reichelt.com\/magazin\/fr\/conseils\/faites-toute-la-lumiere-sur-l-utilisation-des-projecteurs-infrarouges\/#article","isPartOf":{"@id":"https:\/\/www.reichelt.com\/magazin\/fr\/conseils\/faites-toute-la-lumiere-sur-l-utilisation-des-projecteurs-infrarouges\/"},"author":{"name":"Nina Gleitsmann","@id":"https:\/\/www.reichelt.com\/magazin\/fr\/#\/schema\/person\/2331346c76c37c916920f6588cc90456"},"headline":"Faites toute la lumi\u00e8re sur l&#8217;utilisation des projecteurs infrarouges et \u00e9clairez les t\u00e9n\u00e8bres !","datePublished":"2021-03-16T22:01:03+00:00","dateModified":"2023-04-12T13:34:06+00:00","mainEntityOfPage":{"@id":"https:\/\/www.reichelt.com\/magazin\/fr\/conseils\/faites-toute-la-lumiere-sur-l-utilisation-des-projecteurs-infrarouges\/"},"wordCount":1246,"commentCount":0,"publisher":{"@id":"https:\/\/www.reichelt.com\/magazin\/fr\/#organization"},"image":{"@id":"https:\/\/www.reichelt.com\/magazin\/fr\/conseils\/faites-toute-la-lumiere-sur-l-utilisation-des-projecteurs-infrarouges\/#primaryimage"},"thumbnailUrl":"https:\/\/www.reichelt.com\/magazin\/wp-content\/uploads\/2021\/11\/Infrarot-Strahler_AS-76547686_V3.png","keywords":["\u00c9clairage infrarouge","\u00c9metteur infrarouge","\u00c9metteur IR","Surveillance des b\u00e2timents"],"articleSection":["Tutoriels"],"inLanguage":"fr-FR","potentialAction":[{"@type":"CommentAction","name":"Comment","target":["https:\/\/www.reichelt.com\/magazin\/fr\/conseils\/faites-toute-la-lumiere-sur-l-utilisation-des-projecteurs-infrarouges\/#respond"]}]},{"@type":"WebPage","@id":"https:\/\/www.reichelt.com\/magazin\/fr\/conseils\/faites-toute-la-lumiere-sur-l-utilisation-des-projecteurs-infrarouges\/","url":"https:\/\/www.reichelt.com\/magazin\/fr\/conseils\/faites-toute-la-lumiere-sur-l-utilisation-des-projecteurs-infrarouges\/","name":"Faites toute la lumi\u00e8re sur l'utilisation des projecteurs infrarouges et \u00e9clairez les t\u00e9n\u00e8bres ! - reichelt Magazin","isPartOf":{"@id":"https:\/\/www.reichelt.com\/magazin\/fr\/#website"},"primaryImageOfPage":{"@id":"https:\/\/www.reichelt.com\/magazin\/fr\/conseils\/faites-toute-la-lumiere-sur-l-utilisation-des-projecteurs-infrarouges\/#primaryimage"},"image":{"@id":"https:\/\/www.reichelt.com\/magazin\/fr\/conseils\/faites-toute-la-lumiere-sur-l-utilisation-des-projecteurs-infrarouges\/#primaryimage"},"thumbnailUrl":"https:\/\/www.reichelt.com\/magazin\/wp-content\/uploads\/2021\/11\/Infrarot-Strahler_AS-76547686_V3.png","datePublished":"2021-03-16T22:01:03+00:00","dateModified":"2023-04-12T13:34:06+00:00","description":"Les projecteurs infrarouges sont des outils pr\u00e9cieux pour am\u00e9liorer la qualit\u00e9 des enregistrements de vid\u00e9osurveillance la nuit.","breadcrumb":{"@id":"https:\/\/www.reichelt.com\/magazin\/fr\/conseils\/faites-toute-la-lumiere-sur-l-utilisation-des-projecteurs-infrarouges\/#breadcrumb"},"inLanguage":"fr-FR","potentialAction":[{"@type":"ReadAction","target":["https:\/\/www.reichelt.com\/magazin\/fr\/conseils\/faites-toute-la-lumiere-sur-l-utilisation-des-projecteurs-infrarouges\/"]}]},{"@type":"ImageObject","inLanguage":"fr-FR","@id":"https:\/\/www.reichelt.com\/magazin\/fr\/conseils\/faites-toute-la-lumiere-sur-l-utilisation-des-projecteurs-infrarouges\/#primaryimage","url":"https:\/\/www.reichelt.com\/magazin\/wp-content\/uploads\/2021\/11\/Infrarot-Strahler_AS-76547686_V3.png","contentUrl":"https:\/\/www.reichelt.com\/magazin\/wp-content\/uploads\/2021\/11\/Infrarot-Strahler_AS-76547686_V3.png","width":1500,"height":986},{"@type":"BreadcrumbList","@id":"https:\/\/www.reichelt.com\/magazin\/fr\/conseils\/faites-toute-la-lumiere-sur-l-utilisation-des-projecteurs-infrarouges\/#breadcrumb","itemListElement":[{"@type":"ListItem","position":1,"name":"Home","item":"https:\/\/www.reichelt.com\/magazin\/fr\/"},{"@type":"ListItem","position":2,"name":"Faites toute la lumi\u00e8re sur l&#8217;utilisation des projecteurs infrarouges et \u00e9clairez les t\u00e9n\u00e8bres !"}]},{"@type":"WebSite","@id":"https:\/\/www.reichelt.com\/magazin\/fr\/#website","url":"https:\/\/www.reichelt.com\/magazin\/fr\/","name":"reichelt Magazin","description":"Das Technik Magazin","publisher":{"@id":"https:\/\/www.reichelt.com\/magazin\/fr\/#organization"},"potentialAction":[{"@type":"SearchAction","target":{"@type":"EntryPoint","urlTemplate":"https:\/\/www.reichelt.com\/magazin\/fr\/?s={search_term_string}"},"query-input":{"@type":"PropertyValueSpecification","valueRequired":true,"valueName":"search_term_string"}}],"inLanguage":"fr-FR"},{"@type":"Organization","@id":"https:\/\/www.reichelt.com\/magazin\/fr\/#organization","name":"reichelt Magazin","url":"https:\/\/www.reichelt.com\/magazin\/fr\/","logo":{"@type":"ImageObject","inLanguage":"fr-FR","@id":"https:\/\/www.reichelt.com\/magazin\/fr\/#\/schema\/logo\/image\/","url":"https:\/\/www.reichelt.com\/magazin\/wp-content\/uploads\/2021\/11\/reichelt_magazin_logo_de_nl-1.svg","contentUrl":"https:\/\/www.reichelt.com\/magazin\/wp-content\/uploads\/2021\/11\/reichelt_magazin_logo_de_nl-1.svg","width":456,"height":149,"caption":"reichelt Magazin"},"image":{"@id":"https:\/\/www.reichelt.com\/magazin\/fr\/#\/schema\/logo\/image\/"}},{"@type":"Person","@id":"https:\/\/www.reichelt.com\/magazin\/fr\/#\/schema\/person\/2331346c76c37c916920f6588cc90456","name":"Nina Gleitsmann"}]}},"_links":{"self":[{"href":"https:\/\/www.reichelt.com\/magazin\/fr\/wp-json\/wp\/v2\/posts\/42552","targetHints":{"allow":["GET"]}}],"collection":[{"href":"https:\/\/www.reichelt.com\/magazin\/fr\/wp-json\/wp\/v2\/posts"}],"about":[{"href":"https:\/\/www.reichelt.com\/magazin\/fr\/wp-json\/wp\/v2\/types\/post"}],"author":[{"embeddable":true,"href":"https:\/\/www.reichelt.com\/magazin\/fr\/wp-json\/wp\/v2\/users\/12"}],"replies":[{"embeddable":true,"href":"https:\/\/www.reichelt.com\/magazin\/fr\/wp-json\/wp\/v2\/comments?post=42552"}],"version-history":[{"count":5,"href":"https:\/\/www.reichelt.com\/magazin\/fr\/wp-json\/wp\/v2\/posts\/42552\/revisions"}],"predecessor-version":[{"id":75746,"href":"https:\/\/www.reichelt.com\/magazin\/fr\/wp-json\/wp\/v2\/posts\/42552\/revisions\/75746"}],"wp:featuredmedia":[{"embeddable":true,"href":"https:\/\/www.reichelt.com\/magazin\/fr\/wp-json\/wp\/v2\/media\/41051"}],"wp:attachment":[{"href":"https:\/\/www.reichelt.com\/magazin\/fr\/wp-json\/wp\/v2\/media?parent=42552"}],"wp:term":[{"taxonomy":"category","embeddable":true,"href":"https:\/\/www.reichelt.com\/magazin\/fr\/wp-json\/wp\/v2\/categories?post=42552"},{"taxonomy":"post_tag","embeddable":true,"href":"https:\/\/www.reichelt.com\/magazin\/fr\/wp-json\/wp\/v2\/tags?post=42552"}],"curies":[{"name":"wp","href":"https:\/\/api.w.org\/{rel}","templated":true}]}}