{"id":40649,"date":"2020-03-04T13:41:00","date_gmt":"2020-03-04T12:41:00","guid":{"rendered":"https:\/\/magazinnew.reichelt.de\/magazin\/non-classifiee\/internet-a-domicile-la-rapidite-de-la-connexion-reste-prioritaire-pour-75-des-francais-qui-comptent-sur-la-5g-pour-lameliorer\/"},"modified":"2022-11-08T14:35:50","modified_gmt":"2022-11-08T13:35:50","slug":"internet-domicile-la-rapidit-de-la-connexion-reste-prioritaire-pour-75-des-franais-qui-comptent-sur-la-5g-pour-lamliorer","status":"publish","type":"post","link":"https:\/\/www.reichelt.com\/magazin\/fr\/infographies\/internet-domicile-la-rapidit-de-la-connexion-reste-prioritaire-pour-75-des-franais-qui-comptent-sur-la-5g-pour-lamliorer\/","title":{"rendered":"Internet \u00e0 domicile : La rapidit\u00e9 de la connexion reste prioritaire pour 75% des Fran\u00e7ais qui comptent sur la 5G pour l\u2019am\u00e9liorer"},"content":{"rendered":"\n<p><em>Une r\u00e9cente \u00e9tude reichelt elektronik\/OnePoll\nd\u00e9montre que les probl\u00e8mes de connexion \u00e0 Internet ne sont pas encore tous r\u00e9solus\nen France <\/em><\/p>\n\n\n\n<p>75% des Fran\u00e7ais estiment que la vitesse de connexion Internet \u00e0 domicile est le crit\u00e8re le plus important selon une \u00e9tude OnePoll pour reichelt elektronik, l\u2019un des plus grands distributeurs en ligne d\u2019\u00e9lectronique en Europe. L\u2019arriv\u00e9e prochaine de la 5G est un espoir de voir cette connexion am\u00e9lior\u00e9e pour 57% des Fran\u00e7ais.<\/p>\n\n\n\n<p>Ce sondage, men\u00e9 aupr\u00e8s de 1000 r\u00e9pondants en France, s\u2019int\u00e9resse aux usages que font les Fran\u00e7ais d\u2019Internet, et \u00e0 leur exp\u00e9rience en termes d\u2019acc\u00e8s \u00e0 Internet. Les r\u00e9sultats d\u00e9montrent que m\u00eame si une grande majorit\u00e9 des r\u00e9pondants est enthousiaste vis-\u00e0-vis des promesses que font la 5G ou la fibre optique, la connexion Internet n\u2019est pas toujours un long fleuve tranquille. <\/p>\n\n\n\n<figure class=\"wp-block-image size-large\"><a href=\"https:\/\/www.reichelt.com\/magazin\/wp-content\/uploads\/2020\/03\/AllisonPartners_Reichelt-Umfrage_Internetnutzung_FR.png\"><img fetchpriority=\"high\" decoding=\"async\" width=\"1024\" height=\"724\" src=\"https:\/\/www.reichelt.com\/magazin\/wp-content\/uploads\/2020\/03\/AllisonPartners_Reichelt-Umfrage_Internetnutzung_FR-1024x724.png\" alt=\"\" class=\"wp-image-48988\" srcset=\"https:\/\/www.reichelt.com\/magazin\/wp-content\/uploads\/2020\/03\/AllisonPartners_Reichelt-Umfrage_Internetnutzung_FR-1024x724.png 1024w, https:\/\/www.reichelt.com\/magazin\/wp-content\/uploads\/2020\/03\/AllisonPartners_Reichelt-Umfrage_Internetnutzung_FR-300x212.png 300w, https:\/\/www.reichelt.com\/magazin\/wp-content\/uploads\/2020\/03\/AllisonPartners_Reichelt-Umfrage_Internetnutzung_FR-768x543.png 768w, https:\/\/www.reichelt.com\/magazin\/wp-content\/uploads\/2020\/03\/AllisonPartners_Reichelt-Umfrage_Internetnutzung_FR-1536x1086.png 1536w, https:\/\/www.reichelt.com\/magazin\/wp-content\/uploads\/2020\/03\/AllisonPartners_Reichelt-Umfrage_Internetnutzung_FR-2048x1448.png 2048w\" sizes=\"(max-width: 1024px) 100vw, 1024px\" \/><\/a><\/figure>\n\n\n\n<p>La vitesse de connexion reste le crit\u00e8re num\u00e9ro 1 pour les Fran\u00e7ais qui ne\nsouhaitent plus attendre pour acc\u00e9der \u00e0 une page Internet (\u00e0 75%). Vient\nensuite le rapport qualit\u00e9\/prix (65%), puis&nbsp;la stabilit\u00e9 de la connexion\nm\u00eame lorsque plusieurs utilisateurs surfent sur Internet (60%), et enfin la\ns\u00e9curit\u00e9 des donn\u00e9es personnelles (57%).<\/p>\n\n\n\n<p>Malgr\u00e9 ces exigences sur la rapidit\u00e9 de connexion et la qualit\u00e9 du service,\nles probl\u00e8mes persistent. Parmi les sympt\u00f4mes d\u2019une mauvaise connexion\nInternet&nbsp;: <\/p>\n\n\n\n<ul class=\"wp-block-list\"><li>Interruption partielle ou faiblesse de la\nconnexion (20%)<\/li><li>Pas ou peu de r\u00e9seau dans certaines pi\u00e8ces (12%)<\/li><li>Echecs de connexion fr\u00e9quents (10%)<\/li><li>Connexion r\u00e9duite ou coup\u00e9e lorsque plusieurs\npersonnes utilisent le r\u00e9seau (10%)<\/li><li>Signal faible ou absent dans la maison (7%)<\/li><\/ul>\n\n\n\n<h2 class=\"wp-block-heading\" id=\"5g-vdsl-et-fibre-optique-vont-pour-doper-leur-connexion\"><strong>5G, VDSL et fibre optique&nbsp;vont pour doper\nleur connexion<\/strong><\/h2>\n\n\n\n<p>Plus de la moiti\u00e9 des r\u00e9pondants (57%) s\u2019attendent \u00e0 ce que la vitesse de\nconnexion soit plus rapide gr\u00e2ce \u00e0 ces nouvelles technologies. 45% pensent qu\u2019elles\npermettront \u00e9galement une meilleure stabilit\u00e9 de la connexion, et 44%\ns\u2019attendent \u00e0 ce que le r\u00e9seau mobile soit stable partout. 22% des r\u00e9pondants\n\u00e9voquent aussi la possibilit\u00e9 d\u2019un Wi-Fi public national. <\/p>\n\n\n\n<h2 class=\"wp-block-heading\" id=\"repeteur-cpl-ou-mesh-des-recours-en-attendant-une-meilleure-connexion\"><strong>R\u00e9p\u00e9teur, CPL ou Mesh&nbsp;: des recours en\nattendant une meilleure connexion <\/strong><\/h2>\n\n\n\n<p>Pour pallier les faiblesses de connexion Internet, 20% des Fran\u00e7ais ont\nfait le choix d\u2019investir dans du mat\u00e9riel sp\u00e9cifique pour amplifier la\nconnexion. 61% d\u2019entre eux ont install\u00e9 un r\u00e9p\u00e9teur ou amplificateur, 41% se\nsont tourn\u00e9s vers les adaptateurs CPL, et 14% ont choisi le Wi-Fi Mesh (syst\u00e8me\nWi-Fi en maille).<\/p>\n\n\n\n<p>Mais l\u2019investissement dans du mat\u00e9riel pour am\u00e9liorer la connexion Internet\n\u00e0 domicile pourrait bien devenir un lointain souvenir. En effet, les Fran\u00e7ais\nmettent beaucoup d\u2019espoir dans l\u2019arriv\u00e9e de nouvelles technologies telles que\nla 5G, le VDSL et le d\u00e9ploiement g\u00e9n\u00e9ralis\u00e9 de la fibre optique.<\/p>\n\n\n\n<p>*M\u00e9thodologie&nbsp;:\n\nEtude quantitative r\u00e9alis\u00e9e par OnePoll, membre de\nl\u2019association ESOMAR, entre le 17 et le 23 d\u00e9cembre 2019 aupr\u00e8s de 1000\nparticipants de plus de 18 ans r\u00e9sidant en France.\n\n\n\n<\/p>\n","protected":false},"excerpt":{"rendered":"<p>Une r\u00e9cente \u00e9tude reichelt elektronik\/OnePoll d\u00e9montre que les probl\u00e8mes de connexion \u00e0 Internet ne sont pas encore tous r\u00e9solus en France 75% des Fran\u00e7ais estiment que la vitesse de connexion Internet \u00e0 domicile est le crit\u00e8re le plus important selon une \u00e9tude OnePoll pour reichelt elektronik, l\u2019un des plus grands distributeurs en ligne d\u2019\u00e9lectronique en [&hellip;]<\/p>\n","protected":false},"author":1,"featured_media":48996,"comment_status":"open","ping_status":"open","sticky":false,"template":"","format":"standard","meta":{"footnotes":""},"categories":[6047],"tags":[],"class_list":["post-40649","post","type-post","status-publish","format-standard","has-post-thumbnail","hentry","category-infographies"],"yoast_head":"<!-- This site is optimized with the Yoast SEO Premium plugin v27.4 (Yoast SEO v27.4) - https:\/\/yoast.com\/product\/yoast-seo-premium-wordpress\/ -->\n<title>Internet \u00e0 domicile : La rapidit\u00e9 de la connexion reste prioritaire pour 75% des Fran\u00e7ais qui comptent sur la 5G pour l\u2019am\u00e9liorer - reichelt Magazin<\/title>\n<meta name=\"robots\" content=\"index, follow, max-snippet:-1, max-image-preview:large, max-video-preview:-1\" \/>\n<link rel=\"canonical\" href=\"https:\/\/www.reichelt.com\/magazin\/fr\/infographies\/internet-domicile-la-rapidit-de-la-connexion-reste-prioritaire-pour-75-des-franais-qui-comptent-sur-la-5g-pour-lamliorer\/\" \/>\n<meta property=\"og:locale\" content=\"fr_FR\" \/>\n<meta property=\"og:type\" content=\"article\" \/>\n<meta property=\"og:title\" content=\"Internet \u00e0 domicile : La rapidit\u00e9 de la connexion reste prioritaire pour 75% des Fran\u00e7ais qui comptent sur la 5G pour l\u2019am\u00e9liorer\" \/>\n<meta property=\"og:description\" content=\"Une r\u00e9cente \u00e9tude reichelt elektronik\/OnePoll d\u00e9montre que les probl\u00e8mes de connexion \u00e0 Internet ne sont pas encore tous r\u00e9solus en France 75% des Fran\u00e7ais estiment que la vitesse de connexion Internet \u00e0 domicile est le crit\u00e8re le plus important selon une \u00e9tude OnePoll pour reichelt elektronik, l\u2019un des plus grands distributeurs en ligne d\u2019\u00e9lectronique en [&hellip;]\" \/>\n<meta property=\"og:url\" content=\"https:\/\/www.reichelt.com\/magazin\/fr\/infographies\/internet-domicile-la-rapidit-de-la-connexion-reste-prioritaire-pour-75-des-franais-qui-comptent-sur-la-5g-pour-lamliorer\/\" \/>\n<meta property=\"og:site_name\" content=\"reichelt Magazin\" \/>\n<meta property=\"article:published_time\" content=\"2020-03-04T12:41:00+00:00\" \/>\n<meta property=\"article:modified_time\" content=\"2022-11-08T13:35:50+00:00\" \/>\n<meta property=\"og:image\" content=\"https:\/\/www.reichelt.de\/magazin\/wp-content\/uploads\/2020\/03\/Titel_1350-400.png\" \/>\n\t<meta property=\"og:image:width\" content=\"1350\" \/>\n\t<meta property=\"og:image:height\" content=\"400\" \/>\n\t<meta property=\"og:image:type\" content=\"image\/png\" \/>\n<meta name=\"author\" content=\"admin\" \/>\n<meta name=\"twitter:card\" content=\"summary_large_image\" \/>\n<meta name=\"twitter:label1\" content=\"\u00c9crit par\" \/>\n\t<meta name=\"twitter:data1\" content=\"admin\" \/>\n\t<meta name=\"twitter:label2\" content=\"Dur\u00e9e de lecture estim\u00e9e\" \/>\n\t<meta name=\"twitter:data2\" content=\"3 minutes\" \/>\n<script type=\"application\/ld+json\" class=\"yoast-schema-graph\">{\"@context\":\"https:\\\/\\\/schema.org\",\"@graph\":[{\"@type\":\"Article\",\"@id\":\"https:\\\/\\\/www.reichelt.com\\\/magazin\\\/fr\\\/infographies\\\/internet-domicile-la-rapidit-de-la-connexion-reste-prioritaire-pour-75-des-franais-qui-comptent-sur-la-5g-pour-lamliorer\\\/#article\",\"isPartOf\":{\"@id\":\"https:\\\/\\\/www.reichelt.com\\\/magazin\\\/fr\\\/infographies\\\/internet-domicile-la-rapidit-de-la-connexion-reste-prioritaire-pour-75-des-franais-qui-comptent-sur-la-5g-pour-lamliorer\\\/\"},\"author\":{\"name\":\"admin\",\"@id\":\"https:\\\/\\\/www.reichelt.com\\\/magazin\\\/fr\\\/#\\\/schema\\\/person\\\/54edf009d7730dbe36a83d3e9948e08f\"},\"headline\":\"Internet \u00e0 domicile : La rapidit\u00e9 de la connexion reste prioritaire pour 75% des Fran\u00e7ais qui comptent sur la 5G pour l\u2019am\u00e9liorer\",\"datePublished\":\"2020-03-04T12:41:00+00:00\",\"dateModified\":\"2022-11-08T13:35:50+00:00\",\"mainEntityOfPage\":{\"@id\":\"https:\\\/\\\/www.reichelt.com\\\/magazin\\\/fr\\\/infographies\\\/internet-domicile-la-rapidit-de-la-connexion-reste-prioritaire-pour-75-des-franais-qui-comptent-sur-la-5g-pour-lamliorer\\\/\"},\"wordCount\":526,\"commentCount\":0,\"publisher\":{\"@id\":\"https:\\\/\\\/www.reichelt.com\\\/magazin\\\/fr\\\/#organization\"},\"image\":{\"@id\":\"https:\\\/\\\/www.reichelt.com\\\/magazin\\\/fr\\\/infographies\\\/internet-domicile-la-rapidit-de-la-connexion-reste-prioritaire-pour-75-des-franais-qui-comptent-sur-la-5g-pour-lamliorer\\\/#primaryimage\"},\"thumbnailUrl\":\"https:\\\/\\\/www.reichelt.com\\\/magazin\\\/wp-content\\\/uploads\\\/2020\\\/03\\\/Titel_1350-400.png\",\"articleSection\":[\"\u00c9tudes\"],\"inLanguage\":\"fr-FR\",\"potentialAction\":[{\"@type\":\"CommentAction\",\"name\":\"Comment\",\"target\":[\"https:\\\/\\\/www.reichelt.com\\\/magazin\\\/fr\\\/infographies\\\/internet-domicile-la-rapidit-de-la-connexion-reste-prioritaire-pour-75-des-franais-qui-comptent-sur-la-5g-pour-lamliorer\\\/#respond\"]}]},{\"@type\":\"WebPage\",\"@id\":\"https:\\\/\\\/www.reichelt.com\\\/magazin\\\/fr\\\/infographies\\\/internet-domicile-la-rapidit-de-la-connexion-reste-prioritaire-pour-75-des-franais-qui-comptent-sur-la-5g-pour-lamliorer\\\/\",\"url\":\"https:\\\/\\\/www.reichelt.com\\\/magazin\\\/fr\\\/infographies\\\/internet-domicile-la-rapidit-de-la-connexion-reste-prioritaire-pour-75-des-franais-qui-comptent-sur-la-5g-pour-lamliorer\\\/\",\"name\":\"Internet \u00e0 domicile : La rapidit\u00e9 de la connexion reste prioritaire pour 75% des Fran\u00e7ais qui comptent sur la 5G pour l\u2019am\u00e9liorer - reichelt Magazin\",\"isPartOf\":{\"@id\":\"https:\\\/\\\/www.reichelt.com\\\/magazin\\\/fr\\\/#website\"},\"primaryImageOfPage\":{\"@id\":\"https:\\\/\\\/www.reichelt.com\\\/magazin\\\/fr\\\/infographies\\\/internet-domicile-la-rapidit-de-la-connexion-reste-prioritaire-pour-75-des-franais-qui-comptent-sur-la-5g-pour-lamliorer\\\/#primaryimage\"},\"image\":{\"@id\":\"https:\\\/\\\/www.reichelt.com\\\/magazin\\\/fr\\\/infographies\\\/internet-domicile-la-rapidit-de-la-connexion-reste-prioritaire-pour-75-des-franais-qui-comptent-sur-la-5g-pour-lamliorer\\\/#primaryimage\"},\"thumbnailUrl\":\"https:\\\/\\\/www.reichelt.com\\\/magazin\\\/wp-content\\\/uploads\\\/2020\\\/03\\\/Titel_1350-400.png\",\"datePublished\":\"2020-03-04T12:41:00+00:00\",\"dateModified\":\"2022-11-08T13:35:50+00:00\",\"breadcrumb\":{\"@id\":\"https:\\\/\\\/www.reichelt.com\\\/magazin\\\/fr\\\/infographies\\\/internet-domicile-la-rapidit-de-la-connexion-reste-prioritaire-pour-75-des-franais-qui-comptent-sur-la-5g-pour-lamliorer\\\/#breadcrumb\"},\"inLanguage\":\"fr-FR\",\"potentialAction\":[{\"@type\":\"ReadAction\",\"target\":[\"https:\\\/\\\/www.reichelt.com\\\/magazin\\\/fr\\\/infographies\\\/internet-domicile-la-rapidit-de-la-connexion-reste-prioritaire-pour-75-des-franais-qui-comptent-sur-la-5g-pour-lamliorer\\\/\"]}]},{\"@type\":\"ImageObject\",\"inLanguage\":\"fr-FR\",\"@id\":\"https:\\\/\\\/www.reichelt.com\\\/magazin\\\/fr\\\/infographies\\\/internet-domicile-la-rapidit-de-la-connexion-reste-prioritaire-pour-75-des-franais-qui-comptent-sur-la-5g-pour-lamliorer\\\/#primaryimage\",\"url\":\"https:\\\/\\\/www.reichelt.com\\\/magazin\\\/wp-content\\\/uploads\\\/2020\\\/03\\\/Titel_1350-400.png\",\"contentUrl\":\"https:\\\/\\\/www.reichelt.com\\\/magazin\\\/wp-content\\\/uploads\\\/2020\\\/03\\\/Titel_1350-400.png\",\"width\":1350,\"height\":400},{\"@type\":\"BreadcrumbList\",\"@id\":\"https:\\\/\\\/www.reichelt.com\\\/magazin\\\/fr\\\/infographies\\\/internet-domicile-la-rapidit-de-la-connexion-reste-prioritaire-pour-75-des-franais-qui-comptent-sur-la-5g-pour-lamliorer\\\/#breadcrumb\",\"itemListElement\":[{\"@type\":\"ListItem\",\"position\":1,\"name\":\"Home\",\"item\":\"https:\\\/\\\/www.reichelt.com\\\/magazin\\\/fr\\\/\"},{\"@type\":\"ListItem\",\"position\":2,\"name\":\"Internet \u00e0 domicile : La rapidit\u00e9 de la connexion reste prioritaire pour 75% des Fran\u00e7ais qui comptent sur la 5G pour l\u2019am\u00e9liorer\"}]},{\"@type\":\"WebSite\",\"@id\":\"https:\\\/\\\/www.reichelt.com\\\/magazin\\\/fr\\\/#website\",\"url\":\"https:\\\/\\\/www.reichelt.com\\\/magazin\\\/fr\\\/\",\"name\":\"reichelt Magazin\",\"description\":\"Das Technik Magazin\",\"publisher\":{\"@id\":\"https:\\\/\\\/www.reichelt.com\\\/magazin\\\/fr\\\/#organization\"},\"potentialAction\":[{\"@type\":\"SearchAction\",\"target\":{\"@type\":\"EntryPoint\",\"urlTemplate\":\"https:\\\/\\\/www.reichelt.com\\\/magazin\\\/fr\\\/?s={search_term_string}\"},\"query-input\":{\"@type\":\"PropertyValueSpecification\",\"valueRequired\":true,\"valueName\":\"search_term_string\"}}],\"inLanguage\":\"fr-FR\"},{\"@type\":\"Organization\",\"@id\":\"https:\\\/\\\/www.reichelt.com\\\/magazin\\\/fr\\\/#organization\",\"name\":\"reichelt Magazin\",\"url\":\"https:\\\/\\\/www.reichelt.com\\\/magazin\\\/fr\\\/\",\"logo\":{\"@type\":\"ImageObject\",\"inLanguage\":\"fr-FR\",\"@id\":\"https:\\\/\\\/www.reichelt.com\\\/magazin\\\/fr\\\/#\\\/schema\\\/logo\\\/image\\\/\",\"url\":\"https:\\\/\\\/www.reichelt.com\\\/magazin\\\/wp-content\\\/uploads\\\/2021\\\/11\\\/reichelt_magazin_logo_de_nl-1.svg\",\"contentUrl\":\"https:\\\/\\\/www.reichelt.com\\\/magazin\\\/wp-content\\\/uploads\\\/2021\\\/11\\\/reichelt_magazin_logo_de_nl-1.svg\",\"width\":456,\"height\":149,\"caption\":\"reichelt Magazin\"},\"image\":{\"@id\":\"https:\\\/\\\/www.reichelt.com\\\/magazin\\\/fr\\\/#\\\/schema\\\/logo\\\/image\\\/\"}},{\"@type\":\"Person\",\"@id\":\"https:\\\/\\\/www.reichelt.com\\\/magazin\\\/fr\\\/#\\\/schema\\\/person\\\/54edf009d7730dbe36a83d3e9948e08f\",\"name\":\"admin\",\"sameAs\":[\"https:\\\/\\\/magazin.reichelt.de\\\/magazin\"]}]}<\/script>\n<!-- \/ Yoast SEO Premium plugin. -->","yoast_head_json":{"title":"Internet \u00e0 domicile : La rapidit\u00e9 de la connexion reste prioritaire pour 75% des Fran\u00e7ais qui comptent sur la 5G pour l\u2019am\u00e9liorer - reichelt Magazin","robots":{"index":"index","follow":"follow","max-snippet":"max-snippet:-1","max-image-preview":"max-image-preview:large","max-video-preview":"max-video-preview:-1"},"canonical":"https:\/\/www.reichelt.com\/magazin\/fr\/infographies\/internet-domicile-la-rapidit-de-la-connexion-reste-prioritaire-pour-75-des-franais-qui-comptent-sur-la-5g-pour-lamliorer\/","og_locale":"fr_FR","og_type":"article","og_title":"Internet \u00e0 domicile : La rapidit\u00e9 de la connexion reste prioritaire pour 75% des Fran\u00e7ais qui comptent sur la 5G pour l\u2019am\u00e9liorer","og_description":"Une r\u00e9cente \u00e9tude reichelt elektronik\/OnePoll d\u00e9montre que les probl\u00e8mes de connexion \u00e0 Internet ne sont pas encore tous r\u00e9solus en France 75% des Fran\u00e7ais estiment que la vitesse de connexion Internet \u00e0 domicile est le crit\u00e8re le plus important selon une \u00e9tude OnePoll pour reichelt elektronik, l\u2019un des plus grands distributeurs en ligne d\u2019\u00e9lectronique en [&hellip;]","og_url":"https:\/\/www.reichelt.com\/magazin\/fr\/infographies\/internet-domicile-la-rapidit-de-la-connexion-reste-prioritaire-pour-75-des-franais-qui-comptent-sur-la-5g-pour-lamliorer\/","og_site_name":"reichelt Magazin","article_published_time":"2020-03-04T12:41:00+00:00","article_modified_time":"2022-11-08T13:35:50+00:00","og_image":[{"width":1350,"height":400,"url":"https:\/\/www.reichelt.de\/magazin\/wp-content\/uploads\/2020\/03\/Titel_1350-400.png","type":"image\/png"}],"author":"admin","twitter_card":"summary_large_image","twitter_misc":{"\u00c9crit par":"admin","Dur\u00e9e de lecture estim\u00e9e":"3 minutes"},"schema":{"@context":"https:\/\/schema.org","@graph":[{"@type":"Article","@id":"https:\/\/www.reichelt.com\/magazin\/fr\/infographies\/internet-domicile-la-rapidit-de-la-connexion-reste-prioritaire-pour-75-des-franais-qui-comptent-sur-la-5g-pour-lamliorer\/#article","isPartOf":{"@id":"https:\/\/www.reichelt.com\/magazin\/fr\/infographies\/internet-domicile-la-rapidit-de-la-connexion-reste-prioritaire-pour-75-des-franais-qui-comptent-sur-la-5g-pour-lamliorer\/"},"author":{"name":"admin","@id":"https:\/\/www.reichelt.com\/magazin\/fr\/#\/schema\/person\/54edf009d7730dbe36a83d3e9948e08f"},"headline":"Internet \u00e0 domicile : La rapidit\u00e9 de la connexion reste prioritaire pour 75% des Fran\u00e7ais qui comptent sur la 5G pour l\u2019am\u00e9liorer","datePublished":"2020-03-04T12:41:00+00:00","dateModified":"2022-11-08T13:35:50+00:00","mainEntityOfPage":{"@id":"https:\/\/www.reichelt.com\/magazin\/fr\/infographies\/internet-domicile-la-rapidit-de-la-connexion-reste-prioritaire-pour-75-des-franais-qui-comptent-sur-la-5g-pour-lamliorer\/"},"wordCount":526,"commentCount":0,"publisher":{"@id":"https:\/\/www.reichelt.com\/magazin\/fr\/#organization"},"image":{"@id":"https:\/\/www.reichelt.com\/magazin\/fr\/infographies\/internet-domicile-la-rapidit-de-la-connexion-reste-prioritaire-pour-75-des-franais-qui-comptent-sur-la-5g-pour-lamliorer\/#primaryimage"},"thumbnailUrl":"https:\/\/www.reichelt.com\/magazin\/wp-content\/uploads\/2020\/03\/Titel_1350-400.png","articleSection":["\u00c9tudes"],"inLanguage":"fr-FR","potentialAction":[{"@type":"CommentAction","name":"Comment","target":["https:\/\/www.reichelt.com\/magazin\/fr\/infographies\/internet-domicile-la-rapidit-de-la-connexion-reste-prioritaire-pour-75-des-franais-qui-comptent-sur-la-5g-pour-lamliorer\/#respond"]}]},{"@type":"WebPage","@id":"https:\/\/www.reichelt.com\/magazin\/fr\/infographies\/internet-domicile-la-rapidit-de-la-connexion-reste-prioritaire-pour-75-des-franais-qui-comptent-sur-la-5g-pour-lamliorer\/","url":"https:\/\/www.reichelt.com\/magazin\/fr\/infographies\/internet-domicile-la-rapidit-de-la-connexion-reste-prioritaire-pour-75-des-franais-qui-comptent-sur-la-5g-pour-lamliorer\/","name":"Internet \u00e0 domicile : La rapidit\u00e9 de la connexion reste prioritaire pour 75% des Fran\u00e7ais qui comptent sur la 5G pour l\u2019am\u00e9liorer - reichelt Magazin","isPartOf":{"@id":"https:\/\/www.reichelt.com\/magazin\/fr\/#website"},"primaryImageOfPage":{"@id":"https:\/\/www.reichelt.com\/magazin\/fr\/infographies\/internet-domicile-la-rapidit-de-la-connexion-reste-prioritaire-pour-75-des-franais-qui-comptent-sur-la-5g-pour-lamliorer\/#primaryimage"},"image":{"@id":"https:\/\/www.reichelt.com\/magazin\/fr\/infographies\/internet-domicile-la-rapidit-de-la-connexion-reste-prioritaire-pour-75-des-franais-qui-comptent-sur-la-5g-pour-lamliorer\/#primaryimage"},"thumbnailUrl":"https:\/\/www.reichelt.com\/magazin\/wp-content\/uploads\/2020\/03\/Titel_1350-400.png","datePublished":"2020-03-04T12:41:00+00:00","dateModified":"2022-11-08T13:35:50+00:00","breadcrumb":{"@id":"https:\/\/www.reichelt.com\/magazin\/fr\/infographies\/internet-domicile-la-rapidit-de-la-connexion-reste-prioritaire-pour-75-des-franais-qui-comptent-sur-la-5g-pour-lamliorer\/#breadcrumb"},"inLanguage":"fr-FR","potentialAction":[{"@type":"ReadAction","target":["https:\/\/www.reichelt.com\/magazin\/fr\/infographies\/internet-domicile-la-rapidit-de-la-connexion-reste-prioritaire-pour-75-des-franais-qui-comptent-sur-la-5g-pour-lamliorer\/"]}]},{"@type":"ImageObject","inLanguage":"fr-FR","@id":"https:\/\/www.reichelt.com\/magazin\/fr\/infographies\/internet-domicile-la-rapidit-de-la-connexion-reste-prioritaire-pour-75-des-franais-qui-comptent-sur-la-5g-pour-lamliorer\/#primaryimage","url":"https:\/\/www.reichelt.com\/magazin\/wp-content\/uploads\/2020\/03\/Titel_1350-400.png","contentUrl":"https:\/\/www.reichelt.com\/magazin\/wp-content\/uploads\/2020\/03\/Titel_1350-400.png","width":1350,"height":400},{"@type":"BreadcrumbList","@id":"https:\/\/www.reichelt.com\/magazin\/fr\/infographies\/internet-domicile-la-rapidit-de-la-connexion-reste-prioritaire-pour-75-des-franais-qui-comptent-sur-la-5g-pour-lamliorer\/#breadcrumb","itemListElement":[{"@type":"ListItem","position":1,"name":"Home","item":"https:\/\/www.reichelt.com\/magazin\/fr\/"},{"@type":"ListItem","position":2,"name":"Internet \u00e0 domicile : La rapidit\u00e9 de la connexion reste prioritaire pour 75% des Fran\u00e7ais qui comptent sur la 5G pour l\u2019am\u00e9liorer"}]},{"@type":"WebSite","@id":"https:\/\/www.reichelt.com\/magazin\/fr\/#website","url":"https:\/\/www.reichelt.com\/magazin\/fr\/","name":"reichelt Magazin","description":"Das Technik Magazin","publisher":{"@id":"https:\/\/www.reichelt.com\/magazin\/fr\/#organization"},"potentialAction":[{"@type":"SearchAction","target":{"@type":"EntryPoint","urlTemplate":"https:\/\/www.reichelt.com\/magazin\/fr\/?s={search_term_string}"},"query-input":{"@type":"PropertyValueSpecification","valueRequired":true,"valueName":"search_term_string"}}],"inLanguage":"fr-FR"},{"@type":"Organization","@id":"https:\/\/www.reichelt.com\/magazin\/fr\/#organization","name":"reichelt Magazin","url":"https:\/\/www.reichelt.com\/magazin\/fr\/","logo":{"@type":"ImageObject","inLanguage":"fr-FR","@id":"https:\/\/www.reichelt.com\/magazin\/fr\/#\/schema\/logo\/image\/","url":"https:\/\/www.reichelt.com\/magazin\/wp-content\/uploads\/2021\/11\/reichelt_magazin_logo_de_nl-1.svg","contentUrl":"https:\/\/www.reichelt.com\/magazin\/wp-content\/uploads\/2021\/11\/reichelt_magazin_logo_de_nl-1.svg","width":456,"height":149,"caption":"reichelt Magazin"},"image":{"@id":"https:\/\/www.reichelt.com\/magazin\/fr\/#\/schema\/logo\/image\/"}},{"@type":"Person","@id":"https:\/\/www.reichelt.com\/magazin\/fr\/#\/schema\/person\/54edf009d7730dbe36a83d3e9948e08f","name":"admin","sameAs":["https:\/\/magazin.reichelt.de\/magazin"]}]}},"_links":{"self":[{"href":"https:\/\/www.reichelt.com\/magazin\/fr\/wp-json\/wp\/v2\/posts\/40649","targetHints":{"allow":["GET"]}}],"collection":[{"href":"https:\/\/www.reichelt.com\/magazin\/fr\/wp-json\/wp\/v2\/posts"}],"about":[{"href":"https:\/\/www.reichelt.com\/magazin\/fr\/wp-json\/wp\/v2\/types\/post"}],"author":[{"embeddable":true,"href":"https:\/\/www.reichelt.com\/magazin\/fr\/wp-json\/wp\/v2\/users\/1"}],"replies":[{"embeddable":true,"href":"https:\/\/www.reichelt.com\/magazin\/fr\/wp-json\/wp\/v2\/comments?post=40649"}],"version-history":[{"count":5,"href":"https:\/\/www.reichelt.com\/magazin\/fr\/wp-json\/wp\/v2\/posts\/40649\/revisions"}],"predecessor-version":[{"id":68040,"href":"https:\/\/www.reichelt.com\/magazin\/fr\/wp-json\/wp\/v2\/posts\/40649\/revisions\/68040"}],"wp:featuredmedia":[{"embeddable":true,"href":"https:\/\/www.reichelt.com\/magazin\/fr\/wp-json\/wp\/v2\/media\/48996"}],"wp:attachment":[{"href":"https:\/\/www.reichelt.com\/magazin\/fr\/wp-json\/wp\/v2\/media?parent=40649"}],"wp:term":[{"taxonomy":"category","embeddable":true,"href":"https:\/\/www.reichelt.com\/magazin\/fr\/wp-json\/wp\/v2\/categories?post=40649"},{"taxonomy":"post_tag","embeddable":true,"href":"https:\/\/www.reichelt.com\/magazin\/fr\/wp-json\/wp\/v2\/tags?post=40649"}],"curies":[{"name":"wp","href":"https:\/\/api.w.org\/{rel}","templated":true}]}}