{"id":40643,"date":"2020-05-28T15:17:10","date_gmt":"2020-05-28T13:17:10","guid":{"rendered":"https:\/\/magazinnew.reichelt.de\/magazin\/non-classifiee\/les-regles-sanitaires-et-de-distanciation-social-pendant-la-crise-du-covid-19-voila-cest-ce-qui-compte\/"},"modified":"2026-04-08T12:10:39","modified_gmt":"2026-04-08T10:10:39","slug":"les-regles-sanitaires-et-de-distanciation-social-pendant-la-crise-du-covid-19","status":"publish","type":"post","link":"https:\/\/www.reichelt.com\/magazin\/fr\/conseils\/les-regles-sanitaires-et-de-distanciation-social-pendant-la-crise-du-covid-19\/","title":{"rendered":"Les r\u00e8gles sanitaires et de distanciation social pendant la crise du Covid-19 \u2013 voil\u00e0 c&#8217;est ce qui compte"},"content":{"rendered":"\n<p>Avec le d\u00e9confinement et l\u2019assouplissement des r\u00e8gles en relation avec la crise du COVID-19. Toutefois, il est toujours n\u00e9cessaire de maintenir des r\u00e8gles d&#8217;hygi\u00e8ne et de distanciation sociale pour \u00e9viter que la pand\u00e9mie ne reprenne &#8211; au moins jusqu&#8217;\u00e0 ce qu&#8217;un vaccin soit trouv\u00e9.<\/p>\n\n\n\n<p>La reprise des activit\u00e9s pose des d\u00e9fis majeurs aux entreprises de tous les secteurs, qu&#8217;il s&#8217;agisse du commerce de d\u00e9tail et de gros, du tourisme, des sites de production ou de la restauration. Apr\u00e8s tout, il y a un certain nombre de choses \u00e0 prendre en compte pour se conformer correctement \u00e0 la r\u00e9glementation. Si le virus se propage parmi le personnel, cela a un impact \u00e9conomique d\u00e9vastateur sur l&#8217;entreprise.<\/p>\n\n\n\n<p>\u00c0 quoi les entreprises doivent-elles pr\u00eater attention maintenant et quels sont les outils qui aident \u00e0 mettre en \u0153uvre les r\u00e8gles d&#8217;hygi\u00e8ne et de distanciation sociale ?<\/p>\n\n\n\n<h2 class=\"wp-block-heading\" id=\"h-nettoyage-et-desinfection-des-surfaces\">Nettoyage et d\u00e9sinfection des surfaces<\/h2>\n\n\n\n<p>Des \u00e9tudes indiquent que le virus peut rester sur des surfaces pendant plusieurs jours. C&#8217;est pourquoi une attention particuli\u00e8re doit \u00eatre accord\u00e9e au nettoyage r\u00e9gulier des tables, des comptoirs ou des vitres dans les entreprises.<\/p>\n\n\n\n<span data-view=\"article\" data-artid=\"168059\" data-lang=\"de\"><\/span>Tout d&#8217;abord, il faut \u00eatre conscient de la diff\u00e9rence entre le nettoyage et la d\u00e9sinfection. Le nettoyage permet principalement d&#8217;\u00e9liminer les impuret\u00e9s et ne tue les germes que dans une faible mesure. Cela peut r\u00e9duire le risque d&#8217;infection. Davantage de germes sont \u00e9limin\u00e9s par la d\u00e9sinfection. Selon l&#8217;Institut Robert Koch (RKI), un nettoyage r\u00e9gulier est suffisant en dehors des \u00e9tablissements de soins. Le RKI \u00e9met des recommandations pour la s\u00e9lection d&#8217;un d\u00e9sinfectant appropri\u00e9 et approuv\u00e9.<\/p>\n\n\n\n<p>Les \u00e9quipements de protection individuelle port\u00e9s pendant le nettoyage doivent \u00eatre \u00e9limin\u00e9s par la suite. Les entreprises doivent d\u00e9finir des points de contact fr\u00e9quents et les nettoyer r\u00e9guli\u00e8rement. Il s&#8217;agit de poign\u00e9es, d&#8217;interrupteurs et de surfaces, mais aussi d&#8217;appareils \u00e9lectroniques tels que les t\u00e9l\u00e9phones, les claviers et les caisses enregistreuses. Des produits de nettoyage sont disponibles pour ces derniers. Les poign\u00e9es et les robinets peuvent \u00eatre remplac\u00e9s par des <a href=\"http:\/\/www.reichelt.com\/fr\/fr\/?ACTION=446&amp;DIRECT=1&amp;SEARCH=168059+280665\" target=\"_blank\" rel=\"noreferrer noopener\">versions sans contact<\/a> afin de r\u00e9duire le risque d&#8217;infection. Des lampes UV de d\u00e9sinfection sont \u00e9galement disponibles, qui permettent de tuer les germes sans utiliser de produits chimiques.&nbsp;<\/p>\n\n\n\n<p>L&#8217;\u00e9tablissement d&#8217;un calendrier de nettoyage contribue \u00e0 assurer un nettoyage r\u00e9gulier. Une vue d&#8217;ensemble suppl\u00e9mentaire est fournie par des autocollants sur lesquels le dernier nettoyage peut \u00eatre not\u00e9. L&#8217;employeur doit \u00e9galement veiller \u00e0 ce que les produits de nettoyage appropri\u00e9s soient disponibles en quantit\u00e9 suffisante.<\/p>\n\n\n\n<h2 class=\"wp-block-heading\" id=\"h-protection-personnelle\"><strong>Protection personnelle<\/strong><\/h2>\n\n\n\n<span data-view=\"article\" data-artid=\"280665\" data-lang=\"de\"><\/span>Pour assurer la protection individuelle des employ\u00e9s, l&#8217;\u00e9quipement de protection individuelle (EPI) selon l&#8217;activit\u00e9 est important pendant le travail. Les EPI comprennent les <a href=\"http:\/\/www.reichelt.com\/fr\/fr\/?ACTION=446&amp;DIRECT=1&amp;SEARCH=279789+278150+280576+280668+280368+280899+75545+280662+280581+169312\" target=\"_blank\" rel=\"noreferrer noopener\">masques<\/a> et les gants, par exemple. Celles-ci minimisent le risque d&#8217;infection tant parmi les employ\u00e9s qu&#8217;au contact entre l&#8217;employ\u00e9 et le client. En tout \u00e9tat de cause, les EPI doivent \u00eatre disponibles en quantit\u00e9 suffisante. Il ne peut \u00eatre port\u00e9 qu&#8217;une seule fois et doit \u00eatre \u00e9limin\u00e9 par la suite.<\/p>\n\n\n\n<p>En outre, une hygi\u00e8ne des mains ad\u00e9quate doit \u00eatre assur\u00e9e. L&#8217;employeur peut faciliter cette d\u00e9marche en fournissant du savon et du d\u00e9sinfectant. Pour que les nouvelles r\u00e8gles deviennent une habitude, des panneaux peuvent \u00eatre mis en place pour montrer que les mains doivent \u00eatre lav\u00e9es correctement et en m\u00eame temps leur rappeler de le faire. Dans certains pays, un masque de protection doit \u00eatre port\u00e9 dans les entreprises et les magasins. Les panneaux peuvent \u00e9galement faciliter le respect de ces r\u00e8glements.<\/p>\n\n\n\n<h2 class=\"wp-block-heading\" id=\"h-distanciation-sociale\"><strong>Distanciation sociale<\/strong><\/h2>\n\n\n\n<p>Dans la mesure du possible, une distance de 1 \u00e0 2 m\u00e8tres doit \u00eatre maintenue entre deux personnes. Pour r\u00e9duire au minimum les contacts personnels, les r\u00e9unions qui ne doivent pas \u00eatre tenues d&#8217;urgence en personne doivent \u00eatre organis\u00e9es par t\u00e9l\u00e9phone ou en ligne. De plus, il peut \u00eatre n\u00e9cessaire de r\u00e9partir la main-d&#8217;\u0153uvre au moyen d&#8217;un plan de personnel afin que le personnel ne soit pas pr\u00e9sent simultan\u00e9ment et de pouvoir respecter la r\u00e9glementation en mati\u00e8re de distance. En outre, les pauses doivent \u00eatre d\u00e9cal\u00e9es, surtout si une cantine est utilis\u00e9e, car le risque d&#8217;infection est particuli\u00e8rement \u00e9lev\u00e9 lors des repas.<\/p>\n\n\n\n<span data-view=\"article\" data-artid=\"280612\" data-lang=\"de\"><\/span>Le respect de la r\u00e9glementation en mati\u00e8re de distanciation sociale peut \u00eatre facilit\u00e9 par l&#8217;application de <a href=\"http:\/\/www.reichelt.com\/fr\/fr\/?ACTION=446&amp;DIRECT=1&amp;SEARCH=137817+137813+129532\" target=\"_blank\" rel=\"noreferrer noopener\">marquages au sol ou de p\u00e9rim\u00e8tres de s\u00e9curit\u00e9<\/a>. Cela s&#8217;applique \u00e9galement pour emp\u00eacher le virus de se propager lors de contacts personnels avec les clients. Par exemple, une ligne de s\u00e9curit\u00e9 doit \u00eatre trac\u00e9e devant les comptoirs, les guichets et les caisses enregistreuses. Les marquages coll\u00e9s au sol peuvent \u00e9galement \u00eatre utilis\u00e9s pour guider les clients de mani\u00e8re sp\u00e9cifique dans un magasin ou pour guider les employ\u00e9s dans la production ou les entrep\u00f4ts en leur donnant des indications. Ceux-ci doivent toujours \u00eatre con\u00e7us comme des itin\u00e9raires \u00e0 sens unique et doivent \u00eatre signal\u00e9s par un panneau de direction. En outre, des autocollants sur le sol peuvent \u00eatre utilis\u00e9s pour indiquer o\u00f9 les clients peuvent attendre dans une file d&#8217;attente afin de garantir une distance suffisante.<\/p>\n\n\n\n<p>En outre, une <a href=\"https:\/\/www.reichelt.com\/fr\/fr\/accessoires-de-pos-c8448.html?MANUFACTURER=trennplex&amp;&amp;r=1\" target=\"_blank\" rel=\"noreferrer noopener\">protection contre les crachats<\/a> peut prot\u00e9ger les employ\u00e9s qui ont des contacts personnels avec les clients, car elle fait rempart contre les plus fines gouttelettes.<\/p>\n\n\n\n<p>Images : Adobe Stock<\/p>\n","protected":false},"excerpt":{"rendered":"<p>Avec le d\u00e9confinement et l\u2019assouplissement des r\u00e8gles en relation avec la crise du COVID-19. Toutefois, il est toujours n\u00e9cessaire de maintenir des r\u00e8gles d&#8217;hygi\u00e8ne et de distanciation sociale pour \u00e9viter que la pand\u00e9mie ne reprenne &#8211; au moins jusqu&#8217;\u00e0 ce qu&#8217;un vaccin soit trouv\u00e9. La reprise des activit\u00e9s pose des d\u00e9fis majeurs aux entreprises de [&hellip;]<\/p>\n","protected":false},"author":1,"featured_media":41709,"comment_status":"open","ping_status":"open","sticky":false,"template":"","format":"standard","meta":{"footnotes":""},"categories":[6044],"tags":[],"class_list":["post-40643","post","type-post","status-publish","format-standard","has-post-thumbnail","hentry","category-conseils"],"yoast_head":"<!-- This site is optimized with the Yoast SEO Premium plugin v27.4 (Yoast SEO v27.4) - https:\/\/yoast.com\/product\/yoast-seo-premium-wordpress\/ -->\n<title>R\u00e8gles de distanciation pendant la crise du Coronavirus<\/title>\n<meta name=\"description\" content=\"\u00c0 quoi les entreprises doivent-elles pr\u00eater attention et quels outils peuvent les aider \u00e0 appliquer les r\u00e8gles de distanciation physique ?\" \/>\n<meta name=\"robots\" content=\"index, follow, max-snippet:-1, max-image-preview:large, max-video-preview:-1\" \/>\n<link rel=\"canonical\" href=\"https:\/\/www.reichelt.com\/magazin\/fr\/conseils\/les-regles-sanitaires-et-de-distanciation-social-pendant-la-crise-du-covid-19\/\" \/>\n<meta property=\"og:locale\" content=\"fr_FR\" \/>\n<meta property=\"og:type\" content=\"article\" \/>\n<meta property=\"og:title\" content=\"Les r\u00e8gles sanitaires et de distanciation social pendant la crise du Covid-19 \u2013 voil\u00e0 c&#039;est ce qui compte\" \/>\n<meta property=\"og:description\" content=\"\u00c0 quoi les entreprises doivent-elles pr\u00eater attention et quels outils peuvent les aider \u00e0 appliquer les r\u00e8gles de distanciation physique ?\" \/>\n<meta property=\"og:url\" content=\"https:\/\/www.reichelt.com\/magazin\/fr\/conseils\/les-regles-sanitaires-et-de-distanciation-social-pendant-la-crise-du-covid-19\/\" \/>\n<meta property=\"og:site_name\" content=\"reichelt Magazin\" \/>\n<meta property=\"article:published_time\" content=\"2020-05-28T13:17:10+00:00\" \/>\n<meta property=\"article:modified_time\" content=\"2026-04-08T10:10:39+00:00\" \/>\n<meta property=\"og:image\" content=\"https:\/\/www.reichelt.de\/magazin\/wp-content\/uploads\/2021\/11\/AdobeStock_332491169_klein.jpg\" \/>\n\t<meta property=\"og:image:width\" content=\"1200\" \/>\n\t<meta property=\"og:image:height\" content=\"800\" \/>\n\t<meta property=\"og:image:type\" content=\"image\/jpeg\" \/>\n<meta name=\"author\" content=\"admin\" \/>\n<meta name=\"twitter:card\" content=\"summary_large_image\" \/>\n<meta name=\"twitter:label1\" content=\"\u00c9crit par\" \/>\n\t<meta name=\"twitter:data1\" content=\"admin\" \/>\n\t<meta name=\"twitter:label2\" content=\"Dur\u00e9e de lecture estim\u00e9e\" \/>\n\t<meta name=\"twitter:data2\" content=\"5 minutes\" \/>\n<script type=\"application\/ld+json\" class=\"yoast-schema-graph\">{\"@context\":\"https:\\\/\\\/schema.org\",\"@graph\":[{\"@type\":\"Article\",\"@id\":\"https:\\\/\\\/www.reichelt.com\\\/magazin\\\/fr\\\/conseils\\\/les-regles-sanitaires-et-de-distanciation-social-pendant-la-crise-du-covid-19\\\/#article\",\"isPartOf\":{\"@id\":\"https:\\\/\\\/www.reichelt.com\\\/magazin\\\/fr\\\/conseils\\\/les-regles-sanitaires-et-de-distanciation-social-pendant-la-crise-du-covid-19\\\/\"},\"author\":{\"name\":\"admin\",\"@id\":\"https:\\\/\\\/www.reichelt.com\\\/magazin\\\/fr\\\/#\\\/schema\\\/person\\\/54edf009d7730dbe36a83d3e9948e08f\"},\"headline\":\"Les r\u00e8gles sanitaires et de distanciation social pendant la crise du Covid-19 \u2013 voil\u00e0 c&#8217;est ce qui compte\",\"datePublished\":\"2020-05-28T13:17:10+00:00\",\"dateModified\":\"2026-04-08T10:10:39+00:00\",\"mainEntityOfPage\":{\"@id\":\"https:\\\/\\\/www.reichelt.com\\\/magazin\\\/fr\\\/conseils\\\/les-regles-sanitaires-et-de-distanciation-social-pendant-la-crise-du-covid-19\\\/\"},\"wordCount\":977,\"commentCount\":0,\"publisher\":{\"@id\":\"https:\\\/\\\/www.reichelt.com\\\/magazin\\\/fr\\\/#organization\"},\"image\":{\"@id\":\"https:\\\/\\\/www.reichelt.com\\\/magazin\\\/fr\\\/conseils\\\/les-regles-sanitaires-et-de-distanciation-social-pendant-la-crise-du-covid-19\\\/#primaryimage\"},\"thumbnailUrl\":\"https:\\\/\\\/www.reichelt.com\\\/magazin\\\/wp-content\\\/uploads\\\/2021\\\/11\\\/AdobeStock_332491169_klein.jpg\",\"articleSection\":[\"Tutoriels\"],\"inLanguage\":\"fr-FR\",\"potentialAction\":[{\"@type\":\"CommentAction\",\"name\":\"Comment\",\"target\":[\"https:\\\/\\\/www.reichelt.com\\\/magazin\\\/fr\\\/conseils\\\/les-regles-sanitaires-et-de-distanciation-social-pendant-la-crise-du-covid-19\\\/#respond\"]}]},{\"@type\":\"WebPage\",\"@id\":\"https:\\\/\\\/www.reichelt.com\\\/magazin\\\/fr\\\/conseils\\\/les-regles-sanitaires-et-de-distanciation-social-pendant-la-crise-du-covid-19\\\/\",\"url\":\"https:\\\/\\\/www.reichelt.com\\\/magazin\\\/fr\\\/conseils\\\/les-regles-sanitaires-et-de-distanciation-social-pendant-la-crise-du-covid-19\\\/\",\"name\":\"R\u00e8gles de distanciation pendant la crise du Coronavirus\",\"isPartOf\":{\"@id\":\"https:\\\/\\\/www.reichelt.com\\\/magazin\\\/fr\\\/#website\"},\"primaryImageOfPage\":{\"@id\":\"https:\\\/\\\/www.reichelt.com\\\/magazin\\\/fr\\\/conseils\\\/les-regles-sanitaires-et-de-distanciation-social-pendant-la-crise-du-covid-19\\\/#primaryimage\"},\"image\":{\"@id\":\"https:\\\/\\\/www.reichelt.com\\\/magazin\\\/fr\\\/conseils\\\/les-regles-sanitaires-et-de-distanciation-social-pendant-la-crise-du-covid-19\\\/#primaryimage\"},\"thumbnailUrl\":\"https:\\\/\\\/www.reichelt.com\\\/magazin\\\/wp-content\\\/uploads\\\/2021\\\/11\\\/AdobeStock_332491169_klein.jpg\",\"datePublished\":\"2020-05-28T13:17:10+00:00\",\"dateModified\":\"2026-04-08T10:10:39+00:00\",\"description\":\"\u00c0 quoi les entreprises doivent-elles pr\u00eater attention et quels outils peuvent les aider \u00e0 appliquer les r\u00e8gles de distanciation physique ?\",\"breadcrumb\":{\"@id\":\"https:\\\/\\\/www.reichelt.com\\\/magazin\\\/fr\\\/conseils\\\/les-regles-sanitaires-et-de-distanciation-social-pendant-la-crise-du-covid-19\\\/#breadcrumb\"},\"inLanguage\":\"fr-FR\",\"potentialAction\":[{\"@type\":\"ReadAction\",\"target\":[\"https:\\\/\\\/www.reichelt.com\\\/magazin\\\/fr\\\/conseils\\\/les-regles-sanitaires-et-de-distanciation-social-pendant-la-crise-du-covid-19\\\/\"]}]},{\"@type\":\"ImageObject\",\"inLanguage\":\"fr-FR\",\"@id\":\"https:\\\/\\\/www.reichelt.com\\\/magazin\\\/fr\\\/conseils\\\/les-regles-sanitaires-et-de-distanciation-social-pendant-la-crise-du-covid-19\\\/#primaryimage\",\"url\":\"https:\\\/\\\/www.reichelt.com\\\/magazin\\\/wp-content\\\/uploads\\\/2021\\\/11\\\/AdobeStock_332491169_klein.jpg\",\"contentUrl\":\"https:\\\/\\\/www.reichelt.com\\\/magazin\\\/wp-content\\\/uploads\\\/2021\\\/11\\\/AdobeStock_332491169_klein.jpg\",\"width\":1200,\"height\":800},{\"@type\":\"BreadcrumbList\",\"@id\":\"https:\\\/\\\/www.reichelt.com\\\/magazin\\\/fr\\\/conseils\\\/les-regles-sanitaires-et-de-distanciation-social-pendant-la-crise-du-covid-19\\\/#breadcrumb\",\"itemListElement\":[{\"@type\":\"ListItem\",\"position\":1,\"name\":\"Home\",\"item\":\"https:\\\/\\\/www.reichelt.com\\\/magazin\\\/fr\\\/\"},{\"@type\":\"ListItem\",\"position\":2,\"name\":\"Les r\u00e8gles sanitaires et de distanciation social pendant la crise du Covid-19 \u2013 voil\u00e0 c&#8217;est ce qui compte\"}]},{\"@type\":\"WebSite\",\"@id\":\"https:\\\/\\\/www.reichelt.com\\\/magazin\\\/fr\\\/#website\",\"url\":\"https:\\\/\\\/www.reichelt.com\\\/magazin\\\/fr\\\/\",\"name\":\"reichelt Magazin\",\"description\":\"Das Technik Magazin\",\"publisher\":{\"@id\":\"https:\\\/\\\/www.reichelt.com\\\/magazin\\\/fr\\\/#organization\"},\"potentialAction\":[{\"@type\":\"SearchAction\",\"target\":{\"@type\":\"EntryPoint\",\"urlTemplate\":\"https:\\\/\\\/www.reichelt.com\\\/magazin\\\/fr\\\/?s={search_term_string}\"},\"query-input\":{\"@type\":\"PropertyValueSpecification\",\"valueRequired\":true,\"valueName\":\"search_term_string\"}}],\"inLanguage\":\"fr-FR\"},{\"@type\":\"Organization\",\"@id\":\"https:\\\/\\\/www.reichelt.com\\\/magazin\\\/fr\\\/#organization\",\"name\":\"reichelt Magazin\",\"url\":\"https:\\\/\\\/www.reichelt.com\\\/magazin\\\/fr\\\/\",\"logo\":{\"@type\":\"ImageObject\",\"inLanguage\":\"fr-FR\",\"@id\":\"https:\\\/\\\/www.reichelt.com\\\/magazin\\\/fr\\\/#\\\/schema\\\/logo\\\/image\\\/\",\"url\":\"https:\\\/\\\/www.reichelt.com\\\/magazin\\\/wp-content\\\/uploads\\\/2021\\\/11\\\/reichelt_magazin_logo_de_nl-1.svg\",\"contentUrl\":\"https:\\\/\\\/www.reichelt.com\\\/magazin\\\/wp-content\\\/uploads\\\/2021\\\/11\\\/reichelt_magazin_logo_de_nl-1.svg\",\"width\":456,\"height\":149,\"caption\":\"reichelt Magazin\"},\"image\":{\"@id\":\"https:\\\/\\\/www.reichelt.com\\\/magazin\\\/fr\\\/#\\\/schema\\\/logo\\\/image\\\/\"}},{\"@type\":\"Person\",\"@id\":\"https:\\\/\\\/www.reichelt.com\\\/magazin\\\/fr\\\/#\\\/schema\\\/person\\\/54edf009d7730dbe36a83d3e9948e08f\",\"name\":\"admin\",\"sameAs\":[\"https:\\\/\\\/magazin.reichelt.de\\\/magazin\"]}]}<\/script>\n<!-- \/ Yoast SEO Premium plugin. -->","yoast_head_json":{"title":"R\u00e8gles de distanciation pendant la crise du Coronavirus","description":"\u00c0 quoi les entreprises doivent-elles pr\u00eater attention et quels outils peuvent les aider \u00e0 appliquer les r\u00e8gles de distanciation physique ?","robots":{"index":"index","follow":"follow","max-snippet":"max-snippet:-1","max-image-preview":"max-image-preview:large","max-video-preview":"max-video-preview:-1"},"canonical":"https:\/\/www.reichelt.com\/magazin\/fr\/conseils\/les-regles-sanitaires-et-de-distanciation-social-pendant-la-crise-du-covid-19\/","og_locale":"fr_FR","og_type":"article","og_title":"Les r\u00e8gles sanitaires et de distanciation social pendant la crise du Covid-19 \u2013 voil\u00e0 c'est ce qui compte","og_description":"\u00c0 quoi les entreprises doivent-elles pr\u00eater attention et quels outils peuvent les aider \u00e0 appliquer les r\u00e8gles de distanciation physique ?","og_url":"https:\/\/www.reichelt.com\/magazin\/fr\/conseils\/les-regles-sanitaires-et-de-distanciation-social-pendant-la-crise-du-covid-19\/","og_site_name":"reichelt Magazin","article_published_time":"2020-05-28T13:17:10+00:00","article_modified_time":"2026-04-08T10:10:39+00:00","og_image":[{"width":1200,"height":800,"url":"https:\/\/www.reichelt.de\/magazin\/wp-content\/uploads\/2021\/11\/AdobeStock_332491169_klein.jpg","type":"image\/jpeg"}],"author":"admin","twitter_card":"summary_large_image","twitter_misc":{"\u00c9crit par":"admin","Dur\u00e9e de lecture estim\u00e9e":"5 minutes"},"schema":{"@context":"https:\/\/schema.org","@graph":[{"@type":"Article","@id":"https:\/\/www.reichelt.com\/magazin\/fr\/conseils\/les-regles-sanitaires-et-de-distanciation-social-pendant-la-crise-du-covid-19\/#article","isPartOf":{"@id":"https:\/\/www.reichelt.com\/magazin\/fr\/conseils\/les-regles-sanitaires-et-de-distanciation-social-pendant-la-crise-du-covid-19\/"},"author":{"name":"admin","@id":"https:\/\/www.reichelt.com\/magazin\/fr\/#\/schema\/person\/54edf009d7730dbe36a83d3e9948e08f"},"headline":"Les r\u00e8gles sanitaires et de distanciation social pendant la crise du Covid-19 \u2013 voil\u00e0 c&#8217;est ce qui compte","datePublished":"2020-05-28T13:17:10+00:00","dateModified":"2026-04-08T10:10:39+00:00","mainEntityOfPage":{"@id":"https:\/\/www.reichelt.com\/magazin\/fr\/conseils\/les-regles-sanitaires-et-de-distanciation-social-pendant-la-crise-du-covid-19\/"},"wordCount":977,"commentCount":0,"publisher":{"@id":"https:\/\/www.reichelt.com\/magazin\/fr\/#organization"},"image":{"@id":"https:\/\/www.reichelt.com\/magazin\/fr\/conseils\/les-regles-sanitaires-et-de-distanciation-social-pendant-la-crise-du-covid-19\/#primaryimage"},"thumbnailUrl":"https:\/\/www.reichelt.com\/magazin\/wp-content\/uploads\/2021\/11\/AdobeStock_332491169_klein.jpg","articleSection":["Tutoriels"],"inLanguage":"fr-FR","potentialAction":[{"@type":"CommentAction","name":"Comment","target":["https:\/\/www.reichelt.com\/magazin\/fr\/conseils\/les-regles-sanitaires-et-de-distanciation-social-pendant-la-crise-du-covid-19\/#respond"]}]},{"@type":"WebPage","@id":"https:\/\/www.reichelt.com\/magazin\/fr\/conseils\/les-regles-sanitaires-et-de-distanciation-social-pendant-la-crise-du-covid-19\/","url":"https:\/\/www.reichelt.com\/magazin\/fr\/conseils\/les-regles-sanitaires-et-de-distanciation-social-pendant-la-crise-du-covid-19\/","name":"R\u00e8gles de distanciation pendant la crise du Coronavirus","isPartOf":{"@id":"https:\/\/www.reichelt.com\/magazin\/fr\/#website"},"primaryImageOfPage":{"@id":"https:\/\/www.reichelt.com\/magazin\/fr\/conseils\/les-regles-sanitaires-et-de-distanciation-social-pendant-la-crise-du-covid-19\/#primaryimage"},"image":{"@id":"https:\/\/www.reichelt.com\/magazin\/fr\/conseils\/les-regles-sanitaires-et-de-distanciation-social-pendant-la-crise-du-covid-19\/#primaryimage"},"thumbnailUrl":"https:\/\/www.reichelt.com\/magazin\/wp-content\/uploads\/2021\/11\/AdobeStock_332491169_klein.jpg","datePublished":"2020-05-28T13:17:10+00:00","dateModified":"2026-04-08T10:10:39+00:00","description":"\u00c0 quoi les entreprises doivent-elles pr\u00eater attention et quels outils peuvent les aider \u00e0 appliquer les r\u00e8gles de distanciation physique ?","breadcrumb":{"@id":"https:\/\/www.reichelt.com\/magazin\/fr\/conseils\/les-regles-sanitaires-et-de-distanciation-social-pendant-la-crise-du-covid-19\/#breadcrumb"},"inLanguage":"fr-FR","potentialAction":[{"@type":"ReadAction","target":["https:\/\/www.reichelt.com\/magazin\/fr\/conseils\/les-regles-sanitaires-et-de-distanciation-social-pendant-la-crise-du-covid-19\/"]}]},{"@type":"ImageObject","inLanguage":"fr-FR","@id":"https:\/\/www.reichelt.com\/magazin\/fr\/conseils\/les-regles-sanitaires-et-de-distanciation-social-pendant-la-crise-du-covid-19\/#primaryimage","url":"https:\/\/www.reichelt.com\/magazin\/wp-content\/uploads\/2021\/11\/AdobeStock_332491169_klein.jpg","contentUrl":"https:\/\/www.reichelt.com\/magazin\/wp-content\/uploads\/2021\/11\/AdobeStock_332491169_klein.jpg","width":1200,"height":800},{"@type":"BreadcrumbList","@id":"https:\/\/www.reichelt.com\/magazin\/fr\/conseils\/les-regles-sanitaires-et-de-distanciation-social-pendant-la-crise-du-covid-19\/#breadcrumb","itemListElement":[{"@type":"ListItem","position":1,"name":"Home","item":"https:\/\/www.reichelt.com\/magazin\/fr\/"},{"@type":"ListItem","position":2,"name":"Les r\u00e8gles sanitaires et de distanciation social pendant la crise du Covid-19 \u2013 voil\u00e0 c&#8217;est ce qui compte"}]},{"@type":"WebSite","@id":"https:\/\/www.reichelt.com\/magazin\/fr\/#website","url":"https:\/\/www.reichelt.com\/magazin\/fr\/","name":"reichelt Magazin","description":"Das Technik Magazin","publisher":{"@id":"https:\/\/www.reichelt.com\/magazin\/fr\/#organization"},"potentialAction":[{"@type":"SearchAction","target":{"@type":"EntryPoint","urlTemplate":"https:\/\/www.reichelt.com\/magazin\/fr\/?s={search_term_string}"},"query-input":{"@type":"PropertyValueSpecification","valueRequired":true,"valueName":"search_term_string"}}],"inLanguage":"fr-FR"},{"@type":"Organization","@id":"https:\/\/www.reichelt.com\/magazin\/fr\/#organization","name":"reichelt Magazin","url":"https:\/\/www.reichelt.com\/magazin\/fr\/","logo":{"@type":"ImageObject","inLanguage":"fr-FR","@id":"https:\/\/www.reichelt.com\/magazin\/fr\/#\/schema\/logo\/image\/","url":"https:\/\/www.reichelt.com\/magazin\/wp-content\/uploads\/2021\/11\/reichelt_magazin_logo_de_nl-1.svg","contentUrl":"https:\/\/www.reichelt.com\/magazin\/wp-content\/uploads\/2021\/11\/reichelt_magazin_logo_de_nl-1.svg","width":456,"height":149,"caption":"reichelt Magazin"},"image":{"@id":"https:\/\/www.reichelt.com\/magazin\/fr\/#\/schema\/logo\/image\/"}},{"@type":"Person","@id":"https:\/\/www.reichelt.com\/magazin\/fr\/#\/schema\/person\/54edf009d7730dbe36a83d3e9948e08f","name":"admin","sameAs":["https:\/\/magazin.reichelt.de\/magazin"]}]}},"_links":{"self":[{"href":"https:\/\/www.reichelt.com\/magazin\/fr\/wp-json\/wp\/v2\/posts\/40643","targetHints":{"allow":["GET"]}}],"collection":[{"href":"https:\/\/www.reichelt.com\/magazin\/fr\/wp-json\/wp\/v2\/posts"}],"about":[{"href":"https:\/\/www.reichelt.com\/magazin\/fr\/wp-json\/wp\/v2\/types\/post"}],"author":[{"embeddable":true,"href":"https:\/\/www.reichelt.com\/magazin\/fr\/wp-json\/wp\/v2\/users\/1"}],"replies":[{"embeddable":true,"href":"https:\/\/www.reichelt.com\/magazin\/fr\/wp-json\/wp\/v2\/comments?post=40643"}],"version-history":[{"count":5,"href":"https:\/\/www.reichelt.com\/magazin\/fr\/wp-json\/wp\/v2\/posts\/40643\/revisions"}],"predecessor-version":[{"id":116608,"href":"https:\/\/www.reichelt.com\/magazin\/fr\/wp-json\/wp\/v2\/posts\/40643\/revisions\/116608"}],"wp:featuredmedia":[{"embeddable":true,"href":"https:\/\/www.reichelt.com\/magazin\/fr\/wp-json\/wp\/v2\/media\/41709"}],"wp:attachment":[{"href":"https:\/\/www.reichelt.com\/magazin\/fr\/wp-json\/wp\/v2\/media?parent=40643"}],"wp:term":[{"taxonomy":"category","embeddable":true,"href":"https:\/\/www.reichelt.com\/magazin\/fr\/wp-json\/wp\/v2\/categories?post=40643"},{"taxonomy":"post_tag","embeddable":true,"href":"https:\/\/www.reichelt.com\/magazin\/fr\/wp-json\/wp\/v2\/tags?post=40643"}],"curies":[{"name":"wp","href":"https:\/\/api.w.org\/{rel}","templated":true}]}}