{"id":40350,"date":"2019-10-28T13:42:47","date_gmt":"2019-10-28T12:42:47","guid":{"rendered":"https:\/\/magazinnew.reichelt.de\/magazin\/non-classifiee\/une-enquete-montre-que-le-mobilite-a-du-potentiel-aupres-des-consommateurs\/"},"modified":"2023-09-08T10:12:22","modified_gmt":"2023-09-08T08:12:22","slug":"une-enqute-montre-que-le-mobilit-a-du-potentiel-auprs-des-consommateurs","status":"publish","type":"post","link":"https:\/\/www.reichelt.com\/magazin\/fr\/infographies\/une-enqute-montre-que-le-mobilit-a-du-potentiel-auprs-des-consommateurs\/","title":{"rendered":"Une enqu\u00eate montre que l&#8217;e-mobilit\u00e9 a du potentiel aupr\u00e8s des consommateurs"},"content":{"rendered":"\n<p>Une \u00e9tude r\u00e9alis\u00e9e par OnePoll pour le compte de reichelt elektronik donne un aper\u00e7u de l&#8217;attitude des consommateurs fran\u00e7ais \u00e0 l&#8217;\u00e9gard de l&#8217;e-mobilit\u00e9. Plus pr\u00e9cis\u00e9ment, l&#8217;acceptation des v\u00e9los \u00e9lectriques et des voitures \u00e9lectriques sera examin\u00e9e. Les principales raisons de l&#8217;utilisation des v\u00e9hicules \u00e9lectroniques pour la majorit\u00e9 des personnes interrog\u00e9es sont le souci de l&#8217;environnement et la volont\u00e9 de contribuer \u00e0 sa protection.<\/p>\n\n\n\n<figure class=\"wp-block-image size-large\"><a href=\"https:\/\/www.reichelt.com\/magazin\/wp-content\/uploads\/2019\/10\/Infografik-E-Mobilitaet_fr-1024x724.png\"><img fetchpriority=\"high\" decoding=\"async\" width=\"1024\" height=\"724\" src=\"https:\/\/www.reichelt.com\/magazin\/wp-content\/uploads\/2019\/10\/Infografik-E-Mobilitaet_fr-1024x724.png\" alt=\"Une enqu\u00eate montre que l\u2019e-mobilit\u00e9 a du potentiel aupr\u00e8s des consommateurs\" class=\"wp-image-87572\" srcset=\"https:\/\/www.reichelt.com\/magazin\/wp-content\/uploads\/2019\/10\/Infografik-E-Mobilitaet_fr-1024x724.png 1024w, https:\/\/www.reichelt.com\/magazin\/wp-content\/uploads\/2019\/10\/Infografik-E-Mobilitaet_fr-300x212.png 300w, https:\/\/www.reichelt.com\/magazin\/wp-content\/uploads\/2019\/10\/Infografik-E-Mobilitaet_fr-768x543.png 768w, https:\/\/www.reichelt.com\/magazin\/wp-content\/uploads\/2019\/10\/Infografik-E-Mobilitaet_fr.png 1282w\" sizes=\"(max-width: 1024px) 100vw, 1024px\" \/><\/a><\/figure>\n\n\n\n<h2 class=\"wp-block-heading\" id=\"h-les-voitures-electriques-sont-considerees-comme-particulierement-tournees-vers-l-avenir\">Les voitures \u00e9lectriques sont consid\u00e9r\u00e9es comme particuli\u00e8rement tourn\u00e9es vers l&#8217;avenir<\/h2>\n\n\n\n<p>Jusqu&#8217;\u00e0 pr\u00e9sent, c&#8217;est la voiture \u00e9lectronique qui a \u00e9t\u00e9 la plus largement accept\u00e9e par les consommateurs fran\u00e7ais : la majorit\u00e9 d&#8217;entre eux consid\u00e8rent qu&#8217;il s&#8217;agit du v\u00e9hicule ayant le plus grand potentiel de contribution \u00e0 la protection de l&#8217;environnement. Dans le cas des v\u00e9los \u00e9lectriques, par contre, l&#8217;achat d&#8217;un v\u00e9lo \u00e9lectrique est principalement motiv\u00e9 par un confort de conduite accru.<\/p>\n\n\n\n<p>Nombreux sont ceux qui souhaiteraient que la s\u00e9curit\u00e9 des v\u00e9hicules \u00e9lectroniques soit encore am\u00e9lior\u00e9e et que les co\u00fbts d&#8217;utilisation soient r\u00e9duits. Cependant, si tel est le cas, la majorit\u00e9 d&#8217;entre eux sont certains que nous verrons de plus en plus de v\u00e9hicules \u00e9lectriques sur les routes dans les ann\u00e9es \u00e0 venir, notamment des voitures \u00e9lectriques.<\/p>\n\n\n\n<p>Source de l&#8217;image : AdobeStock<\/p>\n","protected":false},"excerpt":{"rendered":"<p>Une \u00e9tude r\u00e9alis\u00e9e par OnePoll pour le compte de reichelt elektronik donne un aper\u00e7u de l&#8217;attitude des consommateurs fran\u00e7ais \u00e0 l&#8217;\u00e9gard de l&#8217;e-mobilit\u00e9. Plus pr\u00e9cis\u00e9ment, l&#8217;acceptation des v\u00e9los \u00e9lectriques et des voitures \u00e9lectriques sera examin\u00e9e. Les principales raisons de l&#8217;utilisation des v\u00e9hicules \u00e9lectroniques pour la majorit\u00e9 des personnes interrog\u00e9es sont le souci de l&#8217;environnement et [&hellip;]<\/p>\n","protected":false},"author":1,"featured_media":87554,"comment_status":"open","ping_status":"open","sticky":false,"template":"","format":"standard","meta":{"footnotes":""},"categories":[6047],"tags":[],"class_list":["post-40350","post","type-post","status-publish","format-standard","has-post-thumbnail","hentry","category-infographies"],"yoast_head":"<!-- This site is optimized with the Yoast SEO Premium plugin v27.4 (Yoast SEO v27.4) - https:\/\/yoast.com\/product\/yoast-seo-premium-wordpress\/ -->\n<title>Une enqu\u00eate montre que l&#039;e-mobilit\u00e9 a du potentiel aupr\u00e8s des consommateurs - reichelt Magazin<\/title>\n<meta name=\"robots\" content=\"index, follow, max-snippet:-1, max-image-preview:large, max-video-preview:-1\" \/>\n<link rel=\"canonical\" href=\"https:\/\/www.reichelt.com\/magazin\/fr\/infographies\/une-enqute-montre-que-le-mobilit-a-du-potentiel-auprs-des-consommateurs\/\" \/>\n<meta property=\"og:locale\" content=\"fr_FR\" \/>\n<meta property=\"og:type\" content=\"article\" \/>\n<meta property=\"og:title\" content=\"Une enqu\u00eate montre que l&#039;e-mobilit\u00e9 a du potentiel aupr\u00e8s des consommateurs\" \/>\n<meta property=\"og:description\" content=\"Une \u00e9tude r\u00e9alis\u00e9e par OnePoll pour le compte de reichelt elektronik donne un aper\u00e7u de l&#8217;attitude des consommateurs fran\u00e7ais \u00e0 l&#8217;\u00e9gard de l&#8217;e-mobilit\u00e9. Plus pr\u00e9cis\u00e9ment, l&#8217;acceptation des v\u00e9los \u00e9lectriques et des voitures \u00e9lectriques sera examin\u00e9e. Les principales raisons de l&#8217;utilisation des v\u00e9hicules \u00e9lectroniques pour la majorit\u00e9 des personnes interrog\u00e9es sont le souci de l&#8217;environnement et [&hellip;]\" \/>\n<meta property=\"og:url\" content=\"https:\/\/www.reichelt.com\/magazin\/fr\/infographies\/une-enqute-montre-que-le-mobilit-a-du-potentiel-auprs-des-consommateurs\/\" \/>\n<meta property=\"og:site_name\" content=\"reichelt Magazin\" \/>\n<meta property=\"article:published_time\" content=\"2019-10-28T12:42:47+00:00\" \/>\n<meta property=\"article:modified_time\" content=\"2023-09-08T08:12:22+00:00\" \/>\n<meta property=\"og:image\" content=\"https:\/\/212.184.1.90\/magazin\/wp-content\/uploads\/2019\/10\/Titel_E-Mobilitaet_175734597.png\" \/>\n\t<meta property=\"og:image:width\" content=\"1350\" \/>\n\t<meta property=\"og:image:height\" content=\"400\" \/>\n\t<meta property=\"og:image:type\" content=\"image\/png\" \/>\n<meta name=\"author\" content=\"admin\" \/>\n<meta name=\"twitter:card\" content=\"summary_large_image\" \/>\n<meta name=\"twitter:label1\" content=\"\u00c9crit par\" \/>\n\t<meta name=\"twitter:data1\" content=\"admin\" \/>\n\t<meta name=\"twitter:label2\" content=\"Dur\u00e9e de lecture estim\u00e9e\" \/>\n\t<meta name=\"twitter:data2\" content=\"2 minutes\" \/>\n<script type=\"application\/ld+json\" class=\"yoast-schema-graph\">{\"@context\":\"https:\\\/\\\/schema.org\",\"@graph\":[{\"@type\":\"Article\",\"@id\":\"https:\\\/\\\/www.reichelt.com\\\/magazin\\\/fr\\\/infographies\\\/une-enqute-montre-que-le-mobilit-a-du-potentiel-auprs-des-consommateurs\\\/#article\",\"isPartOf\":{\"@id\":\"https:\\\/\\\/www.reichelt.com\\\/magazin\\\/fr\\\/infographies\\\/une-enqute-montre-que-le-mobilit-a-du-potentiel-auprs-des-consommateurs\\\/\"},\"author\":{\"name\":\"admin\",\"@id\":\"https:\\\/\\\/www.reichelt.com\\\/magazin\\\/fr\\\/#\\\/schema\\\/person\\\/54edf009d7730dbe36a83d3e9948e08f\"},\"headline\":\"Une enqu\u00eate montre que l&#8217;e-mobilit\u00e9 a du potentiel aupr\u00e8s des consommateurs\",\"datePublished\":\"2019-10-28T12:42:47+00:00\",\"dateModified\":\"2023-09-08T08:12:22+00:00\",\"mainEntityOfPage\":{\"@id\":\"https:\\\/\\\/www.reichelt.com\\\/magazin\\\/fr\\\/infographies\\\/une-enqute-montre-que-le-mobilit-a-du-potentiel-auprs-des-consommateurs\\\/\"},\"wordCount\":246,\"commentCount\":0,\"publisher\":{\"@id\":\"https:\\\/\\\/www.reichelt.com\\\/magazin\\\/fr\\\/#organization\"},\"image\":{\"@id\":\"https:\\\/\\\/www.reichelt.com\\\/magazin\\\/fr\\\/infographies\\\/une-enqute-montre-que-le-mobilit-a-du-potentiel-auprs-des-consommateurs\\\/#primaryimage\"},\"thumbnailUrl\":\"https:\\\/\\\/www.reichelt.com\\\/magazin\\\/wp-content\\\/uploads\\\/2019\\\/10\\\/Titel_E-Mobilitaet_175734597.png\",\"articleSection\":[\"\u00c9tudes\"],\"inLanguage\":\"fr-FR\",\"potentialAction\":[{\"@type\":\"CommentAction\",\"name\":\"Comment\",\"target\":[\"https:\\\/\\\/www.reichelt.com\\\/magazin\\\/fr\\\/infographies\\\/une-enqute-montre-que-le-mobilit-a-du-potentiel-auprs-des-consommateurs\\\/#respond\"]}]},{\"@type\":\"WebPage\",\"@id\":\"https:\\\/\\\/www.reichelt.com\\\/magazin\\\/fr\\\/infographies\\\/une-enqute-montre-que-le-mobilit-a-du-potentiel-auprs-des-consommateurs\\\/\",\"url\":\"https:\\\/\\\/www.reichelt.com\\\/magazin\\\/fr\\\/infographies\\\/une-enqute-montre-que-le-mobilit-a-du-potentiel-auprs-des-consommateurs\\\/\",\"name\":\"Une enqu\u00eate montre que l'e-mobilit\u00e9 a du potentiel aupr\u00e8s des consommateurs - reichelt Magazin\",\"isPartOf\":{\"@id\":\"https:\\\/\\\/www.reichelt.com\\\/magazin\\\/fr\\\/#website\"},\"primaryImageOfPage\":{\"@id\":\"https:\\\/\\\/www.reichelt.com\\\/magazin\\\/fr\\\/infographies\\\/une-enqute-montre-que-le-mobilit-a-du-potentiel-auprs-des-consommateurs\\\/#primaryimage\"},\"image\":{\"@id\":\"https:\\\/\\\/www.reichelt.com\\\/magazin\\\/fr\\\/infographies\\\/une-enqute-montre-que-le-mobilit-a-du-potentiel-auprs-des-consommateurs\\\/#primaryimage\"},\"thumbnailUrl\":\"https:\\\/\\\/www.reichelt.com\\\/magazin\\\/wp-content\\\/uploads\\\/2019\\\/10\\\/Titel_E-Mobilitaet_175734597.png\",\"datePublished\":\"2019-10-28T12:42:47+00:00\",\"dateModified\":\"2023-09-08T08:12:22+00:00\",\"breadcrumb\":{\"@id\":\"https:\\\/\\\/www.reichelt.com\\\/magazin\\\/fr\\\/infographies\\\/une-enqute-montre-que-le-mobilit-a-du-potentiel-auprs-des-consommateurs\\\/#breadcrumb\"},\"inLanguage\":\"fr-FR\",\"potentialAction\":[{\"@type\":\"ReadAction\",\"target\":[\"https:\\\/\\\/www.reichelt.com\\\/magazin\\\/fr\\\/infographies\\\/une-enqute-montre-que-le-mobilit-a-du-potentiel-auprs-des-consommateurs\\\/\"]}]},{\"@type\":\"ImageObject\",\"inLanguage\":\"fr-FR\",\"@id\":\"https:\\\/\\\/www.reichelt.com\\\/magazin\\\/fr\\\/infographies\\\/une-enqute-montre-que-le-mobilit-a-du-potentiel-auprs-des-consommateurs\\\/#primaryimage\",\"url\":\"https:\\\/\\\/www.reichelt.com\\\/magazin\\\/wp-content\\\/uploads\\\/2019\\\/10\\\/Titel_E-Mobilitaet_175734597.png\",\"contentUrl\":\"https:\\\/\\\/www.reichelt.com\\\/magazin\\\/wp-content\\\/uploads\\\/2019\\\/10\\\/Titel_E-Mobilitaet_175734597.png\",\"width\":1350,\"height\":400,\"caption\":\"Umfrage zeigt: E-Mobilit\u00e4t hat Potenzial bei Verbrauchern\"},{\"@type\":\"BreadcrumbList\",\"@id\":\"https:\\\/\\\/www.reichelt.com\\\/magazin\\\/fr\\\/infographies\\\/une-enqute-montre-que-le-mobilit-a-du-potentiel-auprs-des-consommateurs\\\/#breadcrumb\",\"itemListElement\":[{\"@type\":\"ListItem\",\"position\":1,\"name\":\"Home\",\"item\":\"https:\\\/\\\/www.reichelt.com\\\/magazin\\\/fr\\\/\"},{\"@type\":\"ListItem\",\"position\":2,\"name\":\"Une enqu\u00eate montre que l&#8217;e-mobilit\u00e9 a du potentiel aupr\u00e8s des consommateurs\"}]},{\"@type\":\"WebSite\",\"@id\":\"https:\\\/\\\/www.reichelt.com\\\/magazin\\\/fr\\\/#website\",\"url\":\"https:\\\/\\\/www.reichelt.com\\\/magazin\\\/fr\\\/\",\"name\":\"reichelt Magazin\",\"description\":\"Das Technik Magazin\",\"publisher\":{\"@id\":\"https:\\\/\\\/www.reichelt.com\\\/magazin\\\/fr\\\/#organization\"},\"potentialAction\":[{\"@type\":\"SearchAction\",\"target\":{\"@type\":\"EntryPoint\",\"urlTemplate\":\"https:\\\/\\\/www.reichelt.com\\\/magazin\\\/fr\\\/?s={search_term_string}\"},\"query-input\":{\"@type\":\"PropertyValueSpecification\",\"valueRequired\":true,\"valueName\":\"search_term_string\"}}],\"inLanguage\":\"fr-FR\"},{\"@type\":\"Organization\",\"@id\":\"https:\\\/\\\/www.reichelt.com\\\/magazin\\\/fr\\\/#organization\",\"name\":\"reichelt Magazin\",\"url\":\"https:\\\/\\\/www.reichelt.com\\\/magazin\\\/fr\\\/\",\"logo\":{\"@type\":\"ImageObject\",\"inLanguage\":\"fr-FR\",\"@id\":\"https:\\\/\\\/www.reichelt.com\\\/magazin\\\/fr\\\/#\\\/schema\\\/logo\\\/image\\\/\",\"url\":\"https:\\\/\\\/www.reichelt.com\\\/magazin\\\/wp-content\\\/uploads\\\/2021\\\/11\\\/reichelt_magazin_logo_de_nl-1.svg\",\"contentUrl\":\"https:\\\/\\\/www.reichelt.com\\\/magazin\\\/wp-content\\\/uploads\\\/2021\\\/11\\\/reichelt_magazin_logo_de_nl-1.svg\",\"width\":456,\"height\":149,\"caption\":\"reichelt Magazin\"},\"image\":{\"@id\":\"https:\\\/\\\/www.reichelt.com\\\/magazin\\\/fr\\\/#\\\/schema\\\/logo\\\/image\\\/\"}},{\"@type\":\"Person\",\"@id\":\"https:\\\/\\\/www.reichelt.com\\\/magazin\\\/fr\\\/#\\\/schema\\\/person\\\/54edf009d7730dbe36a83d3e9948e08f\",\"name\":\"admin\",\"sameAs\":[\"https:\\\/\\\/magazin.reichelt.de\\\/magazin\"]}]}<\/script>\n<!-- \/ Yoast SEO Premium plugin. -->","yoast_head_json":{"title":"Une enqu\u00eate montre que l'e-mobilit\u00e9 a du potentiel aupr\u00e8s des consommateurs - reichelt Magazin","robots":{"index":"index","follow":"follow","max-snippet":"max-snippet:-1","max-image-preview":"max-image-preview:large","max-video-preview":"max-video-preview:-1"},"canonical":"https:\/\/www.reichelt.com\/magazin\/fr\/infographies\/une-enqute-montre-que-le-mobilit-a-du-potentiel-auprs-des-consommateurs\/","og_locale":"fr_FR","og_type":"article","og_title":"Une enqu\u00eate montre que l'e-mobilit\u00e9 a du potentiel aupr\u00e8s des consommateurs","og_description":"Une \u00e9tude r\u00e9alis\u00e9e par OnePoll pour le compte de reichelt elektronik donne un aper\u00e7u de l&#8217;attitude des consommateurs fran\u00e7ais \u00e0 l&#8217;\u00e9gard de l&#8217;e-mobilit\u00e9. Plus pr\u00e9cis\u00e9ment, l&#8217;acceptation des v\u00e9los \u00e9lectriques et des voitures \u00e9lectriques sera examin\u00e9e. Les principales raisons de l&#8217;utilisation des v\u00e9hicules \u00e9lectroniques pour la majorit\u00e9 des personnes interrog\u00e9es sont le souci de l&#8217;environnement et [&hellip;]","og_url":"https:\/\/www.reichelt.com\/magazin\/fr\/infographies\/une-enqute-montre-que-le-mobilit-a-du-potentiel-auprs-des-consommateurs\/","og_site_name":"reichelt Magazin","article_published_time":"2019-10-28T12:42:47+00:00","article_modified_time":"2023-09-08T08:12:22+00:00","og_image":[{"width":1350,"height":400,"url":"https:\/\/212.184.1.90\/magazin\/wp-content\/uploads\/2019\/10\/Titel_E-Mobilitaet_175734597.png","type":"image\/png"}],"author":"admin","twitter_card":"summary_large_image","twitter_misc":{"\u00c9crit par":"admin","Dur\u00e9e de lecture estim\u00e9e":"2 minutes"},"schema":{"@context":"https:\/\/schema.org","@graph":[{"@type":"Article","@id":"https:\/\/www.reichelt.com\/magazin\/fr\/infographies\/une-enqute-montre-que-le-mobilit-a-du-potentiel-auprs-des-consommateurs\/#article","isPartOf":{"@id":"https:\/\/www.reichelt.com\/magazin\/fr\/infographies\/une-enqute-montre-que-le-mobilit-a-du-potentiel-auprs-des-consommateurs\/"},"author":{"name":"admin","@id":"https:\/\/www.reichelt.com\/magazin\/fr\/#\/schema\/person\/54edf009d7730dbe36a83d3e9948e08f"},"headline":"Une enqu\u00eate montre que l&#8217;e-mobilit\u00e9 a du potentiel aupr\u00e8s des consommateurs","datePublished":"2019-10-28T12:42:47+00:00","dateModified":"2023-09-08T08:12:22+00:00","mainEntityOfPage":{"@id":"https:\/\/www.reichelt.com\/magazin\/fr\/infographies\/une-enqute-montre-que-le-mobilit-a-du-potentiel-auprs-des-consommateurs\/"},"wordCount":246,"commentCount":0,"publisher":{"@id":"https:\/\/www.reichelt.com\/magazin\/fr\/#organization"},"image":{"@id":"https:\/\/www.reichelt.com\/magazin\/fr\/infographies\/une-enqute-montre-que-le-mobilit-a-du-potentiel-auprs-des-consommateurs\/#primaryimage"},"thumbnailUrl":"https:\/\/www.reichelt.com\/magazin\/wp-content\/uploads\/2019\/10\/Titel_E-Mobilitaet_175734597.png","articleSection":["\u00c9tudes"],"inLanguage":"fr-FR","potentialAction":[{"@type":"CommentAction","name":"Comment","target":["https:\/\/www.reichelt.com\/magazin\/fr\/infographies\/une-enqute-montre-que-le-mobilit-a-du-potentiel-auprs-des-consommateurs\/#respond"]}]},{"@type":"WebPage","@id":"https:\/\/www.reichelt.com\/magazin\/fr\/infographies\/une-enqute-montre-que-le-mobilit-a-du-potentiel-auprs-des-consommateurs\/","url":"https:\/\/www.reichelt.com\/magazin\/fr\/infographies\/une-enqute-montre-que-le-mobilit-a-du-potentiel-auprs-des-consommateurs\/","name":"Une enqu\u00eate montre que l'e-mobilit\u00e9 a du potentiel aupr\u00e8s des consommateurs - reichelt Magazin","isPartOf":{"@id":"https:\/\/www.reichelt.com\/magazin\/fr\/#website"},"primaryImageOfPage":{"@id":"https:\/\/www.reichelt.com\/magazin\/fr\/infographies\/une-enqute-montre-que-le-mobilit-a-du-potentiel-auprs-des-consommateurs\/#primaryimage"},"image":{"@id":"https:\/\/www.reichelt.com\/magazin\/fr\/infographies\/une-enqute-montre-que-le-mobilit-a-du-potentiel-auprs-des-consommateurs\/#primaryimage"},"thumbnailUrl":"https:\/\/www.reichelt.com\/magazin\/wp-content\/uploads\/2019\/10\/Titel_E-Mobilitaet_175734597.png","datePublished":"2019-10-28T12:42:47+00:00","dateModified":"2023-09-08T08:12:22+00:00","breadcrumb":{"@id":"https:\/\/www.reichelt.com\/magazin\/fr\/infographies\/une-enqute-montre-que-le-mobilit-a-du-potentiel-auprs-des-consommateurs\/#breadcrumb"},"inLanguage":"fr-FR","potentialAction":[{"@type":"ReadAction","target":["https:\/\/www.reichelt.com\/magazin\/fr\/infographies\/une-enqute-montre-que-le-mobilit-a-du-potentiel-auprs-des-consommateurs\/"]}]},{"@type":"ImageObject","inLanguage":"fr-FR","@id":"https:\/\/www.reichelt.com\/magazin\/fr\/infographies\/une-enqute-montre-que-le-mobilit-a-du-potentiel-auprs-des-consommateurs\/#primaryimage","url":"https:\/\/www.reichelt.com\/magazin\/wp-content\/uploads\/2019\/10\/Titel_E-Mobilitaet_175734597.png","contentUrl":"https:\/\/www.reichelt.com\/magazin\/wp-content\/uploads\/2019\/10\/Titel_E-Mobilitaet_175734597.png","width":1350,"height":400,"caption":"Umfrage zeigt: E-Mobilit\u00e4t hat Potenzial bei Verbrauchern"},{"@type":"BreadcrumbList","@id":"https:\/\/www.reichelt.com\/magazin\/fr\/infographies\/une-enqute-montre-que-le-mobilit-a-du-potentiel-auprs-des-consommateurs\/#breadcrumb","itemListElement":[{"@type":"ListItem","position":1,"name":"Home","item":"https:\/\/www.reichelt.com\/magazin\/fr\/"},{"@type":"ListItem","position":2,"name":"Une enqu\u00eate montre que l&#8217;e-mobilit\u00e9 a du potentiel aupr\u00e8s des consommateurs"}]},{"@type":"WebSite","@id":"https:\/\/www.reichelt.com\/magazin\/fr\/#website","url":"https:\/\/www.reichelt.com\/magazin\/fr\/","name":"reichelt Magazin","description":"Das Technik Magazin","publisher":{"@id":"https:\/\/www.reichelt.com\/magazin\/fr\/#organization"},"potentialAction":[{"@type":"SearchAction","target":{"@type":"EntryPoint","urlTemplate":"https:\/\/www.reichelt.com\/magazin\/fr\/?s={search_term_string}"},"query-input":{"@type":"PropertyValueSpecification","valueRequired":true,"valueName":"search_term_string"}}],"inLanguage":"fr-FR"},{"@type":"Organization","@id":"https:\/\/www.reichelt.com\/magazin\/fr\/#organization","name":"reichelt Magazin","url":"https:\/\/www.reichelt.com\/magazin\/fr\/","logo":{"@type":"ImageObject","inLanguage":"fr-FR","@id":"https:\/\/www.reichelt.com\/magazin\/fr\/#\/schema\/logo\/image\/","url":"https:\/\/www.reichelt.com\/magazin\/wp-content\/uploads\/2021\/11\/reichelt_magazin_logo_de_nl-1.svg","contentUrl":"https:\/\/www.reichelt.com\/magazin\/wp-content\/uploads\/2021\/11\/reichelt_magazin_logo_de_nl-1.svg","width":456,"height":149,"caption":"reichelt Magazin"},"image":{"@id":"https:\/\/www.reichelt.com\/magazin\/fr\/#\/schema\/logo\/image\/"}},{"@type":"Person","@id":"https:\/\/www.reichelt.com\/magazin\/fr\/#\/schema\/person\/54edf009d7730dbe36a83d3e9948e08f","name":"admin","sameAs":["https:\/\/magazin.reichelt.de\/magazin"]}]}},"_links":{"self":[{"href":"https:\/\/www.reichelt.com\/magazin\/fr\/wp-json\/wp\/v2\/posts\/40350","targetHints":{"allow":["GET"]}}],"collection":[{"href":"https:\/\/www.reichelt.com\/magazin\/fr\/wp-json\/wp\/v2\/posts"}],"about":[{"href":"https:\/\/www.reichelt.com\/magazin\/fr\/wp-json\/wp\/v2\/types\/post"}],"author":[{"embeddable":true,"href":"https:\/\/www.reichelt.com\/magazin\/fr\/wp-json\/wp\/v2\/users\/1"}],"replies":[{"embeddable":true,"href":"https:\/\/www.reichelt.com\/magazin\/fr\/wp-json\/wp\/v2\/comments?post=40350"}],"version-history":[{"count":8,"href":"https:\/\/www.reichelt.com\/magazin\/fr\/wp-json\/wp\/v2\/posts\/40350\/revisions"}],"predecessor-version":[{"id":87620,"href":"https:\/\/www.reichelt.com\/magazin\/fr\/wp-json\/wp\/v2\/posts\/40350\/revisions\/87620"}],"wp:featuredmedia":[{"embeddable":true,"href":"https:\/\/www.reichelt.com\/magazin\/fr\/wp-json\/wp\/v2\/media\/87554"}],"wp:attachment":[{"href":"https:\/\/www.reichelt.com\/magazin\/fr\/wp-json\/wp\/v2\/media?parent=40350"}],"wp:term":[{"taxonomy":"category","embeddable":true,"href":"https:\/\/www.reichelt.com\/magazin\/fr\/wp-json\/wp\/v2\/categories?post=40350"},{"taxonomy":"post_tag","embeddable":true,"href":"https:\/\/www.reichelt.com\/magazin\/fr\/wp-json\/wp\/v2\/tags?post=40350"}],"curies":[{"name":"wp","href":"https:\/\/api.w.org\/{rel}","templated":true}]}}