{"id":40323,"date":"2019-07-01T10:05:56","date_gmt":"2019-07-01T08:05:56","guid":{"rendered":"https:\/\/magazinnew.reichelt.de\/magazin\/non-classifiee\/e-mobilite-nous-clarifions-7-mythes\/"},"modified":"2022-03-10T10:12:22","modified_gmt":"2022-03-10T09:12:22","slug":"e-mobilit-nous-clarifions-7-mythes","status":"publish","type":"post","link":"https:\/\/www.reichelt.com\/magazin\/fr\/conseils\/e-mobilit-nous-clarifions-7-mythes\/","title":{"rendered":"E-Mobilit\u00e9 : Nous clarifions 7 mythes"},"content":{"rendered":"<p>Le trafic est l&#8217;une des trois premi\u00e8res sources d&#8217;\u00e9missions en Allemagne, mais la mobilit\u00e9 \u00e9lectrique peut y rem\u00e9dier. Selon un calcul de VW, l&#8217;\u00e9nergie \u00e9lectrique est environ trois fois plus efficace que les carburants synth\u00e9tiques, car un v\u00e9hicule \u00e9lectrique consomme environ 400 wattheures par kilom\u00e8tre sur l&#8217;ensemble de son cycle de vie sur 200 000 kilom\u00e8tres &#8211; production comprise.<\/p>\n<p>N\u00e9anmoins, seule une voiture neuve sur 40 est une voiture \u00e9lectrique pure. Beaucoup d&#8217;Allemands ont des doutes sur les voitures \u00e9lectriques et d\u00e9cident d&#8217;acheter une voiture avec un moteur aliment\u00e9 par des combustibles fossiles. Mais ces pr\u00e9jug\u00e9s sont-ils justifi\u00e9s ? Pour en savoir plus sur les 7 mythes sur les voitures \u00e9lectriques, cliquez ici.<\/p>\n<h2>Les voitures \u00e9lectriques n&#8217;ont pas un beau design<\/h2>\n<p>Il est bien connu que la beaut\u00e9 r\u00e9side dans l&#8217;\u0153il de celui qui regarde. De nombreux prototypes de voitures \u00e9lectriques ont un design tr\u00e8s futuriste, tandis que d&#8217;autres ressemblent beaucoup \u00e0 des v\u00e9hicules \u00e0 combustion ordinaire. Cependant, de nombreux constructeurs automobiles proposent d\u00e9sormais \u00e9galement leurs mod\u00e8les standard \u00e0 entra\u00eenement \u00e9lectrique. La conception n&#8217;est donc plus susceptible d&#8217;\u00eatre un crit\u00e8re d&#8217;exclusion pour les v\u00e9hicules \u00e9lectriques.<\/p>\n<h2>Les moteurs \u00e9lectriques sont plus sensibles aux incendies<\/h2>\n<p>Non. Bien que les nouvelles parlent beaucoup plus souvent de br\u00fbler des moteurs \u00e9lectriques, statistiquement ce n&#8217;est pas la v\u00e9rit\u00e9. En moyenne, seulement deux voitures \u00e9lectriques prennent feu pour chaque milliard de kilom\u00e8tres parcourus. D&#8217;autre part, environ 90 moteurs \u00e0 combustion s&#8217;enflamment sur le m\u00eame trajet. En moyenne, 40 \u00e0 45 voitures \u00e0 combustion sont en feu chaque jour.<\/p>\n<h2>Les voitures \u00e9lectriques ont trop peu de puissance<\/h2>\n<p>L&#8217;\u00e9poque des voitures de ville lentes est r\u00e9volue depuis longtemps. Pendant ce temps, il y a de nombreuses voitures \u00e9lectriques qui d\u00e9veloppent plusieurs centaines de chevaux et qui passent souvent de z\u00e9ro \u00e0 cent en quelques secondes seulement. La gamme de mobilit\u00e9 \u00e9lectrique comprend de nombreux SUV, tels que l&#8217;E-SUV de Jaguar, des berlines et m\u00eame des voitures de sport. La s\u00e9rie de course de Formule E \u00e0 elle seule devrait \u00eatre un signe pour tous ceux qui doutent que les voitures \u00e9lectriques ont depuis longtemps d\u00e9pass\u00e9 le stade des jolies voitures jouets.<\/p>\n<h2>Les moteurs \u00e9lectriques \u00e9mettent plus de CO\u00b2 que les moteurs \u00e0 combustion.<\/h2>\n<p>Pour pouvoir d\u00e9terminer avec pr\u00e9cision les \u00e9missions polluantes des voitures, il faut les examiner de la &#8220;source&#8221; \u00e0 la &#8220;roue&#8221;. La production de batteries des voitures \u00e9lectriques, par exemple, est tr\u00e8s \u00e9nergivore, mais les \u00e9missions totales sur le cycle de vie de la voiture sont bien inf\u00e9rieures \u00e0 celles des moteurs \u00e0 combustion interne.<\/p>\n<p>En plus de leurs propres \u00e9missions de CO\u00b2, ces moteurs transportent \u00e9galement le carburant de la source au v\u00e9hicule. Il est g\u00e9n\u00e9ralement achemin\u00e9 aux stations-service par camions-citernes et camions et garantit des \u00e9missions de CO\u00b2 \u00e9lev\u00e9es avant m\u00eame d&#8217;\u00eatre utilis\u00e9 dans les voitures. C&#8217;est pourquoi la voiture \u00e9lectrique est beaucoup mieux \u00e9quilibr\u00e9e en termes d&#8217;\u00e9missions polluantes, surtout lorsqu&#8217;elle est charg\u00e9e d&#8217;\u00e9lectricit\u00e9 verte.<\/p>\n<h2>Les voitures \u00e9lectriques n&#8217;ont pas une autonomie suffisante<\/h2>\n<p>Les Allemands conduisent environ 39 kilom\u00e8tres par jour, occupe le minist\u00e8re f\u00e9d\u00e9ral des Transports. Comme la plupart des mod\u00e8les actuels de voitures \u00e9lectriques ont une autonomie d&#8217;environ 300 \u00e0 500 kilom\u00e8tres par charge de r\u00e9servoir, l&#8217;autonomie est donc tout \u00e0 fait suffisante &#8211; m\u00eame si l&#8217;autonomie en utilisation quotidienne peut \u00eatre inf\u00e9rieure aux sp\u00e9cifications du constructeur en raison des syst\u00e8mes de climatisation ou du trafic urbain. Les voitures \u00e9lectriques ne peuvent pas rivaliser avec la gamme des moteurs \u00e0 combustion, mais c&#8217;est suffisant pour un voyage de Hambourg \u00e0 Berlin.<\/p>\n<h2>Faire le plein d&#8217;\u00e9lectricit\u00e9 = temps de charge<\/h2>\n<p>Charger votre voiture \u00e9lectrique sur le r\u00e9seau domestique normal prend jusqu&#8217;\u00e0 huit heures pour charger compl\u00e8tement la batterie vide. Mais le processus de ravitaillement diff\u00e8re consid\u00e9rablement des voitures \u00e0 essence et diesel, car vous n&#8217;avez pas besoin de faire un d\u00e9tour suppl\u00e9mentaire vers une station-service et n&#8217;avez pas \u00e0 attendre \u00e0 c\u00f4t\u00e9 du v\u00e9hicule pendant le processus de ravitaillement. Faire le plein d&#8217;e-autos est un effet secondaire : pendant le shopping, au restaurant, au travail ou pendant la nuit.<\/p>\n<p>Le r\u00e9seau de stations de charge rapides et ultra-courtes est \u00e9galement en constante expansion. L\u00e0, seulement six \u00e0 huit minutes de temps de charge suffisent pour les 100 prochains kilom\u00e8tres d&#8217;autonomie.<\/p>\n<h2>Il y a trop peu de stations-service \u00e9lectriques<\/h2>\n<span data-view=\"article\" data-artid=\"224204\" data-lang=\"de\"><\/span>En Allemagne, la plupart des stations-service d&#8217;\u00e9lectricit\u00e9 sont situ\u00e9es dans les zones urbaines, sur les aires de repos autorouti\u00e8res et dans les stations-service. Au total, 17 400 points de recharge ont \u00e9t\u00e9 localis\u00e9s en mars 2019, soit environ un tiers de plus que l&#8217;\u00e9t\u00e9 dernier. Ils repr\u00e9sentent environ 99 000 voitures \u00e9lectriques. Seules 5,7 voitures \u00e9lectriques partagent un point de chargement. Une directive europ\u00e9enne recommande une valeur de 10 e-cars par point de chargement. Avec l&#8217;\u00e9volution rapide de l&#8217;infrastructure de recharge, les conducteurs n&#8217;ont plus \u00e0 s&#8217;inqui\u00e9ter de ne pas pouvoir recharger leur v\u00e9hicule.<\/p>\n<p>Mais m\u00eame s&#8217;il n&#8217;y a pas de station-service \u00e9lectrique \u00e0 proximit\u00e9, la mobilit\u00e9 \u00e9lectrique ne s&#8217;arr\u00eate pas l\u00e0 : Avec de petites aides comme le go-eCharger, chaque prise devient une station de charge. Le bo\u00eetier de charge mobile compact de 22 kW est compatible avec les prises type 1 et type 2 et devient un chargeur mobile en quelques \u00e9tapes simples. Ainsi, les voitures \u00e9lectriques peuvent \u00eatre recharg\u00e9es sur n&#8217;importe quelle prise. Gr\u00e2ce \u00e0 diff\u00e9rents adaptateurs pour une grande partie de l&#8217;Europe, les batteries ne restent pas vides, m\u00eame en vacances.<\/p>\n<h2>Installez votre propre station de charge \u00e0 la maison<\/h2>\n<p>Le go-eCharger convient \u00e9galement \u00e0 l&#8217;installation de votre propre station de charge dans votre propre maison. Ainsi, la voiture \u00e9lectrique peut toujours \u00eatre recharg\u00e9e de mani\u00e8re pratique pendant la nuit. Il fournit jusqu&#8217;\u00e0 22 kW (32 A triphas\u00e9) pour une charge rapide. De plus, il dispose de fonctions de s\u00e9curit\u00e9 \u00e9tendues telles que la reconnaissance de phase, la mesure de mise \u00e0 la terre et la reconnaissance d&#8217;adaptateur.<\/p>\n<p>Tous les param\u00e8tres importants tels que le r\u00e9glage de l&#8217;intensit\u00e9 du courant ou le d\u00e9but du temps de charge peuvent \u00eatre facilement r\u00e9gl\u00e9s dans l&#8217;application correspondante.<\/p>\n<h3>Consignes de s\u00e9curit\u00e9<\/h3>\n<p>Si ce bo\u00eetier est install\u00e9 en permanence ou s&#8217;il fonctionne \u00e0 une puissance sup\u00e9rieure \u00e0 12 kW, il est recommand\u00e9 de consulter un \u00e9lectricien. Si des prises CEE ou des c\u00e2bles sont install\u00e9s ou pos\u00e9s, cela doit \u00eatre fait par un sp\u00e9cialiste. Nous vous recommandons \u00e9galement d&#8217;impliquer votre op\u00e9rateur r\u00e9seau dans votre planification et vos plans.<\/p>\n<p>Image source:&nbsp;AdobeStock #39293318<\/p>\n<p>&nbsp;<\/p>\n","protected":false},"excerpt":{"rendered":"<p>Le trafic est l&#8217;une des trois premi\u00e8res sources d&#8217;\u00e9missions en Allemagne, mais la mobilit\u00e9 \u00e9lectrique peut y rem\u00e9dier. Selon un calcul de VW, l&#8217;\u00e9nergie \u00e9lectrique est environ trois fois plus efficace que les carburants synth\u00e9tiques, car un v\u00e9hicule \u00e9lectrique consomme environ 400 wattheures par kilom\u00e8tre sur l&#8217;ensemble de son cycle de vie sur 200 000 [&hellip;]<\/p>\n","protected":false},"author":1,"featured_media":42079,"comment_status":"open","ping_status":"open","sticky":false,"template":"","format":"standard","meta":{"footnotes":""},"categories":[6044],"tags":[],"class_list":["post-40323","post","type-post","status-publish","format-standard","has-post-thumbnail","hentry","category-conseils"],"yoast_head":"<!-- This site is optimized with the Yoast SEO Premium plugin v27.4 (Yoast SEO v27.4) - https:\/\/yoast.com\/product\/yoast-seo-premium-wordpress\/ -->\n<title>E-Mobilit\u00e9 : Nous clarifions 7 mythes - reichelt Magazin<\/title>\n<meta name=\"description\" content=\"Les voitures \u00e9lectriques ont trop peu d&#039;autonomie et il y a trop peu de stations de charge. Dans notre article, nous expliquons pourquoi ce n&#039;est pas le cas.\" \/>\n<meta name=\"robots\" content=\"index, follow, max-snippet:-1, max-image-preview:large, max-video-preview:-1\" \/>\n<link rel=\"canonical\" href=\"https:\/\/www.reichelt.com\/magazin\/fr\/conseils\/e-mobilit-nous-clarifions-7-mythes\/\" \/>\n<meta property=\"og:locale\" content=\"fr_FR\" \/>\n<meta property=\"og:type\" content=\"article\" \/>\n<meta property=\"og:title\" content=\"E-Mobilit\u00e9 : Nous clarifions 7 mythes - reichelt Magazin\" \/>\n<meta property=\"og:description\" content=\"Les voitures \u00e9lectriques ont trop peu d&#039;autonomie et il y a trop peu de stations de charge. Dans notre article, nous expliquons pourquoi ce n&#039;est pas le cas.\" \/>\n<meta property=\"og:url\" content=\"https:\/\/www.reichelt.com\/magazin\/fr\/conseils\/e-mobilit-nous-clarifions-7-mythes\/\" \/>\n<meta property=\"og:site_name\" content=\"reichelt Magazin\" \/>\n<meta property=\"article:published_time\" content=\"2019-07-01T08:05:56+00:00\" \/>\n<meta property=\"article:modified_time\" content=\"2022-03-10T09:12:22+00:00\" \/>\n<meta property=\"og:image\" content=\"https:\/\/www.reichelt.de\/magazin\/wp-content\/uploads\/2021\/11\/AdobeStock_39293318-1-scaled-1.jpeg\" \/>\n\t<meta property=\"og:image:width\" content=\"2560\" \/>\n\t<meta property=\"og:image:height\" content=\"1620\" \/>\n\t<meta property=\"og:image:type\" content=\"image\/jpeg\" \/>\n<meta name=\"author\" content=\"admin\" \/>\n<meta name=\"twitter:card\" content=\"summary_large_image\" \/>\n<meta name=\"twitter:title\" content=\"E-Mobilit\u00e9 : Nous clarifions 7 mythes\" \/>\n<meta name=\"twitter:label1\" content=\"\u00c9crit par\" \/>\n\t<meta name=\"twitter:data1\" content=\"admin\" \/>\n\t<meta name=\"twitter:label2\" content=\"Dur\u00e9e de lecture estim\u00e9e\" \/>\n\t<meta name=\"twitter:data2\" content=\"6 minutes\" \/>\n<script type=\"application\/ld+json\" class=\"yoast-schema-graph\">{\"@context\":\"https:\\\/\\\/schema.org\",\"@graph\":[{\"@type\":\"Article\",\"@id\":\"https:\\\/\\\/www.reichelt.com\\\/magazin\\\/fr\\\/conseils\\\/e-mobilit-nous-clarifions-7-mythes\\\/#article\",\"isPartOf\":{\"@id\":\"https:\\\/\\\/www.reichelt.com\\\/magazin\\\/fr\\\/conseils\\\/e-mobilit-nous-clarifions-7-mythes\\\/\"},\"author\":{\"name\":\"admin\",\"@id\":\"https:\\\/\\\/www.reichelt.com\\\/magazin\\\/fr\\\/#\\\/schema\\\/person\\\/54edf009d7730dbe36a83d3e9948e08f\"},\"headline\":\"E-Mobilit\u00e9 : Nous clarifions 7 mythes\",\"datePublished\":\"2019-07-01T08:05:56+00:00\",\"dateModified\":\"2022-03-10T09:12:22+00:00\",\"mainEntityOfPage\":{\"@id\":\"https:\\\/\\\/www.reichelt.com\\\/magazin\\\/fr\\\/conseils\\\/e-mobilit-nous-clarifions-7-mythes\\\/\"},\"wordCount\":1149,\"commentCount\":0,\"publisher\":{\"@id\":\"https:\\\/\\\/www.reichelt.com\\\/magazin\\\/fr\\\/#organization\"},\"image\":{\"@id\":\"https:\\\/\\\/www.reichelt.com\\\/magazin\\\/fr\\\/conseils\\\/e-mobilit-nous-clarifions-7-mythes\\\/#primaryimage\"},\"thumbnailUrl\":\"https:\\\/\\\/www.reichelt.com\\\/magazin\\\/wp-content\\\/uploads\\\/2021\\\/11\\\/AdobeStock_39293318-1-scaled-1.jpeg\",\"articleSection\":[\"Tutoriels\"],\"inLanguage\":\"fr-FR\",\"potentialAction\":[{\"@type\":\"CommentAction\",\"name\":\"Comment\",\"target\":[\"https:\\\/\\\/www.reichelt.com\\\/magazin\\\/fr\\\/conseils\\\/e-mobilit-nous-clarifions-7-mythes\\\/#respond\"]}]},{\"@type\":\"WebPage\",\"@id\":\"https:\\\/\\\/www.reichelt.com\\\/magazin\\\/fr\\\/conseils\\\/e-mobilit-nous-clarifions-7-mythes\\\/\",\"url\":\"https:\\\/\\\/www.reichelt.com\\\/magazin\\\/fr\\\/conseils\\\/e-mobilit-nous-clarifions-7-mythes\\\/\",\"name\":\"E-Mobilit\u00e9 : Nous clarifions 7 mythes - reichelt Magazin\",\"isPartOf\":{\"@id\":\"https:\\\/\\\/www.reichelt.com\\\/magazin\\\/fr\\\/#website\"},\"primaryImageOfPage\":{\"@id\":\"https:\\\/\\\/www.reichelt.com\\\/magazin\\\/fr\\\/conseils\\\/e-mobilit-nous-clarifions-7-mythes\\\/#primaryimage\"},\"image\":{\"@id\":\"https:\\\/\\\/www.reichelt.com\\\/magazin\\\/fr\\\/conseils\\\/e-mobilit-nous-clarifions-7-mythes\\\/#primaryimage\"},\"thumbnailUrl\":\"https:\\\/\\\/www.reichelt.com\\\/magazin\\\/wp-content\\\/uploads\\\/2021\\\/11\\\/AdobeStock_39293318-1-scaled-1.jpeg\",\"datePublished\":\"2019-07-01T08:05:56+00:00\",\"dateModified\":\"2022-03-10T09:12:22+00:00\",\"description\":\"Les voitures \u00e9lectriques ont trop peu d'autonomie et il y a trop peu de stations de charge. Dans notre article, nous expliquons pourquoi ce n'est pas le cas.\",\"breadcrumb\":{\"@id\":\"https:\\\/\\\/www.reichelt.com\\\/magazin\\\/fr\\\/conseils\\\/e-mobilit-nous-clarifions-7-mythes\\\/#breadcrumb\"},\"inLanguage\":\"fr-FR\",\"potentialAction\":[{\"@type\":\"ReadAction\",\"target\":[\"https:\\\/\\\/www.reichelt.com\\\/magazin\\\/fr\\\/conseils\\\/e-mobilit-nous-clarifions-7-mythes\\\/\"]}]},{\"@type\":\"ImageObject\",\"inLanguage\":\"fr-FR\",\"@id\":\"https:\\\/\\\/www.reichelt.com\\\/magazin\\\/fr\\\/conseils\\\/e-mobilit-nous-clarifions-7-mythes\\\/#primaryimage\",\"url\":\"https:\\\/\\\/www.reichelt.com\\\/magazin\\\/wp-content\\\/uploads\\\/2021\\\/11\\\/AdobeStock_39293318-1-scaled-1.jpeg\",\"contentUrl\":\"https:\\\/\\\/www.reichelt.com\\\/magazin\\\/wp-content\\\/uploads\\\/2021\\\/11\\\/AdobeStock_39293318-1-scaled-1.jpeg\",\"width\":2560,\"height\":1620},{\"@type\":\"BreadcrumbList\",\"@id\":\"https:\\\/\\\/www.reichelt.com\\\/magazin\\\/fr\\\/conseils\\\/e-mobilit-nous-clarifions-7-mythes\\\/#breadcrumb\",\"itemListElement\":[{\"@type\":\"ListItem\",\"position\":1,\"name\":\"Home\",\"item\":\"https:\\\/\\\/www.reichelt.com\\\/magazin\\\/fr\\\/\"},{\"@type\":\"ListItem\",\"position\":2,\"name\":\"E-Mobilit\u00e9 : Nous clarifions 7 mythes\"}]},{\"@type\":\"WebSite\",\"@id\":\"https:\\\/\\\/www.reichelt.com\\\/magazin\\\/fr\\\/#website\",\"url\":\"https:\\\/\\\/www.reichelt.com\\\/magazin\\\/fr\\\/\",\"name\":\"reichelt Magazin\",\"description\":\"Das Technik Magazin\",\"publisher\":{\"@id\":\"https:\\\/\\\/www.reichelt.com\\\/magazin\\\/fr\\\/#organization\"},\"potentialAction\":[{\"@type\":\"SearchAction\",\"target\":{\"@type\":\"EntryPoint\",\"urlTemplate\":\"https:\\\/\\\/www.reichelt.com\\\/magazin\\\/fr\\\/?s={search_term_string}\"},\"query-input\":{\"@type\":\"PropertyValueSpecification\",\"valueRequired\":true,\"valueName\":\"search_term_string\"}}],\"inLanguage\":\"fr-FR\"},{\"@type\":\"Organization\",\"@id\":\"https:\\\/\\\/www.reichelt.com\\\/magazin\\\/fr\\\/#organization\",\"name\":\"reichelt Magazin\",\"url\":\"https:\\\/\\\/www.reichelt.com\\\/magazin\\\/fr\\\/\",\"logo\":{\"@type\":\"ImageObject\",\"inLanguage\":\"fr-FR\",\"@id\":\"https:\\\/\\\/www.reichelt.com\\\/magazin\\\/fr\\\/#\\\/schema\\\/logo\\\/image\\\/\",\"url\":\"https:\\\/\\\/www.reichelt.com\\\/magazin\\\/wp-content\\\/uploads\\\/2021\\\/11\\\/reichelt_magazin_logo_de_nl-1.svg\",\"contentUrl\":\"https:\\\/\\\/www.reichelt.com\\\/magazin\\\/wp-content\\\/uploads\\\/2021\\\/11\\\/reichelt_magazin_logo_de_nl-1.svg\",\"width\":456,\"height\":149,\"caption\":\"reichelt Magazin\"},\"image\":{\"@id\":\"https:\\\/\\\/www.reichelt.com\\\/magazin\\\/fr\\\/#\\\/schema\\\/logo\\\/image\\\/\"}},{\"@type\":\"Person\",\"@id\":\"https:\\\/\\\/www.reichelt.com\\\/magazin\\\/fr\\\/#\\\/schema\\\/person\\\/54edf009d7730dbe36a83d3e9948e08f\",\"name\":\"admin\",\"sameAs\":[\"https:\\\/\\\/magazin.reichelt.de\\\/magazin\"]}]}<\/script>\n<!-- \/ Yoast SEO Premium plugin. -->","yoast_head_json":{"title":"E-Mobilit\u00e9 : Nous clarifions 7 mythes - reichelt Magazin","description":"Les voitures \u00e9lectriques ont trop peu d'autonomie et il y a trop peu de stations de charge. Dans notre article, nous expliquons pourquoi ce n'est pas le cas.","robots":{"index":"index","follow":"follow","max-snippet":"max-snippet:-1","max-image-preview":"max-image-preview:large","max-video-preview":"max-video-preview:-1"},"canonical":"https:\/\/www.reichelt.com\/magazin\/fr\/conseils\/e-mobilit-nous-clarifions-7-mythes\/","og_locale":"fr_FR","og_type":"article","og_title":"E-Mobilit\u00e9 : Nous clarifions 7 mythes - reichelt Magazin","og_description":"Les voitures \u00e9lectriques ont trop peu d'autonomie et il y a trop peu de stations de charge. Dans notre article, nous expliquons pourquoi ce n'est pas le cas.","og_url":"https:\/\/www.reichelt.com\/magazin\/fr\/conseils\/e-mobilit-nous-clarifions-7-mythes\/","og_site_name":"reichelt Magazin","article_published_time":"2019-07-01T08:05:56+00:00","article_modified_time":"2022-03-10T09:12:22+00:00","og_image":[{"width":2560,"height":1620,"url":"https:\/\/www.reichelt.de\/magazin\/wp-content\/uploads\/2021\/11\/AdobeStock_39293318-1-scaled-1.jpeg","type":"image\/jpeg"}],"author":"admin","twitter_card":"summary_large_image","twitter_title":"E-Mobilit\u00e9 : Nous clarifions 7 mythes","twitter_misc":{"\u00c9crit par":"admin","Dur\u00e9e de lecture estim\u00e9e":"6 minutes"},"schema":{"@context":"https:\/\/schema.org","@graph":[{"@type":"Article","@id":"https:\/\/www.reichelt.com\/magazin\/fr\/conseils\/e-mobilit-nous-clarifions-7-mythes\/#article","isPartOf":{"@id":"https:\/\/www.reichelt.com\/magazin\/fr\/conseils\/e-mobilit-nous-clarifions-7-mythes\/"},"author":{"name":"admin","@id":"https:\/\/www.reichelt.com\/magazin\/fr\/#\/schema\/person\/54edf009d7730dbe36a83d3e9948e08f"},"headline":"E-Mobilit\u00e9 : Nous clarifions 7 mythes","datePublished":"2019-07-01T08:05:56+00:00","dateModified":"2022-03-10T09:12:22+00:00","mainEntityOfPage":{"@id":"https:\/\/www.reichelt.com\/magazin\/fr\/conseils\/e-mobilit-nous-clarifions-7-mythes\/"},"wordCount":1149,"commentCount":0,"publisher":{"@id":"https:\/\/www.reichelt.com\/magazin\/fr\/#organization"},"image":{"@id":"https:\/\/www.reichelt.com\/magazin\/fr\/conseils\/e-mobilit-nous-clarifions-7-mythes\/#primaryimage"},"thumbnailUrl":"https:\/\/www.reichelt.com\/magazin\/wp-content\/uploads\/2021\/11\/AdobeStock_39293318-1-scaled-1.jpeg","articleSection":["Tutoriels"],"inLanguage":"fr-FR","potentialAction":[{"@type":"CommentAction","name":"Comment","target":["https:\/\/www.reichelt.com\/magazin\/fr\/conseils\/e-mobilit-nous-clarifions-7-mythes\/#respond"]}]},{"@type":"WebPage","@id":"https:\/\/www.reichelt.com\/magazin\/fr\/conseils\/e-mobilit-nous-clarifions-7-mythes\/","url":"https:\/\/www.reichelt.com\/magazin\/fr\/conseils\/e-mobilit-nous-clarifions-7-mythes\/","name":"E-Mobilit\u00e9 : Nous clarifions 7 mythes - reichelt Magazin","isPartOf":{"@id":"https:\/\/www.reichelt.com\/magazin\/fr\/#website"},"primaryImageOfPage":{"@id":"https:\/\/www.reichelt.com\/magazin\/fr\/conseils\/e-mobilit-nous-clarifions-7-mythes\/#primaryimage"},"image":{"@id":"https:\/\/www.reichelt.com\/magazin\/fr\/conseils\/e-mobilit-nous-clarifions-7-mythes\/#primaryimage"},"thumbnailUrl":"https:\/\/www.reichelt.com\/magazin\/wp-content\/uploads\/2021\/11\/AdobeStock_39293318-1-scaled-1.jpeg","datePublished":"2019-07-01T08:05:56+00:00","dateModified":"2022-03-10T09:12:22+00:00","description":"Les voitures \u00e9lectriques ont trop peu d'autonomie et il y a trop peu de stations de charge. Dans notre article, nous expliquons pourquoi ce n'est pas le cas.","breadcrumb":{"@id":"https:\/\/www.reichelt.com\/magazin\/fr\/conseils\/e-mobilit-nous-clarifions-7-mythes\/#breadcrumb"},"inLanguage":"fr-FR","potentialAction":[{"@type":"ReadAction","target":["https:\/\/www.reichelt.com\/magazin\/fr\/conseils\/e-mobilit-nous-clarifions-7-mythes\/"]}]},{"@type":"ImageObject","inLanguage":"fr-FR","@id":"https:\/\/www.reichelt.com\/magazin\/fr\/conseils\/e-mobilit-nous-clarifions-7-mythes\/#primaryimage","url":"https:\/\/www.reichelt.com\/magazin\/wp-content\/uploads\/2021\/11\/AdobeStock_39293318-1-scaled-1.jpeg","contentUrl":"https:\/\/www.reichelt.com\/magazin\/wp-content\/uploads\/2021\/11\/AdobeStock_39293318-1-scaled-1.jpeg","width":2560,"height":1620},{"@type":"BreadcrumbList","@id":"https:\/\/www.reichelt.com\/magazin\/fr\/conseils\/e-mobilit-nous-clarifions-7-mythes\/#breadcrumb","itemListElement":[{"@type":"ListItem","position":1,"name":"Home","item":"https:\/\/www.reichelt.com\/magazin\/fr\/"},{"@type":"ListItem","position":2,"name":"E-Mobilit\u00e9 : Nous clarifions 7 mythes"}]},{"@type":"WebSite","@id":"https:\/\/www.reichelt.com\/magazin\/fr\/#website","url":"https:\/\/www.reichelt.com\/magazin\/fr\/","name":"reichelt Magazin","description":"Das Technik Magazin","publisher":{"@id":"https:\/\/www.reichelt.com\/magazin\/fr\/#organization"},"potentialAction":[{"@type":"SearchAction","target":{"@type":"EntryPoint","urlTemplate":"https:\/\/www.reichelt.com\/magazin\/fr\/?s={search_term_string}"},"query-input":{"@type":"PropertyValueSpecification","valueRequired":true,"valueName":"search_term_string"}}],"inLanguage":"fr-FR"},{"@type":"Organization","@id":"https:\/\/www.reichelt.com\/magazin\/fr\/#organization","name":"reichelt Magazin","url":"https:\/\/www.reichelt.com\/magazin\/fr\/","logo":{"@type":"ImageObject","inLanguage":"fr-FR","@id":"https:\/\/www.reichelt.com\/magazin\/fr\/#\/schema\/logo\/image\/","url":"https:\/\/www.reichelt.com\/magazin\/wp-content\/uploads\/2021\/11\/reichelt_magazin_logo_de_nl-1.svg","contentUrl":"https:\/\/www.reichelt.com\/magazin\/wp-content\/uploads\/2021\/11\/reichelt_magazin_logo_de_nl-1.svg","width":456,"height":149,"caption":"reichelt Magazin"},"image":{"@id":"https:\/\/www.reichelt.com\/magazin\/fr\/#\/schema\/logo\/image\/"}},{"@type":"Person","@id":"https:\/\/www.reichelt.com\/magazin\/fr\/#\/schema\/person\/54edf009d7730dbe36a83d3e9948e08f","name":"admin","sameAs":["https:\/\/magazin.reichelt.de\/magazin"]}]}},"_links":{"self":[{"href":"https:\/\/www.reichelt.com\/magazin\/fr\/wp-json\/wp\/v2\/posts\/40323","targetHints":{"allow":["GET"]}}],"collection":[{"href":"https:\/\/www.reichelt.com\/magazin\/fr\/wp-json\/wp\/v2\/posts"}],"about":[{"href":"https:\/\/www.reichelt.com\/magazin\/fr\/wp-json\/wp\/v2\/types\/post"}],"author":[{"embeddable":true,"href":"https:\/\/www.reichelt.com\/magazin\/fr\/wp-json\/wp\/v2\/users\/1"}],"replies":[{"embeddable":true,"href":"https:\/\/www.reichelt.com\/magazin\/fr\/wp-json\/wp\/v2\/comments?post=40323"}],"version-history":[{"count":1,"href":"https:\/\/www.reichelt.com\/magazin\/fr\/wp-json\/wp\/v2\/posts\/40323\/revisions"}],"predecessor-version":[{"id":44246,"href":"https:\/\/www.reichelt.com\/magazin\/fr\/wp-json\/wp\/v2\/posts\/40323\/revisions\/44246"}],"wp:featuredmedia":[{"embeddable":true,"href":"https:\/\/www.reichelt.com\/magazin\/fr\/wp-json\/wp\/v2\/media\/42079"}],"wp:attachment":[{"href":"https:\/\/www.reichelt.com\/magazin\/fr\/wp-json\/wp\/v2\/media?parent=40323"}],"wp:term":[{"taxonomy":"category","embeddable":true,"href":"https:\/\/www.reichelt.com\/magazin\/fr\/wp-json\/wp\/v2\/categories?post=40323"},{"taxonomy":"post_tag","embeddable":true,"href":"https:\/\/www.reichelt.com\/magazin\/fr\/wp-json\/wp\/v2\/tags?post=40323"}],"curies":[{"name":"wp","href":"https:\/\/api.w.org\/{rel}","templated":true}]}}