{"id":39923,"date":"2018-03-01T16:55:51","date_gmt":"2018-03-01T15:55:51","guid":{"rendered":"https:\/\/magazinnew.reichelt.de\/magazin\/non-classifiee\/les-francais-saccrochent-a-leur-ordinateur-de-bureau-mais-plus-pour-longtemps\/"},"modified":"2024-01-15T14:55:31","modified_gmt":"2024-01-15T13:55:31","slug":"les-francais-s-accrochent-a-leur-ordinateur-de-bureau","status":"publish","type":"post","link":"https:\/\/www.reichelt.com\/magazin\/fr\/infographies\/les-francais-s-accrochent-a-leur-ordinateur-de-bureau\/","title":{"rendered":"Les Fran\u00e7ais s&#8217;accrochent \u00e0 leur ordinateur de bureau &#8211; mais plus pour longtemps\u00a0!"},"content":{"rendered":"\n<p>Les ordinateurs de bureau sont-ils en train de vivre leurs derni\u00e8res heures ? Alors que les ordinateurs portables et les smartphones sont pl\u00e9biscit\u00e9s par les Fran\u00e7ais (90% et 89% d\u2019utilisateurs respectivement), et que les tablettes et les PC hybrides 2 en 1 conqui\u00e8rent de nouvelles parts de march\u00e9, reichelt elektronik s\u2019interroge sur l\u2019utilisation des ordinateurs de bureau. Obsolescence totale ou utilisation soutenue, c\u2019est l\u2019objet de la derni\u00e8re \u00e9tude men\u00e9e par OnePoll pour reichelt elektronik.<\/p>\n\n\n\n<h2 class=\"wp-block-heading\" id=\"h-ordinateurs-de-bureau-quelle-utilisation\">Ordinateurs de bureau : quelle utilisation ? <\/h2>\n\n\n\n<p>M\u00eame si l\u2019offre d\u2019appareils \u00e9lectroniques s\u2019\u00e9toffe de jour en jour, l\u2019\u00e9tude reichelt elektronik\/OnePoll d\u00e9montre que les ordinateurs de bureau ont encore toute leur place dans les foyers fran\u00e7ais. En effet, 67,5% des Fran\u00e7ais poss\u00e8dent un ordinateur de bureau, et ils sont 42,5% \u00e0 l\u2019utiliser tous les jours.<\/p>\n\n\n\n<p>En observant les r\u00e9sultats par g\u00e9n\u00e9ration, la fr\u00e9quence d\u2019utilisation varie : 77% des 55+ qui poss\u00e8dent un ordinateur de bureau l\u2019utilisent, contre 52,5% pour les 18-24 ans. Alors que les 55+ en ont une utilisation plus r\u00e9guli\u00e8re, ils ne sont que 9% \u00e0 avoir l\u2019intention d\u2019acheter un ordinateur de bureau au cours des 12 prochains mois, contre 18% pour les 18-24 ans. En effet, les ordinateurs de bureau sont moins souvent renouvel\u00e9s que les appareils mobiles.<\/p>\n\n\n\n<figure class=\"wp-block-image size-large\"><img fetchpriority=\"high\" decoding=\"async\" width=\"640\" height=\"452\" src=\"https:\/\/www.reichelt.com\/magazin\/wp-content\/uploads\/2024\/01\/Infografik_Desktop-PC_fr-1.png\" alt=\"Infographie de l'enqu\u00eate : ordinateur de bureau\" class=\"wp-image-91991\" srcset=\"https:\/\/www.reichelt.com\/magazin\/wp-content\/uploads\/2024\/01\/Infografik_Desktop-PC_fr-1.png 640w, https:\/\/www.reichelt.com\/magazin\/wp-content\/uploads\/2024\/01\/Infografik_Desktop-PC_fr-1-300x212.png 300w\" sizes=\"(max-width: 640px) 100vw, 640px\" \/><\/figure>\n\n\n\n<h3 class=\"wp-block-heading\" id=\"h-tablettes-et-pc-hybrides-2-en-1-une-tendance-qui-prend-de-l-ampleur\">Tablettes et PC hybrides 2 en 1 &#8211; une tendance qui prend de l&#8217;ampleur<\/h3>\n\n\n\n<p>Les appareils mobiles sont incontestablement leaders. L&#8217;ordinateur portable arrive en premi\u00e8re place du classement avec 90% des r\u00e9pondants qui en poss\u00e8dent un, 89% poss\u00e8dent un smartphone, et 67% une tablette ou un PC hybride 2 en 1.<\/p>\n\n\n\n<p>La tendance des tablettes ne fait que s\u2019accentuer puisque 35% des Fran\u00e7ais d\u00e9tenaient une tablette en 2015 selon le <a href=\"http:\/\/www.credoc.fr\/publications\/abstract.php?ref=R337\">Barom\u00e8tre du num\u00e9rique 2017 du Cr\u00e9doc<\/a> alors qu\u2019aujourd\u2019hui, 64% des r\u00e9pondants \u00e0 l\u2019enqu\u00eate reichelt elektronik\/OnePoll d\u00e9clarent poss\u00e9der une tablette ou un PC hybride 2 en 1. L\u2019utilisation de la tablette est privil\u00e9gi\u00e9e par les 35-44 ans&nbsp;: ils sont 32% \u00e0 l\u2019utiliser plusieurs fois par jour (contre 20% pour les 18-24 et les 55+).<\/p>\n\n\n\n<p>Les PC hybrides 2 en 1 ont encore leurs preuves \u00e0 faire car s\u2019ils disposent des avantages de l\u2019ordinateur portable et de la tablette en un seul appareil, et sont pens\u00e9s pour renouveler l\u2019exp\u00e9rience utilisateur, la proportion d\u2019utilisateur n\u2019est que de 9%.<\/p>\n\n\n\n<h3 class=\"wp-block-heading\" id=\"h-wishlist-des-francais-dans-quels-appareils-vont-ils-investir-prochainement-nbsp\">Wishlist des Fran\u00e7ais \u2013 dans quels appareils vont-ils investir prochainement&nbsp;? <\/h3>\n\n\n\n<p>Le smartphone se classe en t\u00eate des intentions d\u2019achat au cours des 12 prochains mois avec 38% des r\u00e9pondants. Viennent ensuite l\u2019ordinateur portable (25%) et la tablette (18%). L\u2019attachement \u00e0 l\u2019ordinateur de bureau se confirme puisque 15% des sond\u00e9s ont l\u2019intention d\u2019en acheter un prochainement. En dernier se classe le PC hybride 2 en 1 avec 11% des intentions d\u2019achat.<\/p>\n\n\n\n<p>Image : Adobe Stock<\/p>\n\n\n\n<p><u>*M\u00e9thodologie&nbsp;:<\/u><\/p>\n\n\n\n<p>Etude quantitative r\u00e9alis\u00e9e par OnePoll, membre de l\u2019association ESOMAR, entre le 5 et le 8 f\u00e9vrier 2018 aupr\u00e8s de 1000 Fran\u00e7ais adultes. Cet \u00e9chantillon est issu d\u2019un terrain repr\u00e9sentatif de la population fran\u00e7aise sur les crit\u00e8res de sexe, d\u2019\u00e2ge, de CSP, de r\u00e9gion, et de taille d\u2019agglom\u00e9ration.<\/p>\n","protected":false},"excerpt":{"rendered":"<p>Les ordinateurs de bureau sont-ils en train de vivre leurs derni\u00e8res heures ? Alors que les ordinateurs portables et les smartphones sont pl\u00e9biscit\u00e9s par les Fran\u00e7ais (90% et 89% d\u2019utilisateurs respectivement), et que les tablettes et les PC hybrides 2 en 1 conqui\u00e8rent de nouvelles parts de march\u00e9, reichelt elektronik s\u2019interroge sur l\u2019utilisation des ordinateurs [&hellip;]<\/p>\n","protected":false},"author":1,"featured_media":91975,"comment_status":"open","ping_status":"open","sticky":false,"template":"","format":"standard","meta":{"footnotes":""},"categories":[6047],"tags":[4675,3234,4676,4224,3656,4677,4226],"class_list":["post-39923","post","type-post","status-publish","format-standard","has-post-thumbnail","hentry","category-infographies","tag-2-en-1","tag-convertible","tag-hybrid","tag-ordinateur","tag-pc","tag-pc-hybride","tag-tablette"],"yoast_head":"<!-- This site is optimized with the Yoast SEO Premium plugin v27.4 (Yoast SEO v27.4) - https:\/\/yoast.com\/product\/yoast-seo-premium-wordpress\/ -->\n<title>Les Fran\u00e7ais toujours attach\u00e9s \u00e0 leur ordinateur de bureau<\/title>\n<meta name=\"description\" content=\"La derni\u00e8re \u00e9tude reichelt elektronik d\u00e9montre que les Fran\u00e7ais utilisent toujours r\u00e9guli\u00e8rement leur ordinateur de bureau.\" \/>\n<meta name=\"robots\" content=\"index, follow, max-snippet:-1, max-image-preview:large, max-video-preview:-1\" \/>\n<link rel=\"canonical\" href=\"https:\/\/www.reichelt.com\/magazin\/fr\/infographies\/les-francais-s-accrochent-a-leur-ordinateur-de-bureau\/\" \/>\n<meta property=\"og:locale\" content=\"fr_FR\" \/>\n<meta property=\"og:type\" content=\"article\" \/>\n<meta property=\"og:title\" content=\"Les Fran\u00e7ais toujours attach\u00e9s \u00e0 leur ordinateur de bureau|Les Fran\u00e7ais toujours attach\u00e9s \u00e0 leur ordinateur de bureau\" \/>\n<meta property=\"og:description\" content=\"La derni\u00e8re \u00e9tude reichelt elektronik \/ OnePoll d\u00e9montre que les Fran\u00e7ais utilisent toujours r\u00e9guli\u00e8rement leur ordinateur de bureau, et que les jeunes g\u00e9n\u00e9rations se tournent vers les appareils mobiles.|La derni\u00e8re \u00e9tude reichelt elektronik \/ OnePoll d\u00e9montre que les Fran\u00e7ais utilisent toujours r\u00e9guli\u00e8rement leur ordinateur de bureau, et que les jeunes g\u00e9n\u00e9rations se tournent vers les appareils mobiles.\" \/>\n<meta property=\"og:url\" content=\"https:\/\/www.reichelt.com\/magazin\/fr\/infographies\/les-francais-s-accrochent-a-leur-ordinateur-de-bureau\/\" \/>\n<meta property=\"og:site_name\" content=\"reichelt Magazin\" \/>\n<meta property=\"article:published_time\" content=\"2018-03-01T15:55:51+00:00\" \/>\n<meta property=\"article:modified_time\" content=\"2024-01-15T13:55:31+00:00\" \/>\n<meta property=\"og:image\" content=\"https:\/\/www.reichelt.de\/magazin\/wp-content\/uploads\/2024\/01\/Titel_Umfrage_Desktop-PC-3.png\" \/>\n\t<meta property=\"og:image:width\" content=\"1350\" \/>\n\t<meta property=\"og:image:height\" content=\"400\" \/>\n\t<meta property=\"og:image:type\" content=\"image\/png\" \/>\n<meta name=\"author\" content=\"admin\" \/>\n<meta name=\"twitter:card\" content=\"summary_large_image\" \/>\n<meta name=\"twitter:title\" content=\"Les Fran\u00e7ais s&#039;accrochent \u00e0 leur ordinateur de bureau - mais plus pour longtemps\u00a0!\" \/>\n<meta name=\"twitter:label1\" content=\"\u00c9crit par\" \/>\n\t<meta name=\"twitter:data1\" content=\"admin\" \/>\n\t<meta name=\"twitter:label2\" content=\"Dur\u00e9e de lecture estim\u00e9e\" \/>\n\t<meta name=\"twitter:data2\" content=\"3 minutes\" \/>\n<script type=\"application\/ld+json\" class=\"yoast-schema-graph\">{\"@context\":\"https:\\\/\\\/schema.org\",\"@graph\":[{\"@type\":\"Article\",\"@id\":\"https:\\\/\\\/www.reichelt.com\\\/magazin\\\/fr\\\/infographies\\\/les-francais-s-accrochent-a-leur-ordinateur-de-bureau\\\/#article\",\"isPartOf\":{\"@id\":\"https:\\\/\\\/www.reichelt.com\\\/magazin\\\/fr\\\/infographies\\\/les-francais-s-accrochent-a-leur-ordinateur-de-bureau\\\/\"},\"author\":{\"name\":\"admin\",\"@id\":\"https:\\\/\\\/www.reichelt.com\\\/magazin\\\/fr\\\/#\\\/schema\\\/person\\\/54edf009d7730dbe36a83d3e9948e08f\"},\"headline\":\"Les Fran\u00e7ais s&#8217;accrochent \u00e0 leur ordinateur de bureau &#8211; mais plus pour longtemps\u00a0!\",\"datePublished\":\"2018-03-01T15:55:51+00:00\",\"dateModified\":\"2024-01-15T13:55:31+00:00\",\"mainEntityOfPage\":{\"@id\":\"https:\\\/\\\/www.reichelt.com\\\/magazin\\\/fr\\\/infographies\\\/les-francais-s-accrochent-a-leur-ordinateur-de-bureau\\\/\"},\"wordCount\":544,\"commentCount\":0,\"publisher\":{\"@id\":\"https:\\\/\\\/www.reichelt.com\\\/magazin\\\/fr\\\/#organization\"},\"image\":{\"@id\":\"https:\\\/\\\/www.reichelt.com\\\/magazin\\\/fr\\\/infographies\\\/les-francais-s-accrochent-a-leur-ordinateur-de-bureau\\\/#primaryimage\"},\"thumbnailUrl\":\"https:\\\/\\\/www.reichelt.com\\\/magazin\\\/wp-content\\\/uploads\\\/2024\\\/01\\\/Titel_Umfrage_Desktop-PC-3.png\",\"keywords\":[\"2 en 1\",\"convertible\",\"hybrid\",\"ordinateur\",\"PC\",\"PC hybride\",\"tablette\"],\"articleSection\":[\"\u00c9tudes\"],\"inLanguage\":\"fr-FR\",\"potentialAction\":[{\"@type\":\"CommentAction\",\"name\":\"Comment\",\"target\":[\"https:\\\/\\\/www.reichelt.com\\\/magazin\\\/fr\\\/infographies\\\/les-francais-s-accrochent-a-leur-ordinateur-de-bureau\\\/#respond\"]}]},{\"@type\":\"WebPage\",\"@id\":\"https:\\\/\\\/www.reichelt.com\\\/magazin\\\/fr\\\/infographies\\\/les-francais-s-accrochent-a-leur-ordinateur-de-bureau\\\/\",\"url\":\"https:\\\/\\\/www.reichelt.com\\\/magazin\\\/fr\\\/infographies\\\/les-francais-s-accrochent-a-leur-ordinateur-de-bureau\\\/\",\"name\":\"Les Fran\u00e7ais toujours attach\u00e9s \u00e0 leur ordinateur de bureau\",\"isPartOf\":{\"@id\":\"https:\\\/\\\/www.reichelt.com\\\/magazin\\\/fr\\\/#website\"},\"primaryImageOfPage\":{\"@id\":\"https:\\\/\\\/www.reichelt.com\\\/magazin\\\/fr\\\/infographies\\\/les-francais-s-accrochent-a-leur-ordinateur-de-bureau\\\/#primaryimage\"},\"image\":{\"@id\":\"https:\\\/\\\/www.reichelt.com\\\/magazin\\\/fr\\\/infographies\\\/les-francais-s-accrochent-a-leur-ordinateur-de-bureau\\\/#primaryimage\"},\"thumbnailUrl\":\"https:\\\/\\\/www.reichelt.com\\\/magazin\\\/wp-content\\\/uploads\\\/2024\\\/01\\\/Titel_Umfrage_Desktop-PC-3.png\",\"datePublished\":\"2018-03-01T15:55:51+00:00\",\"dateModified\":\"2024-01-15T13:55:31+00:00\",\"description\":\"La derni\u00e8re \u00e9tude reichelt elektronik d\u00e9montre que les Fran\u00e7ais utilisent toujours r\u00e9guli\u00e8rement leur ordinateur de bureau.\",\"breadcrumb\":{\"@id\":\"https:\\\/\\\/www.reichelt.com\\\/magazin\\\/fr\\\/infographies\\\/les-francais-s-accrochent-a-leur-ordinateur-de-bureau\\\/#breadcrumb\"},\"inLanguage\":\"fr-FR\",\"potentialAction\":[{\"@type\":\"ReadAction\",\"target\":[\"https:\\\/\\\/www.reichelt.com\\\/magazin\\\/fr\\\/infographies\\\/les-francais-s-accrochent-a-leur-ordinateur-de-bureau\\\/\"]}]},{\"@type\":\"ImageObject\",\"inLanguage\":\"fr-FR\",\"@id\":\"https:\\\/\\\/www.reichelt.com\\\/magazin\\\/fr\\\/infographies\\\/les-francais-s-accrochent-a-leur-ordinateur-de-bureau\\\/#primaryimage\",\"url\":\"https:\\\/\\\/www.reichelt.com\\\/magazin\\\/wp-content\\\/uploads\\\/2024\\\/01\\\/Titel_Umfrage_Desktop-PC-3.png\",\"contentUrl\":\"https:\\\/\\\/www.reichelt.com\\\/magazin\\\/wp-content\\\/uploads\\\/2024\\\/01\\\/Titel_Umfrage_Desktop-PC-3.png\",\"width\":1350,\"height\":400,\"caption\":\"Les Fran\u00e7ais s\u2019accrochent \u00e0 leur ordinateur de bureau \u2013 mais plus pour longtemps !\"},{\"@type\":\"BreadcrumbList\",\"@id\":\"https:\\\/\\\/www.reichelt.com\\\/magazin\\\/fr\\\/infographies\\\/les-francais-s-accrochent-a-leur-ordinateur-de-bureau\\\/#breadcrumb\",\"itemListElement\":[{\"@type\":\"ListItem\",\"position\":1,\"name\":\"Home\",\"item\":\"https:\\\/\\\/www.reichelt.com\\\/magazin\\\/fr\\\/\"},{\"@type\":\"ListItem\",\"position\":2,\"name\":\"Les Fran\u00e7ais s&#8217;accrochent \u00e0 leur ordinateur de bureau &#8211; mais plus pour longtemps\u00a0!\"}]},{\"@type\":\"WebSite\",\"@id\":\"https:\\\/\\\/www.reichelt.com\\\/magazin\\\/fr\\\/#website\",\"url\":\"https:\\\/\\\/www.reichelt.com\\\/magazin\\\/fr\\\/\",\"name\":\"reichelt Magazin\",\"description\":\"Das Technik Magazin\",\"publisher\":{\"@id\":\"https:\\\/\\\/www.reichelt.com\\\/magazin\\\/fr\\\/#organization\"},\"potentialAction\":[{\"@type\":\"SearchAction\",\"target\":{\"@type\":\"EntryPoint\",\"urlTemplate\":\"https:\\\/\\\/www.reichelt.com\\\/magazin\\\/fr\\\/?s={search_term_string}\"},\"query-input\":{\"@type\":\"PropertyValueSpecification\",\"valueRequired\":true,\"valueName\":\"search_term_string\"}}],\"inLanguage\":\"fr-FR\"},{\"@type\":\"Organization\",\"@id\":\"https:\\\/\\\/www.reichelt.com\\\/magazin\\\/fr\\\/#organization\",\"name\":\"reichelt Magazin\",\"url\":\"https:\\\/\\\/www.reichelt.com\\\/magazin\\\/fr\\\/\",\"logo\":{\"@type\":\"ImageObject\",\"inLanguage\":\"fr-FR\",\"@id\":\"https:\\\/\\\/www.reichelt.com\\\/magazin\\\/fr\\\/#\\\/schema\\\/logo\\\/image\\\/\",\"url\":\"https:\\\/\\\/www.reichelt.com\\\/magazin\\\/wp-content\\\/uploads\\\/2021\\\/11\\\/reichelt_magazin_logo_de_nl-1.svg\",\"contentUrl\":\"https:\\\/\\\/www.reichelt.com\\\/magazin\\\/wp-content\\\/uploads\\\/2021\\\/11\\\/reichelt_magazin_logo_de_nl-1.svg\",\"width\":456,\"height\":149,\"caption\":\"reichelt Magazin\"},\"image\":{\"@id\":\"https:\\\/\\\/www.reichelt.com\\\/magazin\\\/fr\\\/#\\\/schema\\\/logo\\\/image\\\/\"}},{\"@type\":\"Person\",\"@id\":\"https:\\\/\\\/www.reichelt.com\\\/magazin\\\/fr\\\/#\\\/schema\\\/person\\\/54edf009d7730dbe36a83d3e9948e08f\",\"name\":\"admin\",\"sameAs\":[\"https:\\\/\\\/magazin.reichelt.de\\\/magazin\"]}]}<\/script>\n<!-- \/ Yoast SEO Premium plugin. -->","yoast_head_json":{"title":"Les Fran\u00e7ais toujours attach\u00e9s \u00e0 leur ordinateur de bureau","description":"La derni\u00e8re \u00e9tude reichelt elektronik d\u00e9montre que les Fran\u00e7ais utilisent toujours r\u00e9guli\u00e8rement leur ordinateur de bureau.","robots":{"index":"index","follow":"follow","max-snippet":"max-snippet:-1","max-image-preview":"max-image-preview:large","max-video-preview":"max-video-preview:-1"},"canonical":"https:\/\/www.reichelt.com\/magazin\/fr\/infographies\/les-francais-s-accrochent-a-leur-ordinateur-de-bureau\/","og_locale":"fr_FR","og_type":"article","og_title":"Les Fran\u00e7ais toujours attach\u00e9s \u00e0 leur ordinateur de bureau|Les Fran\u00e7ais toujours attach\u00e9s \u00e0 leur ordinateur de bureau","og_description":"La derni\u00e8re \u00e9tude reichelt elektronik \/ OnePoll d\u00e9montre que les Fran\u00e7ais utilisent toujours r\u00e9guli\u00e8rement leur ordinateur de bureau, et que les jeunes g\u00e9n\u00e9rations se tournent vers les appareils mobiles.|La derni\u00e8re \u00e9tude reichelt elektronik \/ OnePoll d\u00e9montre que les Fran\u00e7ais utilisent toujours r\u00e9guli\u00e8rement leur ordinateur de bureau, et que les jeunes g\u00e9n\u00e9rations se tournent vers les appareils mobiles.","og_url":"https:\/\/www.reichelt.com\/magazin\/fr\/infographies\/les-francais-s-accrochent-a-leur-ordinateur-de-bureau\/","og_site_name":"reichelt Magazin","article_published_time":"2018-03-01T15:55:51+00:00","article_modified_time":"2024-01-15T13:55:31+00:00","og_image":[{"width":1350,"height":400,"url":"https:\/\/www.reichelt.de\/magazin\/wp-content\/uploads\/2024\/01\/Titel_Umfrage_Desktop-PC-3.png","type":"image\/png"}],"author":"admin","twitter_card":"summary_large_image","twitter_title":"Les Fran\u00e7ais s'accrochent \u00e0 leur ordinateur de bureau - mais plus pour longtemps\u00a0!","twitter_misc":{"\u00c9crit par":"admin","Dur\u00e9e de lecture estim\u00e9e":"3 minutes"},"schema":{"@context":"https:\/\/schema.org","@graph":[{"@type":"Article","@id":"https:\/\/www.reichelt.com\/magazin\/fr\/infographies\/les-francais-s-accrochent-a-leur-ordinateur-de-bureau\/#article","isPartOf":{"@id":"https:\/\/www.reichelt.com\/magazin\/fr\/infographies\/les-francais-s-accrochent-a-leur-ordinateur-de-bureau\/"},"author":{"name":"admin","@id":"https:\/\/www.reichelt.com\/magazin\/fr\/#\/schema\/person\/54edf009d7730dbe36a83d3e9948e08f"},"headline":"Les Fran\u00e7ais s&#8217;accrochent \u00e0 leur ordinateur de bureau &#8211; mais plus pour longtemps\u00a0!","datePublished":"2018-03-01T15:55:51+00:00","dateModified":"2024-01-15T13:55:31+00:00","mainEntityOfPage":{"@id":"https:\/\/www.reichelt.com\/magazin\/fr\/infographies\/les-francais-s-accrochent-a-leur-ordinateur-de-bureau\/"},"wordCount":544,"commentCount":0,"publisher":{"@id":"https:\/\/www.reichelt.com\/magazin\/fr\/#organization"},"image":{"@id":"https:\/\/www.reichelt.com\/magazin\/fr\/infographies\/les-francais-s-accrochent-a-leur-ordinateur-de-bureau\/#primaryimage"},"thumbnailUrl":"https:\/\/www.reichelt.com\/magazin\/wp-content\/uploads\/2024\/01\/Titel_Umfrage_Desktop-PC-3.png","keywords":["2 en 1","convertible","hybrid","ordinateur","PC","PC hybride","tablette"],"articleSection":["\u00c9tudes"],"inLanguage":"fr-FR","potentialAction":[{"@type":"CommentAction","name":"Comment","target":["https:\/\/www.reichelt.com\/magazin\/fr\/infographies\/les-francais-s-accrochent-a-leur-ordinateur-de-bureau\/#respond"]}]},{"@type":"WebPage","@id":"https:\/\/www.reichelt.com\/magazin\/fr\/infographies\/les-francais-s-accrochent-a-leur-ordinateur-de-bureau\/","url":"https:\/\/www.reichelt.com\/magazin\/fr\/infographies\/les-francais-s-accrochent-a-leur-ordinateur-de-bureau\/","name":"Les Fran\u00e7ais toujours attach\u00e9s \u00e0 leur ordinateur de bureau","isPartOf":{"@id":"https:\/\/www.reichelt.com\/magazin\/fr\/#website"},"primaryImageOfPage":{"@id":"https:\/\/www.reichelt.com\/magazin\/fr\/infographies\/les-francais-s-accrochent-a-leur-ordinateur-de-bureau\/#primaryimage"},"image":{"@id":"https:\/\/www.reichelt.com\/magazin\/fr\/infographies\/les-francais-s-accrochent-a-leur-ordinateur-de-bureau\/#primaryimage"},"thumbnailUrl":"https:\/\/www.reichelt.com\/magazin\/wp-content\/uploads\/2024\/01\/Titel_Umfrage_Desktop-PC-3.png","datePublished":"2018-03-01T15:55:51+00:00","dateModified":"2024-01-15T13:55:31+00:00","description":"La derni\u00e8re \u00e9tude reichelt elektronik d\u00e9montre que les Fran\u00e7ais utilisent toujours r\u00e9guli\u00e8rement leur ordinateur de bureau.","breadcrumb":{"@id":"https:\/\/www.reichelt.com\/magazin\/fr\/infographies\/les-francais-s-accrochent-a-leur-ordinateur-de-bureau\/#breadcrumb"},"inLanguage":"fr-FR","potentialAction":[{"@type":"ReadAction","target":["https:\/\/www.reichelt.com\/magazin\/fr\/infographies\/les-francais-s-accrochent-a-leur-ordinateur-de-bureau\/"]}]},{"@type":"ImageObject","inLanguage":"fr-FR","@id":"https:\/\/www.reichelt.com\/magazin\/fr\/infographies\/les-francais-s-accrochent-a-leur-ordinateur-de-bureau\/#primaryimage","url":"https:\/\/www.reichelt.com\/magazin\/wp-content\/uploads\/2024\/01\/Titel_Umfrage_Desktop-PC-3.png","contentUrl":"https:\/\/www.reichelt.com\/magazin\/wp-content\/uploads\/2024\/01\/Titel_Umfrage_Desktop-PC-3.png","width":1350,"height":400,"caption":"Les Fran\u00e7ais s\u2019accrochent \u00e0 leur ordinateur de bureau \u2013 mais plus pour longtemps !"},{"@type":"BreadcrumbList","@id":"https:\/\/www.reichelt.com\/magazin\/fr\/infographies\/les-francais-s-accrochent-a-leur-ordinateur-de-bureau\/#breadcrumb","itemListElement":[{"@type":"ListItem","position":1,"name":"Home","item":"https:\/\/www.reichelt.com\/magazin\/fr\/"},{"@type":"ListItem","position":2,"name":"Les Fran\u00e7ais s&#8217;accrochent \u00e0 leur ordinateur de bureau &#8211; mais plus pour longtemps\u00a0!"}]},{"@type":"WebSite","@id":"https:\/\/www.reichelt.com\/magazin\/fr\/#website","url":"https:\/\/www.reichelt.com\/magazin\/fr\/","name":"reichelt Magazin","description":"Das Technik Magazin","publisher":{"@id":"https:\/\/www.reichelt.com\/magazin\/fr\/#organization"},"potentialAction":[{"@type":"SearchAction","target":{"@type":"EntryPoint","urlTemplate":"https:\/\/www.reichelt.com\/magazin\/fr\/?s={search_term_string}"},"query-input":{"@type":"PropertyValueSpecification","valueRequired":true,"valueName":"search_term_string"}}],"inLanguage":"fr-FR"},{"@type":"Organization","@id":"https:\/\/www.reichelt.com\/magazin\/fr\/#organization","name":"reichelt Magazin","url":"https:\/\/www.reichelt.com\/magazin\/fr\/","logo":{"@type":"ImageObject","inLanguage":"fr-FR","@id":"https:\/\/www.reichelt.com\/magazin\/fr\/#\/schema\/logo\/image\/","url":"https:\/\/www.reichelt.com\/magazin\/wp-content\/uploads\/2021\/11\/reichelt_magazin_logo_de_nl-1.svg","contentUrl":"https:\/\/www.reichelt.com\/magazin\/wp-content\/uploads\/2021\/11\/reichelt_magazin_logo_de_nl-1.svg","width":456,"height":149,"caption":"reichelt Magazin"},"image":{"@id":"https:\/\/www.reichelt.com\/magazin\/fr\/#\/schema\/logo\/image\/"}},{"@type":"Person","@id":"https:\/\/www.reichelt.com\/magazin\/fr\/#\/schema\/person\/54edf009d7730dbe36a83d3e9948e08f","name":"admin","sameAs":["https:\/\/magazin.reichelt.de\/magazin"]}]}},"_links":{"self":[{"href":"https:\/\/www.reichelt.com\/magazin\/fr\/wp-json\/wp\/v2\/posts\/39923","targetHints":{"allow":["GET"]}}],"collection":[{"href":"https:\/\/www.reichelt.com\/magazin\/fr\/wp-json\/wp\/v2\/posts"}],"about":[{"href":"https:\/\/www.reichelt.com\/magazin\/fr\/wp-json\/wp\/v2\/types\/post"}],"author":[{"embeddable":true,"href":"https:\/\/www.reichelt.com\/magazin\/fr\/wp-json\/wp\/v2\/users\/1"}],"replies":[{"embeddable":true,"href":"https:\/\/www.reichelt.com\/magazin\/fr\/wp-json\/wp\/v2\/comments?post=39923"}],"version-history":[{"count":6,"href":"https:\/\/www.reichelt.com\/magazin\/fr\/wp-json\/wp\/v2\/posts\/39923\/revisions"}],"predecessor-version":[{"id":92071,"href":"https:\/\/www.reichelt.com\/magazin\/fr\/wp-json\/wp\/v2\/posts\/39923\/revisions\/92071"}],"wp:featuredmedia":[{"embeddable":true,"href":"https:\/\/www.reichelt.com\/magazin\/fr\/wp-json\/wp\/v2\/media\/91975"}],"wp:attachment":[{"href":"https:\/\/www.reichelt.com\/magazin\/fr\/wp-json\/wp\/v2\/media?parent=39923"}],"wp:term":[{"taxonomy":"category","embeddable":true,"href":"https:\/\/www.reichelt.com\/magazin\/fr\/wp-json\/wp\/v2\/categories?post=39923"},{"taxonomy":"post_tag","embeddable":true,"href":"https:\/\/www.reichelt.com\/magazin\/fr\/wp-json\/wp\/v2\/tags?post=39923"}],"curies":[{"name":"wp","href":"https:\/\/api.w.org\/{rel}","templated":true}]}}