{"id":39348,"date":"2017-06-27T09:52:43","date_gmt":"2017-06-27T07:52:43","guid":{"rendered":"https:\/\/magazinnew.reichelt.de\/magazin\/non-classifiee\/des-led-adaptees-a-tous-les-usages-quelles-solutions-pour-eclairer-des-espaces-de-travail-de-facon-optimale-et-faire-des-economies-denergie\/"},"modified":"2023-04-28T14:30:03","modified_gmt":"2023-04-28T12:30:03","slug":"eclairer-espaces-de-travail","status":"publish","type":"post","link":"https:\/\/www.reichelt.com\/magazin\/fr\/conseils\/eclairer-espaces-de-travail\/","title":{"rendered":"Des LED adapt\u00e9es \u00e0 tous les usages\u00a0: quelles solutions pour \u00e9clairer des espaces de travail de fa\u00e7on optimale et faire des \u00e9conomies d\u2019\u00e9nergie\u00a0?"},"content":{"rendered":"\n<p>Le guide reichelt consacr\u00e9 \u00e0 l\u2019\u00e9clairage technique pr\u00e9sente des possibilit\u00e9s d\u2019utilisation et des conseils d\u2018achat<\/p>\n\n\n\n<!--more-->\n\n\n\n<p>Un environnement de travail pr\u00e9sentant un \u00e9clairage optimal constitue la base de bonnes conditions de travail &#8211; offrant par ailleurs les meilleures conditions de s\u00e9curit\u00e9. Que vous travailliez dans un atelier, dans des locaux industriels, ou dans un bureau, un bon \u00e9clairage constitue une dimension essentielle. La productivit\u00e9 est en effet directement influenc\u00e9e par la lumi\u00e8re, puisque c\u2019est seulement lorsque le lieu de travail est \u00e9clair\u00e9 de fa\u00e7on optimale, et que les yeux sont prot\u00e9g\u00e9s, que l\u2019on travaille le plus efficacement.<\/p>\n\n\n\n<p>Si l\u2019\u00e9clairage est mauvais, il est possible d\u2019observer plus rapidement de la fatigue et une diminution des capacit\u00e9s de travail.<\/p>\n\n\n\n<blockquote class=\"wp-block-quote is-layout-flow wp-block-quote-is-layout-flow\">\n<p class=\"has-black-color has-text-color\"><span style=\"color: #333399;\"><em>Des chercheurs de l\u2019Universit\u00e9 de Surrey, \u00e0 proximit\u00e9 de Londres, ont m\u00eame montr\u00e9 qu\u2019un \u00e9clairage de bureau \u00e0 tonalit\u00e9 bleue stimule le travail&nbsp;: l\u2019\u00e9tude a montr\u00e9 que dans cet environnement, les participants au test quittaient le bureau moins fatigu\u00e9es \u00e0 la fin de la journ\u00e9e. De m\u00eame, les maux de t\u00eate se sont av\u00e9r\u00e9s moins fr\u00e9quents que dans un \u00e9clairage blanc classique.<\/em><\/span><\/p>\n<\/blockquote>\n\n\n\n<h2 class=\"wp-block-heading\">Une chose est s\u00fbre&nbsp;: il ne faut jamais laisser au hasard l\u2019organisation de l\u2019\u00e9clairage au travail&nbsp;!<\/h2>\n\n\n\n<p>R\u00e9cemment, les diodes <em>LED <\/em>se sont impos\u00e9es sur les lieux de travail. En effet, elles apportent une lumi\u00e8re claire, pure et blanche, tout en \u00e9tant extr\u00eamement \u00e9conomes en \u00e9nergie. Correctement utilis\u00e9es, il est possible d\u2019atteindre une am\u00e9lioration de la qualit\u00e9 de l\u2019\u00e9clairage, ainsi qu\u2019une baisse des co\u00fbts entre 50 et 80%.<\/p>\n\n\n\n<p>La gamme de <em>LED<\/em> disponible est tr\u00e8s vari\u00e9e, ce qui rend difficile le choix de l\u2019\u00e9clairage s\u2019adaptant le mieux aux diff\u00e9rents ateliers ou aux diff\u00e9rents espaces de travail.<\/p>\n\n\n\n<p>Le guide r<em>eichelt <\/em>vous aide pour votre premier achat de lampes <em>LED<\/em>, en vous donnant notamment des conseils sur les points auxquels il faut \u00eatre attentif lorsqu\u2019on ach\u00e8te ces lampes. Pour chaque besoin d\u2019utilisation et chaque domaine d\u2019utilisation, <em>reichelt <\/em>poss\u00e8de le produit adapt\u00e9 avec la puissance en Watts correspondante.<\/p>\n\n\n\n<h2 class=\"wp-block-heading\">Watt, Lumen, Lux ou Kelvin \u2013 que choisir&nbsp;?<\/h2>\n\n\n\n<p>Les crit\u00e8res auxquels il faut pr\u00eater attention lors d\u2019un achat de lampes <em>LED<\/em> sont le Watt, Lumen, Lux et la temp\u00e9rature de couleur \u2013 cette derni\u00e8re est mesur\u00e9e en Kelvin.<\/p>\n\n\n\n<p>La puissance d\u2019une lampe est indiqu\u00e9e en Watt (W) \u2013 toutefois, comme la consommation \u00e9lectrique des sources de lumi\u00e8re modernes (comme les lampes <em>LED)<\/em> est tr\u00e8s faible, le Watt ne peut \u00eatre consid\u00e9r\u00e9 que comme un point de rep\u00e8re, ne donnant que peu d\u2019information sur la v\u00e9ritable capacit\u00e9 d\u2019\u00e9clairage de la lampe.<\/p>\n\n\n\n<p>On doit beaucoup plus veiller \u00e0 la caract\u00e9risation en Lumen (lm) d\u2019une lampe. Le Lumen est une unit\u00e9 de flux lumineux qui indique v\u00e9ritablement la quantit\u00e9 de lumi\u00e8re \u00e9mise. L\u2019\u00e9chelle en Lumen varie de 100 \u00e0 120&nbsp;000 lm. A titre indicatif, 100 lm correspondent \u00e0 peu pr\u00e8s \u00e0 une ampoule d\u2019une puissance de 15 Watt.<\/p>\n\n\n\n<p>Les valeurs proches des 120&nbsp;000 lm ne sont atteintes que pour des \u00e9clairages tr\u00e8s puissants, comme des projecteurs par exemple. Comme r\u00e8gle empirique, on admet que la valeur en Lumen correspond environ \u00e0 dix fois la valeur indiqu\u00e9e en Watt.<\/p>\n\n\n\n<figure class=\"wp-block-image alignleft size-large wp-image-177\"><img fetchpriority=\"high\" decoding=\"async\" width=\"1024\" height=\"318\" src=\"https:\/\/www.reichelt.com\/magazin\/wp-content\/uploads\/2023\/03\/Fotolia_105150333_Subscription_Monthly_XL-1024x318.jpg\" alt=\"Spectre de temp\u00e9rature de couleur de 1 000 \u00e0 10 000 Kelvin\" class=\"wp-image-73630\" srcset=\"https:\/\/www.reichelt.com\/magazin\/wp-content\/uploads\/2023\/03\/Fotolia_105150333_Subscription_Monthly_XL-1024x318.jpg 1024w, https:\/\/www.reichelt.com\/magazin\/wp-content\/uploads\/2023\/03\/Fotolia_105150333_Subscription_Monthly_XL-300x93.jpg 300w, https:\/\/www.reichelt.com\/magazin\/wp-content\/uploads\/2023\/03\/Fotolia_105150333_Subscription_Monthly_XL-768x238.jpg 768w, https:\/\/www.reichelt.com\/magazin\/wp-content\/uploads\/2023\/03\/Fotolia_105150333_Subscription_Monthly_XL-1536x477.jpg 1536w, https:\/\/www.reichelt.com\/magazin\/wp-content\/uploads\/2023\/03\/Fotolia_105150333_Subscription_Monthly_XL.jpg 1791w\" sizes=\"(max-width: 1024px) 100vw, 1024px\" \/><figcaption class=\"wp-element-caption\">Spectre de temp\u00e9rature de couleur de 1 000 \u00e0 10 000 Kelvin<\/figcaption><\/figure>\n\n\n\n<p>La puissance lumineuse est exprim\u00e9e et mesur\u00e9e en Lux (lx), ce qui est au final la quantit\u00e9 de lumi\u00e8re fournie \u00e0 l\u2019espace de travail. Le domaine de mesure s\u2019\u00e9tend de 10 \u00e0 40&nbsp;000 lx \u2013 des valeurs situ\u00e9es entre 50 et 200 lx \u00e9tant consid\u00e9r\u00e9es comme normales pour un lieu d\u2019habitation. Pour un espace de travail dans lequel est exerc\u00e9 des activit\u00e9s minutieuses, demandant de la concentration,<\/p>\n\n\n\n<p>il est n\u00e9cessaire d\u2019utiliser une puissance lumineuse situ\u00e9e entre 500 et 1&nbsp;000 lx. La valeur maximale de 40&nbsp;000 lx n\u2019est atteinte que dans des conditions de fort ensoleillement.<\/p>\n\n\n\n<p>Une autre caract\u00e9ristique des lampes <em>LED<\/em> est la temp\u00e9rature de couleur, qui est exprim\u00e9e en Kelvin (K), et qui mesure quantitativement l\u2019impression color\u00e9e d\u2019une source de lumi\u00e8re.<\/p>\n\n\n\n<p>Les temp\u00e9ratures de couleurs s\u2019\u00e9chelonnent de 1&nbsp;000 \u00e0 12&nbsp;000 K, ce qui correspond \u00e0 un spectre s\u2019\u00e9chelonnant d\u2019un blanc chaud (moins de 3&nbsp;300 K) au blanc neutre (de 3&nbsp;300 \u00e0 5&nbsp;000 K) jusqu\u2019\u00e0 un blanc de type lumi\u00e8re du jour ou un blanc froid (plus de 5&nbsp;000 K).<\/p>\n\n\n\n<h2 class=\"wp-block-heading\">Des plafonniers LED pour \u00e9clairer des bureaux<\/h2>\n\n\n\n<p>&nbsp;Concernant l\u2019\u00e9clairage des bureaux, une puissance lumineuse de 500 Lux et une temp\u00e9rature de couleur de 4&nbsp;000 K est id\u00e9al, puisqu\u2019il a pu \u00eatre d\u00e9montr\u00e9 que ces valeurs d\u2019\u00e9clairage permettent de travailler dans des conditions agr\u00e9ables et sans fatigue. Par ailleurs, il convient de prendre en compte le <em>Unified Glare Rating (UGR)<\/em>.<\/p>\n\n\n\n<p>Cette valeur mesure l\u2019aveuglement et indique les conditions de travail pour lesquelles un \u00e9clairage est adapt\u00e9. Dans des bureaux, il convient de maintenir UGR&lt;=19, de mani\u00e8re \u00e0 faciliter au maximum les t\u00e2ches de lecture, d\u2019\u00e9criture, de travail sur ordinateur ou de contr\u00f4le.<\/p>\n\n\n\n<p>Pour r\u00e9partir au mieux la lumi\u00e8re, il est pr\u00e9f\u00e9rable d\u2019adopter des <a href=\"https:\/\/www.reichelt.com\/fr\/fr\/led-panels-c8554.html?\" target=\"_blank\" rel=\"noreferrer noopener\">plafonniers LED<\/a>. Le plafonnier est facile \u00e0 mettre en place sur des plafonds \u00e0 caissons, ce qui r\u00e9duit consid\u00e9rablement les d\u00e9penses d\u2019entretien associ\u00e9es au changement des lampes fluorescentes traditionnelles, puisque la dur\u00e9e de vie en utilisation atteint 20&nbsp;000 heures.<\/p>\n\n\n\n<p>Ces plafonniers respectent \u00e9galement la valeur <em>UGR<\/em> pour les espaces de bureaux.<\/p>\n\n\n\n<h2 class=\"wp-block-heading\">Des projecteurs LED compacts pour des petites pi\u00e8ces aux conditions d\u2019\u00e9clairage difficiles<\/h2>\n\n\n\n<p>Pour un \u00e9quipement optimal, il existe des \u00e9clairages adapt\u00e9s, correspondant \u00e0 l\u2019architecture des lieux et au type d\u2019utilisation.<\/p>\n\n\n\n<p>Dans les plus petits espaces de travail ou ateliers, de m\u00eame que dans des conditions d\u2019\u00e9clairage probl\u00e9matiques (pas de possibilit\u00e9 de fixation suffisantes ou n\u00e9cessit\u00e9 seulement d\u2019un \u00e9clairage pour un travail ponctuel par exemple), de petits spots <em>LED<\/em> pr\u00e9sentant une puissance d\u2019\u00e9clairage de 1&nbsp;000 Lumen et une couleur blanc neutre (de 4&nbsp;000 \u00e0 5&nbsp;000 K) suffisent, comme par exemple les VT-5772 LED-Flat-Fluter 10 W.<\/p>\n\n\n\n<p>Ce projecteur <em>LED<\/em>, avec 800 lm et 4&nbsp;500K, est une agr\u00e9able source de lumi\u00e8re, qui impressionne par sa dur\u00e9e de vie en utilisation de 20&nbsp;000 heures. Il convient notamment pour les espaces d\u2019habitation, les caves, ainsi que les locaux industriels. Gr\u00e2ce \u00e0 une classe d\u2019efficacit\u00e9 \u00e9nerg\u00e9tique <em>A+<\/em>, le projecteur <em>LED <\/em>repr\u00e9sente une alternative particuli\u00e8rement abordable et respectueuse de l\u2019environnement.<\/p>\n\n\n\n<h2 class=\"wp-block-heading\">Des plafonniers pour la cave, la buanderie ou d\u2019autres espaces exigus<\/h2>\n\n\n\n<p>D\u2019une mani\u00e8re g\u00e9n\u00e9rale, il convient, lors de l\u2019utilisation d\u2019\u00e9clairages <em>LED<\/em> puissants dans des espaces int\u00e9rieurs, de ne pas d\u00e9passer des valeurs d\u2019\u00e9clairage d\u00e9termin\u00e9es &#8211; de mani\u00e8re \u00e0 ce que la lumi\u00e8re ne devienne pas d\u00e9sagr\u00e9able pour les yeux.<\/p>\n\n\n\n<p>Dans des espaces int\u00e9rieurs non destin\u00e9s \u00e0 l\u2019habitation, des valeurs d\u2019\u00e9clairage de 4&nbsp;000 lm et 5&nbsp;000 K (temp\u00e9rature de couleur blanc neutre) sont optimales. De plus, ces \u00e9clairages doivent disposer d\u2019un mode de protection renforc\u00e9 (<em>IP65<\/em>),de mani\u00e8re \u00e0 les prot\u00e9ger des effets de la poussi\u00e8re ou de l\u2019eau.<\/p>\n\n\n\n<p>Des <a href=\"https:\/\/www.reichelt.com\/fr\/fr\/batten-lights-c8557.html?\" target=\"_blank\" rel=\"noreferrer noopener\">plafonniers<\/a> sont parfaits pour un \u00e9clairage dans un espace int\u00e9rieur, et sont recommand\u00e9s pour une cave, une buanderie ou un atelier. Par ailleurs, ils diffusent une agr\u00e9able lumi\u00e8re claire (2&nbsp;800 lm et 4&nbsp;500K) et consomment nettement moins d\u2019\u00e9nergie que les tubes traditionnels. Enfin, l\u2019angle d\u2019\u00e9clairage de 120\u00b0 permet une large diffusion de la lumi\u00e8re.<\/p>\n\n\n\n<h2 class=\"wp-block-heading\">Des spots puissants pour les grands espaces<\/h2>\n\n\n\n<p>Pour des espaces ext\u00e9rieurs ou des grandes salles, il est essentiel que les spots <em>LED<\/em> soient puissants \u2013on parle ici de valeurs entre 10&nbsp;000 et 120&nbsp;000 lm et 4&nbsp;500 et 6&nbsp;000 K.<\/p>\n\n\n\n<p>De plus, les spots doivent b\u00e9n\u00e9ficier d\u2019une alimentation \u00e9lectrique r\u00e9guli\u00e8re, de mani\u00e8re \u00e0 les prot\u00e9ger de variations de tension, de m\u00eame qu\u2019ils doivent poss\u00e9der un rev\u00eatement anticorrosion dans les cas o\u00f9 ils doivent \u00eatre utilis\u00e9s \u00e0 l\u2019ext\u00e9rieur.<\/p>\n\n\n\n<p>M\u00eame pour des pi\u00e8ces ou des espaces ayant de fortes exigences en termes d\u2019\u00e9clairage, on dispose aujourd\u2019hui <a href=\"https:\/\/www.reichelt.com\/fr\/fr\/projecteurs-c8538.html?\" target=\"_blank\" rel=\"noreferrer noopener\">d\u2019\u00e9clairages LED<\/a>. Des capacit\u00e9s de flux lumineux de 120&nbsp;000 lm peuvent \u00e9clairer de tr\u00e8s grandes surfaces.<\/p>\n\n\n\n<p>Le vent et les intemp\u00e9ries n\u2019affectent pas ces spots <em>LED<\/em>, puisqu\u2019ils b\u00e9n\u00e9ficient d\u2019un bo\u00eetier aluminium de haute qualit\u00e9 qui r\u00e9siste \u00e0 la corrosion. Cet \u00e9clairage par spot est par ailleurs \u00e9quip\u00e9 selon un mode de protection renforc\u00e9 (<em>IP65<\/em>).<\/p>\n\n\n\n<p>Les lampes <em>LED UFO<\/em> sont adapt\u00e9es \u00e0 un \u00e9clairage optimal de grandes salles, pouvant \u00eatre fix\u00e9es de mani\u00e8re variable aux plafonds. C\u2019est le cas par exemple des lumi\u00e8res <em>LED High-Bay<\/em> (disponibles en 100 W ou 150 W). Gr\u00e2ce \u00e0 la puissance de leur capacit\u00e9 d\u2019\u00e9clairage (13&nbsp;500 lm) et \u00e0 une temp\u00e9rature de couleur comparable \u00e0 la lumi\u00e8re du jour (6&nbsp;000 K), les grandes salles sont parfaitement \u00e9clair\u00e9es, tout en consommant peu d\u2019\u00e9nergie. Ces \u00e9clairages sont par ailleurs class\u00e9s <em>IP65<\/em>.<\/p>\n\n\n\n<p>Les <a href=\"https:\/\/www.reichelt.com\/fr\/fr\/-clairage-de-rue-c8539.html?\" target=\"_blank\" rel=\"noreferrer noopener\">lampadaires \u00e0 LED<\/a> peuvent \u00eatre utilis\u00e9s pour \u00e9clairer les espaces publics tels que les rues et les parkings, mais aussi les grands espaces priv\u00e9s tels que les cours ou les all\u00e9es.<\/p>\n\n\n\n<p>Ces \u00e9clairages de rues poss\u00e8dent des r\u00e9flecteurs en aluminium qui r\u00e9partissent de fa\u00e7on optimale un flux lumineux de 12&nbsp;400 lm. Avec une temp\u00e9rature de couleur de 6&nbsp;000 K (blanc froid), ces lumi\u00e8res <em>LED<\/em> sont avant tout destin\u00e9es aux espaces ext\u00e9rieurs et apportent une lumi\u00e8re comparable \u00e0 la lumi\u00e8re du jour, tandis que leur classe d\u2019efficacit\u00e9 \u00e9nerg\u00e9tique de <em>A+ <\/em>garantit des performances du meilleur niveau en termes de respect de l\u2019environnement.<\/p>\n\n\n\n<p>Les \u00e9clairages de rue conviennent \u00e0 des lampadaires existants (extr\u00e9mit\u00e9 de la lampe de 60mm).<\/p>\n\n\n\n<h6 class=\"wp-block-heading\"><em>Illustration : Fotolia, #26874754, Vladimir Melnik<\/em><\/h6>\n","protected":false},"excerpt":{"rendered":"<p>Le guide reichelt consacr\u00e9 \u00e0 l\u2019\u00e9clairage technique pr\u00e9sente des possibilit\u00e9s d\u2019utilisation et des conseils d\u2018achat<\/p>\n","protected":false},"author":1,"featured_media":91491,"comment_status":"open","ping_status":"open","sticky":false,"template":"","format":"standard","meta":{"footnotes":""},"categories":[6044],"tags":[7928,5528,5529,4326,3479,3542],"class_list":["post-39348","post","type-post","status-publish","format-standard","has-post-thumbnail","hentry","category-conseils","tag-23-04-energie","tag-conseils","tag-diode","tag-eclairage","tag-installation","tag-led"],"yoast_head":"<!-- This site is optimized with the Yoast SEO Premium plugin v27.4 (Yoast SEO v27.4) - https:\/\/yoast.com\/product\/yoast-seo-premium-wordpress\/ -->\n<title>Eclairer l\u2019espace de travail de fa\u00e7on optimale avec des lumi\u00e8res LED | reichelt.fr|Eclairer l\u2019espace de travail de fa\u00e7on optimale avec des lumi\u00e8res LED | reichelt.fr<\/title>\n<meta name=\"description\" content=\"Gr\u00e2ce aux lumi\u00e8res LED, il est possible d\u2019\u00e9clairer les espaces de travail de fa\u00e7on optimale et \u00e9conome en \u00e9nergie. Le guide reichelt pr\u00e9sente des possibilit\u00e9s d\u2019utilisation et des conseils d\u2018achat.|Gr\u00e2ce aux lumi\u00e8res LED, il est possible d\u2019\u00e9clairer les espaces de travail de fa\u00e7on optimale et \u00e9conome en \u00e9nergie. Le guide reichelt pr\u00e9sente des possibilit\u00e9s d\u2019utilisation et des conseils d\u2018achat.\" \/>\n<meta name=\"robots\" content=\"index, follow, max-snippet:-1, max-image-preview:large, max-video-preview:-1\" \/>\n<link rel=\"canonical\" href=\"https:\/\/www.reichelt.com\/magazin\/fr\/conseils\/eclairer-espaces-de-travail\/\" \/>\n<meta property=\"og:locale\" content=\"fr_FR\" \/>\n<meta property=\"og:type\" content=\"article\" \/>\n<meta property=\"og:title\" content=\"Comment \u00e9clairer les espaces de travail de mani\u00e8re optimale ?|Comment \u00e9clairer les espaces de travail de mani\u00e8re optimale ?\" \/>\n<meta property=\"og:description\" content=\"Gr\u00e2ce aux lumi\u00e8res LED, il est possible d\u2019\u00e9clairer les espaces de travail de fa\u00e7on optimale et \u00e9conome en \u00e9nergie. Le guide reichelt illustre diff\u00e9rentes possibilit\u00e9s d\u2019utilisation et donne des conseils d\u2018achat|Gr\u00e2ce aux lumi\u00e8res LED, il est possible d\u2019\u00e9clairer les espaces de travail de fa\u00e7on optimale et \u00e9conome en \u00e9nergie. Le guide reichelt illustre diff\u00e9rentes possibilit\u00e9s d\u2019utilisation et donne des conseils d\u2018achat\" \/>\n<meta property=\"og:url\" content=\"https:\/\/www.reichelt.com\/magazin\/fr\/conseils\/eclairer-espaces-de-travail\/\" \/>\n<meta property=\"og:site_name\" content=\"reichelt Magazin\" \/>\n<meta property=\"article:published_time\" content=\"2017-06-27T07:52:43+00:00\" \/>\n<meta property=\"article:modified_time\" content=\"2023-04-28T12:30:03+00:00\" \/>\n<meta property=\"og:image\" content=\"https:\/\/212.184.1.90\/magazin\/wp-content\/uploads\/2017\/06\/Titel_Arbeitsbereiche-ausleuchten.png\" \/>\n\t<meta property=\"og:image:width\" content=\"1350\" \/>\n\t<meta property=\"og:image:height\" content=\"400\" \/>\n\t<meta property=\"og:image:type\" content=\"image\/png\" \/>\n<meta name=\"author\" content=\"admin\" \/>\n<meta name=\"twitter:card\" content=\"summary_large_image\" \/>\n<meta name=\"twitter:title\" content=\"Des LED adapt\u00e9es \u00e0 tous les usages\u00a0: quelles solutions pour \u00e9clairer des espaces de travail de fa\u00e7on optimale et faire des \u00e9conomies d\u2019\u00e9nergie\u00a0?\" \/>\n<meta name=\"twitter:label1\" content=\"\u00c9crit par\" \/>\n\t<meta name=\"twitter:data1\" content=\"admin\" \/>\n\t<meta name=\"twitter:label2\" content=\"Dur\u00e9e de lecture estim\u00e9e\" \/>\n\t<meta name=\"twitter:data2\" content=\"9 minutes\" \/>\n<script type=\"application\/ld+json\" class=\"yoast-schema-graph\">{\"@context\":\"https:\\\/\\\/schema.org\",\"@graph\":[{\"@type\":\"Article\",\"@id\":\"https:\\\/\\\/www.reichelt.com\\\/magazin\\\/fr\\\/conseils\\\/eclairer-espaces-de-travail\\\/#article\",\"isPartOf\":{\"@id\":\"https:\\\/\\\/www.reichelt.com\\\/magazin\\\/fr\\\/conseils\\\/eclairer-espaces-de-travail\\\/\"},\"author\":{\"name\":\"admin\",\"@id\":\"https:\\\/\\\/www.reichelt.com\\\/magazin\\\/fr\\\/#\\\/schema\\\/person\\\/54edf009d7730dbe36a83d3e9948e08f\"},\"headline\":\"Des LED adapt\u00e9es \u00e0 tous les usages\u00a0: quelles solutions pour \u00e9clairer des espaces de travail de fa\u00e7on optimale et faire des \u00e9conomies d\u2019\u00e9nergie\u00a0?\",\"datePublished\":\"2017-06-27T07:52:43+00:00\",\"dateModified\":\"2023-04-28T12:30:03+00:00\",\"mainEntityOfPage\":{\"@id\":\"https:\\\/\\\/www.reichelt.com\\\/magazin\\\/fr\\\/conseils\\\/eclairer-espaces-de-travail\\\/\"},\"wordCount\":1723,\"commentCount\":0,\"publisher\":{\"@id\":\"https:\\\/\\\/www.reichelt.com\\\/magazin\\\/fr\\\/#organization\"},\"image\":{\"@id\":\"https:\\\/\\\/www.reichelt.com\\\/magazin\\\/fr\\\/conseils\\\/eclairer-espaces-de-travail\\\/#primaryimage\"},\"thumbnailUrl\":\"https:\\\/\\\/www.reichelt.com\\\/magazin\\\/wp-content\\\/uploads\\\/2017\\\/06\\\/Titel_Arbeitsbereiche-ausleuchten.png\",\"keywords\":[\"23-04-Energie\",\"conseils\",\"diode\",\"\u00e9clairage\",\"Installation\",\"LED\"],\"articleSection\":[\"Tutoriels\"],\"inLanguage\":\"fr-FR\",\"potentialAction\":[{\"@type\":\"CommentAction\",\"name\":\"Comment\",\"target\":[\"https:\\\/\\\/www.reichelt.com\\\/magazin\\\/fr\\\/conseils\\\/eclairer-espaces-de-travail\\\/#respond\"]}]},{\"@type\":\"WebPage\",\"@id\":\"https:\\\/\\\/www.reichelt.com\\\/magazin\\\/fr\\\/conseils\\\/eclairer-espaces-de-travail\\\/\",\"url\":\"https:\\\/\\\/www.reichelt.com\\\/magazin\\\/fr\\\/conseils\\\/eclairer-espaces-de-travail\\\/\",\"name\":\"Eclairer l\u2019espace de travail de fa\u00e7on optimale avec des lumi\u00e8res LED | reichelt.fr|Eclairer l\u2019espace de travail de fa\u00e7on optimale avec des lumi\u00e8res LED | reichelt.fr\",\"isPartOf\":{\"@id\":\"https:\\\/\\\/www.reichelt.com\\\/magazin\\\/fr\\\/#website\"},\"primaryImageOfPage\":{\"@id\":\"https:\\\/\\\/www.reichelt.com\\\/magazin\\\/fr\\\/conseils\\\/eclairer-espaces-de-travail\\\/#primaryimage\"},\"image\":{\"@id\":\"https:\\\/\\\/www.reichelt.com\\\/magazin\\\/fr\\\/conseils\\\/eclairer-espaces-de-travail\\\/#primaryimage\"},\"thumbnailUrl\":\"https:\\\/\\\/www.reichelt.com\\\/magazin\\\/wp-content\\\/uploads\\\/2017\\\/06\\\/Titel_Arbeitsbereiche-ausleuchten.png\",\"datePublished\":\"2017-06-27T07:52:43+00:00\",\"dateModified\":\"2023-04-28T12:30:03+00:00\",\"description\":\"Gr\u00e2ce aux lumi\u00e8res LED, il est possible d\u2019\u00e9clairer les espaces de travail de fa\u00e7on optimale et \u00e9conome en \u00e9nergie. Le guide reichelt pr\u00e9sente des possibilit\u00e9s d\u2019utilisation et des conseils d\u2018achat.|Gr\u00e2ce aux lumi\u00e8res LED, il est possible d\u2019\u00e9clairer les espaces de travail de fa\u00e7on optimale et \u00e9conome en \u00e9nergie. Le guide reichelt pr\u00e9sente des possibilit\u00e9s d\u2019utilisation et des conseils d\u2018achat.\",\"breadcrumb\":{\"@id\":\"https:\\\/\\\/www.reichelt.com\\\/magazin\\\/fr\\\/conseils\\\/eclairer-espaces-de-travail\\\/#breadcrumb\"},\"inLanguage\":\"fr-FR\",\"potentialAction\":[{\"@type\":\"ReadAction\",\"target\":[\"https:\\\/\\\/www.reichelt.com\\\/magazin\\\/fr\\\/conseils\\\/eclairer-espaces-de-travail\\\/\"]}]},{\"@type\":\"ImageObject\",\"inLanguage\":\"fr-FR\",\"@id\":\"https:\\\/\\\/www.reichelt.com\\\/magazin\\\/fr\\\/conseils\\\/eclairer-espaces-de-travail\\\/#primaryimage\",\"url\":\"https:\\\/\\\/www.reichelt.com\\\/magazin\\\/wp-content\\\/uploads\\\/2017\\\/06\\\/Titel_Arbeitsbereiche-ausleuchten.png\",\"contentUrl\":\"https:\\\/\\\/www.reichelt.com\\\/magazin\\\/wp-content\\\/uploads\\\/2017\\\/06\\\/Titel_Arbeitsbereiche-ausleuchten.png\",\"width\":1350,\"height\":400,\"caption\":\"Le guide reichelt consacr\u00e9 \u00e0 l\u2019\u00e9clairage technique pr\u00e9sente des possibilit\u00e9s d\u2019utilisation et des conseils d\u2018achat\"},{\"@type\":\"BreadcrumbList\",\"@id\":\"https:\\\/\\\/www.reichelt.com\\\/magazin\\\/fr\\\/conseils\\\/eclairer-espaces-de-travail\\\/#breadcrumb\",\"itemListElement\":[{\"@type\":\"ListItem\",\"position\":1,\"name\":\"Home\",\"item\":\"https:\\\/\\\/www.reichelt.com\\\/magazin\\\/fr\\\/\"},{\"@type\":\"ListItem\",\"position\":2,\"name\":\"Des LED adapt\u00e9es \u00e0 tous les usages\u00a0: quelles solutions pour \u00e9clairer des espaces de travail de fa\u00e7on optimale et faire des \u00e9conomies d\u2019\u00e9nergie\u00a0?\"}]},{\"@type\":\"WebSite\",\"@id\":\"https:\\\/\\\/www.reichelt.com\\\/magazin\\\/fr\\\/#website\",\"url\":\"https:\\\/\\\/www.reichelt.com\\\/magazin\\\/fr\\\/\",\"name\":\"reichelt Magazin\",\"description\":\"Das Technik Magazin\",\"publisher\":{\"@id\":\"https:\\\/\\\/www.reichelt.com\\\/magazin\\\/fr\\\/#organization\"},\"potentialAction\":[{\"@type\":\"SearchAction\",\"target\":{\"@type\":\"EntryPoint\",\"urlTemplate\":\"https:\\\/\\\/www.reichelt.com\\\/magazin\\\/fr\\\/?s={search_term_string}\"},\"query-input\":{\"@type\":\"PropertyValueSpecification\",\"valueRequired\":true,\"valueName\":\"search_term_string\"}}],\"inLanguage\":\"fr-FR\"},{\"@type\":\"Organization\",\"@id\":\"https:\\\/\\\/www.reichelt.com\\\/magazin\\\/fr\\\/#organization\",\"name\":\"reichelt Magazin\",\"url\":\"https:\\\/\\\/www.reichelt.com\\\/magazin\\\/fr\\\/\",\"logo\":{\"@type\":\"ImageObject\",\"inLanguage\":\"fr-FR\",\"@id\":\"https:\\\/\\\/www.reichelt.com\\\/magazin\\\/fr\\\/#\\\/schema\\\/logo\\\/image\\\/\",\"url\":\"https:\\\/\\\/www.reichelt.com\\\/magazin\\\/wp-content\\\/uploads\\\/2021\\\/11\\\/reichelt_magazin_logo_de_nl-1.svg\",\"contentUrl\":\"https:\\\/\\\/www.reichelt.com\\\/magazin\\\/wp-content\\\/uploads\\\/2021\\\/11\\\/reichelt_magazin_logo_de_nl-1.svg\",\"width\":456,\"height\":149,\"caption\":\"reichelt Magazin\"},\"image\":{\"@id\":\"https:\\\/\\\/www.reichelt.com\\\/magazin\\\/fr\\\/#\\\/schema\\\/logo\\\/image\\\/\"}},{\"@type\":\"Person\",\"@id\":\"https:\\\/\\\/www.reichelt.com\\\/magazin\\\/fr\\\/#\\\/schema\\\/person\\\/54edf009d7730dbe36a83d3e9948e08f\",\"name\":\"admin\",\"sameAs\":[\"https:\\\/\\\/magazin.reichelt.de\\\/magazin\"]}]}<\/script>\n<!-- \/ Yoast SEO Premium plugin. -->","yoast_head_json":{"title":"Eclairer l\u2019espace de travail de fa\u00e7on optimale avec des lumi\u00e8res LED | reichelt.fr|Eclairer l\u2019espace de travail de fa\u00e7on optimale avec des lumi\u00e8res LED | reichelt.fr","description":"Gr\u00e2ce aux lumi\u00e8res LED, il est possible d\u2019\u00e9clairer les espaces de travail de fa\u00e7on optimale et \u00e9conome en \u00e9nergie. Le guide reichelt pr\u00e9sente des possibilit\u00e9s d\u2019utilisation et des conseils d\u2018achat.|Gr\u00e2ce aux lumi\u00e8res LED, il est possible d\u2019\u00e9clairer les espaces de travail de fa\u00e7on optimale et \u00e9conome en \u00e9nergie. Le guide reichelt pr\u00e9sente des possibilit\u00e9s d\u2019utilisation et des conseils d\u2018achat.","robots":{"index":"index","follow":"follow","max-snippet":"max-snippet:-1","max-image-preview":"max-image-preview:large","max-video-preview":"max-video-preview:-1"},"canonical":"https:\/\/www.reichelt.com\/magazin\/fr\/conseils\/eclairer-espaces-de-travail\/","og_locale":"fr_FR","og_type":"article","og_title":"Comment \u00e9clairer les espaces de travail de mani\u00e8re optimale ?|Comment \u00e9clairer les espaces de travail de mani\u00e8re optimale ?","og_description":"Gr\u00e2ce aux lumi\u00e8res LED, il est possible d\u2019\u00e9clairer les espaces de travail de fa\u00e7on optimale et \u00e9conome en \u00e9nergie. Le guide reichelt illustre diff\u00e9rentes possibilit\u00e9s d\u2019utilisation et donne des conseils d\u2018achat|Gr\u00e2ce aux lumi\u00e8res LED, il est possible d\u2019\u00e9clairer les espaces de travail de fa\u00e7on optimale et \u00e9conome en \u00e9nergie. Le guide reichelt illustre diff\u00e9rentes possibilit\u00e9s d\u2019utilisation et donne des conseils d\u2018achat","og_url":"https:\/\/www.reichelt.com\/magazin\/fr\/conseils\/eclairer-espaces-de-travail\/","og_site_name":"reichelt Magazin","article_published_time":"2017-06-27T07:52:43+00:00","article_modified_time":"2023-04-28T12:30:03+00:00","og_image":[{"width":1350,"height":400,"url":"https:\/\/212.184.1.90\/magazin\/wp-content\/uploads\/2017\/06\/Titel_Arbeitsbereiche-ausleuchten.png","type":"image\/png"}],"author":"admin","twitter_card":"summary_large_image","twitter_title":"Des LED adapt\u00e9es \u00e0 tous les usages\u00a0: quelles solutions pour \u00e9clairer des espaces de travail de fa\u00e7on optimale et faire des \u00e9conomies d\u2019\u00e9nergie\u00a0?","twitter_misc":{"\u00c9crit par":"admin","Dur\u00e9e de lecture estim\u00e9e":"9 minutes"},"schema":{"@context":"https:\/\/schema.org","@graph":[{"@type":"Article","@id":"https:\/\/www.reichelt.com\/magazin\/fr\/conseils\/eclairer-espaces-de-travail\/#article","isPartOf":{"@id":"https:\/\/www.reichelt.com\/magazin\/fr\/conseils\/eclairer-espaces-de-travail\/"},"author":{"name":"admin","@id":"https:\/\/www.reichelt.com\/magazin\/fr\/#\/schema\/person\/54edf009d7730dbe36a83d3e9948e08f"},"headline":"Des LED adapt\u00e9es \u00e0 tous les usages\u00a0: quelles solutions pour \u00e9clairer des espaces de travail de fa\u00e7on optimale et faire des \u00e9conomies d\u2019\u00e9nergie\u00a0?","datePublished":"2017-06-27T07:52:43+00:00","dateModified":"2023-04-28T12:30:03+00:00","mainEntityOfPage":{"@id":"https:\/\/www.reichelt.com\/magazin\/fr\/conseils\/eclairer-espaces-de-travail\/"},"wordCount":1723,"commentCount":0,"publisher":{"@id":"https:\/\/www.reichelt.com\/magazin\/fr\/#organization"},"image":{"@id":"https:\/\/www.reichelt.com\/magazin\/fr\/conseils\/eclairer-espaces-de-travail\/#primaryimage"},"thumbnailUrl":"https:\/\/www.reichelt.com\/magazin\/wp-content\/uploads\/2017\/06\/Titel_Arbeitsbereiche-ausleuchten.png","keywords":["23-04-Energie","conseils","diode","\u00e9clairage","Installation","LED"],"articleSection":["Tutoriels"],"inLanguage":"fr-FR","potentialAction":[{"@type":"CommentAction","name":"Comment","target":["https:\/\/www.reichelt.com\/magazin\/fr\/conseils\/eclairer-espaces-de-travail\/#respond"]}]},{"@type":"WebPage","@id":"https:\/\/www.reichelt.com\/magazin\/fr\/conseils\/eclairer-espaces-de-travail\/","url":"https:\/\/www.reichelt.com\/magazin\/fr\/conseils\/eclairer-espaces-de-travail\/","name":"Eclairer l\u2019espace de travail de fa\u00e7on optimale avec des lumi\u00e8res LED | reichelt.fr|Eclairer l\u2019espace de travail de fa\u00e7on optimale avec des lumi\u00e8res LED | reichelt.fr","isPartOf":{"@id":"https:\/\/www.reichelt.com\/magazin\/fr\/#website"},"primaryImageOfPage":{"@id":"https:\/\/www.reichelt.com\/magazin\/fr\/conseils\/eclairer-espaces-de-travail\/#primaryimage"},"image":{"@id":"https:\/\/www.reichelt.com\/magazin\/fr\/conseils\/eclairer-espaces-de-travail\/#primaryimage"},"thumbnailUrl":"https:\/\/www.reichelt.com\/magazin\/wp-content\/uploads\/2017\/06\/Titel_Arbeitsbereiche-ausleuchten.png","datePublished":"2017-06-27T07:52:43+00:00","dateModified":"2023-04-28T12:30:03+00:00","description":"Gr\u00e2ce aux lumi\u00e8res LED, il est possible d\u2019\u00e9clairer les espaces de travail de fa\u00e7on optimale et \u00e9conome en \u00e9nergie. Le guide reichelt pr\u00e9sente des possibilit\u00e9s d\u2019utilisation et des conseils d\u2018achat.|Gr\u00e2ce aux lumi\u00e8res LED, il est possible d\u2019\u00e9clairer les espaces de travail de fa\u00e7on optimale et \u00e9conome en \u00e9nergie. Le guide reichelt pr\u00e9sente des possibilit\u00e9s d\u2019utilisation et des conseils d\u2018achat.","breadcrumb":{"@id":"https:\/\/www.reichelt.com\/magazin\/fr\/conseils\/eclairer-espaces-de-travail\/#breadcrumb"},"inLanguage":"fr-FR","potentialAction":[{"@type":"ReadAction","target":["https:\/\/www.reichelt.com\/magazin\/fr\/conseils\/eclairer-espaces-de-travail\/"]}]},{"@type":"ImageObject","inLanguage":"fr-FR","@id":"https:\/\/www.reichelt.com\/magazin\/fr\/conseils\/eclairer-espaces-de-travail\/#primaryimage","url":"https:\/\/www.reichelt.com\/magazin\/wp-content\/uploads\/2017\/06\/Titel_Arbeitsbereiche-ausleuchten.png","contentUrl":"https:\/\/www.reichelt.com\/magazin\/wp-content\/uploads\/2017\/06\/Titel_Arbeitsbereiche-ausleuchten.png","width":1350,"height":400,"caption":"Le guide reichelt consacr\u00e9 \u00e0 l\u2019\u00e9clairage technique pr\u00e9sente des possibilit\u00e9s d\u2019utilisation et des conseils d\u2018achat"},{"@type":"BreadcrumbList","@id":"https:\/\/www.reichelt.com\/magazin\/fr\/conseils\/eclairer-espaces-de-travail\/#breadcrumb","itemListElement":[{"@type":"ListItem","position":1,"name":"Home","item":"https:\/\/www.reichelt.com\/magazin\/fr\/"},{"@type":"ListItem","position":2,"name":"Des LED adapt\u00e9es \u00e0 tous les usages\u00a0: quelles solutions pour \u00e9clairer des espaces de travail de fa\u00e7on optimale et faire des \u00e9conomies d\u2019\u00e9nergie\u00a0?"}]},{"@type":"WebSite","@id":"https:\/\/www.reichelt.com\/magazin\/fr\/#website","url":"https:\/\/www.reichelt.com\/magazin\/fr\/","name":"reichelt Magazin","description":"Das Technik Magazin","publisher":{"@id":"https:\/\/www.reichelt.com\/magazin\/fr\/#organization"},"potentialAction":[{"@type":"SearchAction","target":{"@type":"EntryPoint","urlTemplate":"https:\/\/www.reichelt.com\/magazin\/fr\/?s={search_term_string}"},"query-input":{"@type":"PropertyValueSpecification","valueRequired":true,"valueName":"search_term_string"}}],"inLanguage":"fr-FR"},{"@type":"Organization","@id":"https:\/\/www.reichelt.com\/magazin\/fr\/#organization","name":"reichelt Magazin","url":"https:\/\/www.reichelt.com\/magazin\/fr\/","logo":{"@type":"ImageObject","inLanguage":"fr-FR","@id":"https:\/\/www.reichelt.com\/magazin\/fr\/#\/schema\/logo\/image\/","url":"https:\/\/www.reichelt.com\/magazin\/wp-content\/uploads\/2021\/11\/reichelt_magazin_logo_de_nl-1.svg","contentUrl":"https:\/\/www.reichelt.com\/magazin\/wp-content\/uploads\/2021\/11\/reichelt_magazin_logo_de_nl-1.svg","width":456,"height":149,"caption":"reichelt Magazin"},"image":{"@id":"https:\/\/www.reichelt.com\/magazin\/fr\/#\/schema\/logo\/image\/"}},{"@type":"Person","@id":"https:\/\/www.reichelt.com\/magazin\/fr\/#\/schema\/person\/54edf009d7730dbe36a83d3e9948e08f","name":"admin","sameAs":["https:\/\/magazin.reichelt.de\/magazin"]}]}},"_links":{"self":[{"href":"https:\/\/www.reichelt.com\/magazin\/fr\/wp-json\/wp\/v2\/posts\/39348","targetHints":{"allow":["GET"]}}],"collection":[{"href":"https:\/\/www.reichelt.com\/magazin\/fr\/wp-json\/wp\/v2\/posts"}],"about":[{"href":"https:\/\/www.reichelt.com\/magazin\/fr\/wp-json\/wp\/v2\/types\/post"}],"author":[{"embeddable":true,"href":"https:\/\/www.reichelt.com\/magazin\/fr\/wp-json\/wp\/v2\/users\/1"}],"replies":[{"embeddable":true,"href":"https:\/\/www.reichelt.com\/magazin\/fr\/wp-json\/wp\/v2\/comments?post=39348"}],"version-history":[{"count":13,"href":"https:\/\/www.reichelt.com\/magazin\/fr\/wp-json\/wp\/v2\/posts\/39348\/revisions"}],"predecessor-version":[{"id":80236,"href":"https:\/\/www.reichelt.com\/magazin\/fr\/wp-json\/wp\/v2\/posts\/39348\/revisions\/80236"}],"wp:featuredmedia":[{"embeddable":true,"href":"https:\/\/www.reichelt.com\/magazin\/fr\/wp-json\/wp\/v2\/media\/91491"}],"wp:attachment":[{"href":"https:\/\/www.reichelt.com\/magazin\/fr\/wp-json\/wp\/v2\/media?parent=39348"}],"wp:term":[{"taxonomy":"category","embeddable":true,"href":"https:\/\/www.reichelt.com\/magazin\/fr\/wp-json\/wp\/v2\/categories?post=39348"},{"taxonomy":"post_tag","embeddable":true,"href":"https:\/\/www.reichelt.com\/magazin\/fr\/wp-json\/wp\/v2\/tags?post=39348"}],"curies":[{"name":"wp","href":"https:\/\/api.w.org\/{rel}","templated":true}]}}