{"id":38700,"date":"2016-12-24T15:50:27","date_gmt":"2016-12-24T14:50:27","guid":{"rendered":"https:\/\/magazinnew.reichelt.de\/magazin\/non-classifiee\/choisir-le-bon-fer-a-souder-pour-vos-projets\/"},"modified":"2022-03-09T16:29:03","modified_gmt":"2022-03-09T15:29:03","slug":"choisir-le-bon-fer-a-souder","status":"publish","type":"post","link":"https:\/\/www.reichelt.com\/magazin\/fr\/conseils\/choisir-le-bon-fer-a-souder\/","title":{"rendered":"Choisir le bon fer \u00e0 souder pour vos projets"},"content":{"rendered":"<p>Les fers \u00e0 souder permettent de faire fondre un m\u00e9tal, tel que l\u2019\u00e9tain, et donc de relier divers composants. Les appareils sont constitu\u00e9s d&#8217;une pointe m\u00e9tallique chauffante et d\u2019une poign\u00e9e isol\u00e9e. La chaleur est principalement g\u00e9n\u00e9r\u00e9e par le courant circulant \u00e0 travers une r\u00e9sistance \u00e9lectrique chauffante. Tous les fers \u00e0 souder ne sont pas identiques&nbsp;; selon l&#8217;utilisation pr\u00e9vue, certains types sont particuli\u00e8rement bien adapt\u00e9s. En voici une vue d\u2019ensemble.<!--more--><\/p>\n<h2>Aiguille \u00e0 souder &#8211; de 5 \u00e0 15 watts<\/h2>\n<span data-view=\"article\" data-artid=\"97062\" data-lang=\"de\"><\/span>\n<p>Ce type de fer \u00e0 souder est particulier : il permet de souder des fils fins et il est con\u00e7u pour des travaux de pr\u00e9cision, par exemple sur des pistes conductrices et de minuscules composants&nbsp;CMS. Les aiguilles \u00e0 souder sont particuli\u00e8rement petites, pour pouvoir \u00eatre utilis\u00e9es dans des espaces confin\u00e9s.<\/p>\n<h2>Fer \u00e0 souder de pr\u00e9cision \u2013 15 \u00e0 30&nbsp;watts<\/h2>\n<span data-view=\"article\" data-artid=\"7421\" data-lang=\"de\"><\/span>Ces fers \u00e0 souder \u00e9galement sp\u00e9cialement con\u00e7us pour les zones de pr\u00e9cision conviennent parfaitement aux t\u00e2ches de soudure petites et moyennes. Leurs applications incluent les travaux sur des bo\u00eetes de distribution, l\u2019assemblage de circuits imprim\u00e9s et les travaux de soudure en mod\u00e9lisme. Les fers \u00e0 souder de pr\u00e9cision sont de petite taille, l\u00e9gers et bon march\u00e9, et constituent pour cette raison un excellent choix pour les d\u00e9butants. Tout comme les aiguilles \u00e0 souder, les fers de pr\u00e9cision fonctionnent g\u00e9n\u00e9ralement \u00e0 basse tension. Ainsi, ils peuvent \u00e9galement fonctionner selon des temp\u00e9ratures l\u00e9g\u00e8rement insuffisantes ou excessives.<\/p>\n<h2>Fer \u00e0 souder universel \u2013 30 \u00e0 60&nbsp;watts<\/h2>\n<span data-view=\"article\" data-artid=\"133287\" data-lang=\"de\"><\/span>Les fers \u00e0 souder universels peuvent \u00eatre \u00e9quip\u00e9s de diff\u00e9rentes pannes \u00e0 souder, de sorte que vous puissiez ma\u00eetriser pratiquement toutes les t\u00e2ches. En raison de leur taille, ils ne sont cependant pas aussi maniables que leurs homologues plus petits, et par cons\u00e9quent peu adapt\u00e9s aux travaux de pr\u00e9cision. Et ne sont pas toujours assez robustes pour souder rapidement des fils \u00e9pais. Si l&#8217;on doit choisir un seul fer \u00e0 souder pour la maison \u00e0 utiliser de fa\u00e7on occasionnelle, les fers universels repr\u00e9sentent cependant la meilleure solution. Ils fonctionnent g\u00e9n\u00e9ralement \u00e0 230&nbsp;volts, ils ne requi\u00e8rent donc aucun bloc d\u2019alimentation et se branchent directement \u00e0 la prise. Ceci est certes pratique, mais ne permet pas de pouvoir contr\u00f4ler la temp\u00e9rature.<\/p>\n<p>Fer \u00e0 souder avec r\u00e9glage de la temp\u00e9rature \u2013 30 \u00e0 60&nbsp;watts<\/p>\n<span data-view=\"article\" data-artid=\"90031\" data-lang=\"de\"><\/span>Les fers \u00e0 souder avec r\u00e9glage de la temp\u00e9rature sont \u00e9quip\u00e9s d\u2019un \u00e9l\u00e9ment chauffant \u00e0 r\u00e9glage \u00e9lectronique. Ce syst\u00e8me permet d\u2019\u00e9viter des temp\u00e9ratures \u00e9lev\u00e9es et la soudure trop chaude&nbsp;; c\u2019est la raison pour laquelle ces fers \u00e0 souder sont particuli\u00e8rement adapt\u00e9s pour des travaux de soudure pr\u00e9cis en laboratoire. Les fers \u00e0 souder avec r\u00e9glage de la temp\u00e9rature sont dot\u00e9s d\u2019un capteur de temp\u00e9rature int\u00e9gr\u00e9, ou la r\u00e9sistance \u00e9lectrique du fil chauffant est r\u00e9gl\u00e9e en fonction de la temp\u00e9rature. Inconv\u00e9nient&nbsp;: ces fers \u00e0 souder sont relativement on\u00e9reux.<\/p>\n<h2>Fer \u00e0 souder de grande taille &gt; 60&nbsp;watts<\/h2>\n<span data-view=\"article\" data-artid=\"69433\" data-lang=\"de\"><\/span>Ces fers \u00e0 souder sont sp\u00e9cialement con\u00e7us pour des travaux majeurs sur des c\u00e2bles \u00e9pais, des cellules solaires et des batteries.<\/p>\n<h2>Fer \u00e0 souder sans fil<\/h2>\n<span data-view=\"article\" data-artid=\"141427\" data-lang=\"de\"><\/span>Il existe des fers \u00e0 souder sans c\u00e2ble d&#8217;alimentation fonctionnant au gaz ou avec des batteries. Ils sont donc utilis\u00e9s lorsqu\u2019aucune prise \u00e9lectrique ne se trouve \u00e0 proximit\u00e9. En raison de leur faible puissance, ils constituent le plus souvent une solution de secours.<\/p>\n<h6>Illustration : Fotolia, 53132636, cartographie&nbsp;Artalis<\/h6>\n","protected":false},"excerpt":{"rendered":"<p>Les fers \u00e0 souder permettent de faire fondre un m\u00e9tal, tel que l\u2019\u00e9tain, et donc de relier divers composants. Les appareils sont constitu\u00e9s d&#8217;une pointe m\u00e9tallique chauffante et d\u2019une poign\u00e9e isol\u00e9e. La chaleur est principalement g\u00e9n\u00e9r\u00e9e par le courant circulant \u00e0 travers une r\u00e9sistance \u00e9lectrique chauffante. Tous les fers \u00e0 souder ne sont pas identiques&nbsp;; [&hellip;]<\/p>\n","protected":false},"author":1,"featured_media":38188,"comment_status":"closed","ping_status":"open","sticky":false,"template":"","format":"standard","meta":{"footnotes":""},"categories":[6044],"tags":[4303,4533,4534,4466,4467],"class_list":["post-38700","post","type-post","status-publish","format-standard","has-post-thumbnail","hentry","category-conseils","tag-cable","tag-fer","tag-fer-a-souder","tag-soudage","tag-soudure"],"yoast_head":"<!-- This site is optimized with the Yoast SEO Premium plugin v27.4 (Yoast SEO v27.4) - https:\/\/yoast.com\/product\/yoast-seo-premium-wordpress\/ -->\n<title>Fers \u00e0 souder\u00a0: un fer pour chaque utilisation sp\u00e9cifique|Fers \u00e0 souder\u00a0: un fer pour chaque utilisation sp\u00e9cifique<\/title>\n<meta name=\"description\" content=\"Travaux de pr\u00e9cision ou soudure sur des c\u00e2bles \u00e9pais\u00a0: tous les fers \u00e0 souder ne conviennent pas \u00e0 toutes les utilisations. Choisissez le v\u00f4tre !|Travaux de pr\u00e9cision ou soudure sur des c\u00e2bles \u00e9pais\u00a0: tous les fers \u00e0 souder ne conviennent pas \u00e0 toutes les utilisations. Choisissez le v\u00f4tre !\" \/>\n<meta name=\"robots\" content=\"index, follow, max-snippet:-1, max-image-preview:large, max-video-preview:-1\" \/>\n<link rel=\"canonical\" href=\"https:\/\/www.reichelt.com\/magazin\/fr\/conseils\/choisir-le-bon-fer-a-souder\/\" \/>\n<meta property=\"og:locale\" content=\"fr_FR\" \/>\n<meta property=\"og:type\" content=\"article\" \/>\n<meta property=\"og:title\" content=\"Choisir le bon fer \u00e0 souder pour vos projets\" \/>\n<meta property=\"og:description\" content=\"Tous les fers \u00e0 souder ne sont pas identiques \u2013 que voulez-vous souder\u00a0?|Tous les fers \u00e0 souder ne sont pas identiques \u2013 que voulez-vous souder\u00a0?\" \/>\n<meta property=\"og:url\" content=\"https:\/\/www.reichelt.com\/magazin\/fr\/conseils\/choisir-le-bon-fer-a-souder\/\" \/>\n<meta property=\"og:site_name\" content=\"reichelt Magazin\" \/>\n<meta property=\"article:published_time\" content=\"2016-12-24T14:50:27+00:00\" \/>\n<meta property=\"article:modified_time\" content=\"2022-03-09T15:29:03+00:00\" \/>\n<meta property=\"og:image\" content=\"https:\/\/www.reichelt.com\/magazin\/wp-content\/uploads\/2016\/12\/loetkoloeben.jpg\" \/>\n\t<meta property=\"og:image:width\" content=\"1182\" \/>\n\t<meta property=\"og:image:height\" content=\"579\" \/>\n\t<meta property=\"og:image:type\" content=\"image\/jpeg\" \/>\n<meta name=\"author\" content=\"admin\" \/>\n<meta name=\"twitter:card\" content=\"summary_large_image\" \/>\n<meta name=\"twitter:label1\" content=\"\u00c9crit par\" \/>\n\t<meta name=\"twitter:data1\" content=\"admin\" \/>\n\t<meta name=\"twitter:label2\" content=\"Dur\u00e9e de lecture estim\u00e9e\" \/>\n\t<meta name=\"twitter:data2\" content=\"4 minutes\" \/>\n<script type=\"application\/ld+json\" class=\"yoast-schema-graph\">{\"@context\":\"https:\\\/\\\/schema.org\",\"@graph\":[{\"@type\":\"Article\",\"@id\":\"https:\\\/\\\/www.reichelt.com\\\/magazin\\\/fr\\\/conseils\\\/choisir-le-bon-fer-a-souder\\\/#article\",\"isPartOf\":{\"@id\":\"https:\\\/\\\/www.reichelt.com\\\/magazin\\\/fr\\\/conseils\\\/choisir-le-bon-fer-a-souder\\\/\"},\"author\":{\"name\":\"admin\",\"@id\":\"https:\\\/\\\/www.reichelt.com\\\/magazin\\\/fr\\\/#\\\/schema\\\/person\\\/54edf009d7730dbe36a83d3e9948e08f\"},\"headline\":\"Choisir le bon fer \u00e0 souder pour vos projets\",\"datePublished\":\"2016-12-24T14:50:27+00:00\",\"dateModified\":\"2022-03-09T15:29:03+00:00\",\"mainEntityOfPage\":{\"@id\":\"https:\\\/\\\/www.reichelt.com\\\/magazin\\\/fr\\\/conseils\\\/choisir-le-bon-fer-a-souder\\\/\"},\"wordCount\":630,\"publisher\":{\"@id\":\"https:\\\/\\\/www.reichelt.com\\\/magazin\\\/fr\\\/#organization\"},\"image\":{\"@id\":\"https:\\\/\\\/www.reichelt.com\\\/magazin\\\/fr\\\/conseils\\\/choisir-le-bon-fer-a-souder\\\/#primaryimage\"},\"thumbnailUrl\":\"https:\\\/\\\/www.reichelt.com\\\/magazin\\\/wp-content\\\/uploads\\\/2016\\\/12\\\/loetkoloeben.jpg\",\"keywords\":[\"c\u00e2ble\",\"fer\",\"fer \u00e0 souder\",\"soudage\",\"soudure\"],\"articleSection\":[\"Tutoriels\"],\"inLanguage\":\"fr-FR\"},{\"@type\":\"WebPage\",\"@id\":\"https:\\\/\\\/www.reichelt.com\\\/magazin\\\/fr\\\/conseils\\\/choisir-le-bon-fer-a-souder\\\/\",\"url\":\"https:\\\/\\\/www.reichelt.com\\\/magazin\\\/fr\\\/conseils\\\/choisir-le-bon-fer-a-souder\\\/\",\"name\":\"Fers \u00e0 souder\u00a0: un fer pour chaque utilisation sp\u00e9cifique|Fers \u00e0 souder\u00a0: un fer pour chaque utilisation sp\u00e9cifique\",\"isPartOf\":{\"@id\":\"https:\\\/\\\/www.reichelt.com\\\/magazin\\\/fr\\\/#website\"},\"primaryImageOfPage\":{\"@id\":\"https:\\\/\\\/www.reichelt.com\\\/magazin\\\/fr\\\/conseils\\\/choisir-le-bon-fer-a-souder\\\/#primaryimage\"},\"image\":{\"@id\":\"https:\\\/\\\/www.reichelt.com\\\/magazin\\\/fr\\\/conseils\\\/choisir-le-bon-fer-a-souder\\\/#primaryimage\"},\"thumbnailUrl\":\"https:\\\/\\\/www.reichelt.com\\\/magazin\\\/wp-content\\\/uploads\\\/2016\\\/12\\\/loetkoloeben.jpg\",\"datePublished\":\"2016-12-24T14:50:27+00:00\",\"dateModified\":\"2022-03-09T15:29:03+00:00\",\"description\":\"Travaux de pr\u00e9cision ou soudure sur des c\u00e2bles \u00e9pais\u00a0: tous les fers \u00e0 souder ne conviennent pas \u00e0 toutes les utilisations. Choisissez le v\u00f4tre !|Travaux de pr\u00e9cision ou soudure sur des c\u00e2bles \u00e9pais\u00a0: tous les fers \u00e0 souder ne conviennent pas \u00e0 toutes les utilisations. Choisissez le v\u00f4tre !\",\"breadcrumb\":{\"@id\":\"https:\\\/\\\/www.reichelt.com\\\/magazin\\\/fr\\\/conseils\\\/choisir-le-bon-fer-a-souder\\\/#breadcrumb\"},\"inLanguage\":\"fr-FR\",\"potentialAction\":[{\"@type\":\"ReadAction\",\"target\":[\"https:\\\/\\\/www.reichelt.com\\\/magazin\\\/fr\\\/conseils\\\/choisir-le-bon-fer-a-souder\\\/\"]}]},{\"@type\":\"ImageObject\",\"inLanguage\":\"fr-FR\",\"@id\":\"https:\\\/\\\/www.reichelt.com\\\/magazin\\\/fr\\\/conseils\\\/choisir-le-bon-fer-a-souder\\\/#primaryimage\",\"url\":\"https:\\\/\\\/www.reichelt.com\\\/magazin\\\/wp-content\\\/uploads\\\/2016\\\/12\\\/loetkoloeben.jpg\",\"contentUrl\":\"https:\\\/\\\/www.reichelt.com\\\/magazin\\\/wp-content\\\/uploads\\\/2016\\\/12\\\/loetkoloeben.jpg\",\"width\":1182,\"height\":579},{\"@type\":\"BreadcrumbList\",\"@id\":\"https:\\\/\\\/www.reichelt.com\\\/magazin\\\/fr\\\/conseils\\\/choisir-le-bon-fer-a-souder\\\/#breadcrumb\",\"itemListElement\":[{\"@type\":\"ListItem\",\"position\":1,\"name\":\"Home\",\"item\":\"https:\\\/\\\/www.reichelt.com\\\/magazin\\\/fr\\\/\"},{\"@type\":\"ListItem\",\"position\":2,\"name\":\"Choisir le bon fer \u00e0 souder pour vos projets\"}]},{\"@type\":\"WebSite\",\"@id\":\"https:\\\/\\\/www.reichelt.com\\\/magazin\\\/fr\\\/#website\",\"url\":\"https:\\\/\\\/www.reichelt.com\\\/magazin\\\/fr\\\/\",\"name\":\"reichelt Magazin\",\"description\":\"Das Technik Magazin\",\"publisher\":{\"@id\":\"https:\\\/\\\/www.reichelt.com\\\/magazin\\\/fr\\\/#organization\"},\"potentialAction\":[{\"@type\":\"SearchAction\",\"target\":{\"@type\":\"EntryPoint\",\"urlTemplate\":\"https:\\\/\\\/www.reichelt.com\\\/magazin\\\/fr\\\/?s={search_term_string}\"},\"query-input\":{\"@type\":\"PropertyValueSpecification\",\"valueRequired\":true,\"valueName\":\"search_term_string\"}}],\"inLanguage\":\"fr-FR\"},{\"@type\":\"Organization\",\"@id\":\"https:\\\/\\\/www.reichelt.com\\\/magazin\\\/fr\\\/#organization\",\"name\":\"reichelt Magazin\",\"url\":\"https:\\\/\\\/www.reichelt.com\\\/magazin\\\/fr\\\/\",\"logo\":{\"@type\":\"ImageObject\",\"inLanguage\":\"fr-FR\",\"@id\":\"https:\\\/\\\/www.reichelt.com\\\/magazin\\\/fr\\\/#\\\/schema\\\/logo\\\/image\\\/\",\"url\":\"https:\\\/\\\/www.reichelt.com\\\/magazin\\\/wp-content\\\/uploads\\\/2021\\\/11\\\/reichelt_magazin_logo_de_nl-1.svg\",\"contentUrl\":\"https:\\\/\\\/www.reichelt.com\\\/magazin\\\/wp-content\\\/uploads\\\/2021\\\/11\\\/reichelt_magazin_logo_de_nl-1.svg\",\"width\":456,\"height\":149,\"caption\":\"reichelt Magazin\"},\"image\":{\"@id\":\"https:\\\/\\\/www.reichelt.com\\\/magazin\\\/fr\\\/#\\\/schema\\\/logo\\\/image\\\/\"}},{\"@type\":\"Person\",\"@id\":\"https:\\\/\\\/www.reichelt.com\\\/magazin\\\/fr\\\/#\\\/schema\\\/person\\\/54edf009d7730dbe36a83d3e9948e08f\",\"name\":\"admin\",\"sameAs\":[\"https:\\\/\\\/magazin.reichelt.de\\\/magazin\"]}]}<\/script>\n<!-- \/ Yoast SEO Premium plugin. -->","yoast_head_json":{"title":"Fers \u00e0 souder\u00a0: un fer pour chaque utilisation sp\u00e9cifique|Fers \u00e0 souder\u00a0: un fer pour chaque utilisation sp\u00e9cifique","description":"Travaux de pr\u00e9cision ou soudure sur des c\u00e2bles \u00e9pais\u00a0: tous les fers \u00e0 souder ne conviennent pas \u00e0 toutes les utilisations. Choisissez le v\u00f4tre !|Travaux de pr\u00e9cision ou soudure sur des c\u00e2bles \u00e9pais\u00a0: tous les fers \u00e0 souder ne conviennent pas \u00e0 toutes les utilisations. Choisissez le v\u00f4tre !","robots":{"index":"index","follow":"follow","max-snippet":"max-snippet:-1","max-image-preview":"max-image-preview:large","max-video-preview":"max-video-preview:-1"},"canonical":"https:\/\/www.reichelt.com\/magazin\/fr\/conseils\/choisir-le-bon-fer-a-souder\/","og_locale":"fr_FR","og_type":"article","og_title":"Choisir le bon fer \u00e0 souder pour vos projets","og_description":"Tous les fers \u00e0 souder ne sont pas identiques \u2013 que voulez-vous souder\u00a0?|Tous les fers \u00e0 souder ne sont pas identiques \u2013 que voulez-vous souder\u00a0?","og_url":"https:\/\/www.reichelt.com\/magazin\/fr\/conseils\/choisir-le-bon-fer-a-souder\/","og_site_name":"reichelt Magazin","article_published_time":"2016-12-24T14:50:27+00:00","article_modified_time":"2022-03-09T15:29:03+00:00","og_image":[{"width":1182,"height":579,"url":"https:\/\/www.reichelt.com\/magazin\/wp-content\/uploads\/2016\/12\/loetkoloeben.jpg","type":"image\/jpeg"}],"author":"admin","twitter_card":"summary_large_image","twitter_misc":{"\u00c9crit par":"admin","Dur\u00e9e de lecture estim\u00e9e":"4 minutes"},"schema":{"@context":"https:\/\/schema.org","@graph":[{"@type":"Article","@id":"https:\/\/www.reichelt.com\/magazin\/fr\/conseils\/choisir-le-bon-fer-a-souder\/#article","isPartOf":{"@id":"https:\/\/www.reichelt.com\/magazin\/fr\/conseils\/choisir-le-bon-fer-a-souder\/"},"author":{"name":"admin","@id":"https:\/\/www.reichelt.com\/magazin\/fr\/#\/schema\/person\/54edf009d7730dbe36a83d3e9948e08f"},"headline":"Choisir le bon fer \u00e0 souder pour vos projets","datePublished":"2016-12-24T14:50:27+00:00","dateModified":"2022-03-09T15:29:03+00:00","mainEntityOfPage":{"@id":"https:\/\/www.reichelt.com\/magazin\/fr\/conseils\/choisir-le-bon-fer-a-souder\/"},"wordCount":630,"publisher":{"@id":"https:\/\/www.reichelt.com\/magazin\/fr\/#organization"},"image":{"@id":"https:\/\/www.reichelt.com\/magazin\/fr\/conseils\/choisir-le-bon-fer-a-souder\/#primaryimage"},"thumbnailUrl":"https:\/\/www.reichelt.com\/magazin\/wp-content\/uploads\/2016\/12\/loetkoloeben.jpg","keywords":["c\u00e2ble","fer","fer \u00e0 souder","soudage","soudure"],"articleSection":["Tutoriels"],"inLanguage":"fr-FR"},{"@type":"WebPage","@id":"https:\/\/www.reichelt.com\/magazin\/fr\/conseils\/choisir-le-bon-fer-a-souder\/","url":"https:\/\/www.reichelt.com\/magazin\/fr\/conseils\/choisir-le-bon-fer-a-souder\/","name":"Fers \u00e0 souder\u00a0: un fer pour chaque utilisation sp\u00e9cifique|Fers \u00e0 souder\u00a0: un fer pour chaque utilisation sp\u00e9cifique","isPartOf":{"@id":"https:\/\/www.reichelt.com\/magazin\/fr\/#website"},"primaryImageOfPage":{"@id":"https:\/\/www.reichelt.com\/magazin\/fr\/conseils\/choisir-le-bon-fer-a-souder\/#primaryimage"},"image":{"@id":"https:\/\/www.reichelt.com\/magazin\/fr\/conseils\/choisir-le-bon-fer-a-souder\/#primaryimage"},"thumbnailUrl":"https:\/\/www.reichelt.com\/magazin\/wp-content\/uploads\/2016\/12\/loetkoloeben.jpg","datePublished":"2016-12-24T14:50:27+00:00","dateModified":"2022-03-09T15:29:03+00:00","description":"Travaux de pr\u00e9cision ou soudure sur des c\u00e2bles \u00e9pais\u00a0: tous les fers \u00e0 souder ne conviennent pas \u00e0 toutes les utilisations. Choisissez le v\u00f4tre !|Travaux de pr\u00e9cision ou soudure sur des c\u00e2bles \u00e9pais\u00a0: tous les fers \u00e0 souder ne conviennent pas \u00e0 toutes les utilisations. Choisissez le v\u00f4tre !","breadcrumb":{"@id":"https:\/\/www.reichelt.com\/magazin\/fr\/conseils\/choisir-le-bon-fer-a-souder\/#breadcrumb"},"inLanguage":"fr-FR","potentialAction":[{"@type":"ReadAction","target":["https:\/\/www.reichelt.com\/magazin\/fr\/conseils\/choisir-le-bon-fer-a-souder\/"]}]},{"@type":"ImageObject","inLanguage":"fr-FR","@id":"https:\/\/www.reichelt.com\/magazin\/fr\/conseils\/choisir-le-bon-fer-a-souder\/#primaryimage","url":"https:\/\/www.reichelt.com\/magazin\/wp-content\/uploads\/2016\/12\/loetkoloeben.jpg","contentUrl":"https:\/\/www.reichelt.com\/magazin\/wp-content\/uploads\/2016\/12\/loetkoloeben.jpg","width":1182,"height":579},{"@type":"BreadcrumbList","@id":"https:\/\/www.reichelt.com\/magazin\/fr\/conseils\/choisir-le-bon-fer-a-souder\/#breadcrumb","itemListElement":[{"@type":"ListItem","position":1,"name":"Home","item":"https:\/\/www.reichelt.com\/magazin\/fr\/"},{"@type":"ListItem","position":2,"name":"Choisir le bon fer \u00e0 souder pour vos projets"}]},{"@type":"WebSite","@id":"https:\/\/www.reichelt.com\/magazin\/fr\/#website","url":"https:\/\/www.reichelt.com\/magazin\/fr\/","name":"reichelt Magazin","description":"Das Technik Magazin","publisher":{"@id":"https:\/\/www.reichelt.com\/magazin\/fr\/#organization"},"potentialAction":[{"@type":"SearchAction","target":{"@type":"EntryPoint","urlTemplate":"https:\/\/www.reichelt.com\/magazin\/fr\/?s={search_term_string}"},"query-input":{"@type":"PropertyValueSpecification","valueRequired":true,"valueName":"search_term_string"}}],"inLanguage":"fr-FR"},{"@type":"Organization","@id":"https:\/\/www.reichelt.com\/magazin\/fr\/#organization","name":"reichelt Magazin","url":"https:\/\/www.reichelt.com\/magazin\/fr\/","logo":{"@type":"ImageObject","inLanguage":"fr-FR","@id":"https:\/\/www.reichelt.com\/magazin\/fr\/#\/schema\/logo\/image\/","url":"https:\/\/www.reichelt.com\/magazin\/wp-content\/uploads\/2021\/11\/reichelt_magazin_logo_de_nl-1.svg","contentUrl":"https:\/\/www.reichelt.com\/magazin\/wp-content\/uploads\/2021\/11\/reichelt_magazin_logo_de_nl-1.svg","width":456,"height":149,"caption":"reichelt Magazin"},"image":{"@id":"https:\/\/www.reichelt.com\/magazin\/fr\/#\/schema\/logo\/image\/"}},{"@type":"Person","@id":"https:\/\/www.reichelt.com\/magazin\/fr\/#\/schema\/person\/54edf009d7730dbe36a83d3e9948e08f","name":"admin","sameAs":["https:\/\/magazin.reichelt.de\/magazin"]}]}},"_links":{"self":[{"href":"https:\/\/www.reichelt.com\/magazin\/fr\/wp-json\/wp\/v2\/posts\/38700","targetHints":{"allow":["GET"]}}],"collection":[{"href":"https:\/\/www.reichelt.com\/magazin\/fr\/wp-json\/wp\/v2\/posts"}],"about":[{"href":"https:\/\/www.reichelt.com\/magazin\/fr\/wp-json\/wp\/v2\/types\/post"}],"author":[{"embeddable":true,"href":"https:\/\/www.reichelt.com\/magazin\/fr\/wp-json\/wp\/v2\/users\/1"}],"replies":[{"embeddable":true,"href":"https:\/\/www.reichelt.com\/magazin\/fr\/wp-json\/wp\/v2\/comments?post=38700"}],"version-history":[{"count":1,"href":"https:\/\/www.reichelt.com\/magazin\/fr\/wp-json\/wp\/v2\/posts\/38700\/revisions"}],"predecessor-version":[{"id":43526,"href":"https:\/\/www.reichelt.com\/magazin\/fr\/wp-json\/wp\/v2\/posts\/38700\/revisions\/43526"}],"wp:featuredmedia":[{"embeddable":true,"href":"https:\/\/www.reichelt.com\/magazin\/fr\/wp-json\/wp\/v2\/media\/38188"}],"wp:attachment":[{"href":"https:\/\/www.reichelt.com\/magazin\/fr\/wp-json\/wp\/v2\/media?parent=38700"}],"wp:term":[{"taxonomy":"category","embeddable":true,"href":"https:\/\/www.reichelt.com\/magazin\/fr\/wp-json\/wp\/v2\/categories?post=38700"},{"taxonomy":"post_tag","embeddable":true,"href":"https:\/\/www.reichelt.com\/magazin\/fr\/wp-json\/wp\/v2\/tags?post=38700"}],"curies":[{"name":"wp","href":"https:\/\/api.w.org\/{rel}","templated":true}]}}