{"id":115583,"date":"2026-03-10T07:30:00","date_gmt":"2026-03-10T06:30:00","guid":{"rendered":"https:\/\/www.reichelt.com\/magazin\/?p=115583"},"modified":"2026-03-10T10:38:08","modified_gmt":"2026-03-10T09:38:08","slug":"pilier-invisible-mais-incontournable-des-infrastructures-energetiques-de-demain","status":"publish","type":"post","link":"https:\/\/www.reichelt.com\/magazin\/fr\/articles-techniques\/pilier-invisible-mais-incontournable-des-infrastructures-energetiques-de-demain\/","title":{"rendered":"Pilier invisible mais incontournable des infrastructures \u00e9nerg\u00e9tiques de demain"},"content":{"rendered":"\n<p>Avec le d\u00e9veloppement des \u00e9nergies renouvelables, le march\u00e9 du stockage d\u2019\u00e9nergie stationnaire <strong><a href=\"https:\/\/www.fortunebusinessinsights.com\/fr\/stationary-energy-storage-market-110450\" target=\"_blank\" rel=\"noreferrer noopener\">est en plein boom<\/a><\/strong><a href=\"https:\/\/www.fortunebusinessinsights.com\/fr\/stationary-energy-storage-market-110450\">\u00a0<\/a>: de 75,66 milliards USD en 2023, il pourrait atteindre 231 milliards d\u2019ici 2032, avec une croissance annuelle de 12,45 %. Cette croissance est port\u00e9e par les \u00e9nergies renouvelables, dont la production variable complique l\u2019\u00e9quilibre entre offre et demande. Les technologies de stockage modernes constituent aujourd\u2019hui l\u2019un des champs de recherche les plus enthousiasmants dans le domaine de l\u2019\u00e9lectronique. Jouant un r\u00f4le crucial dans la r\u00e9ussite de la transition \u00e9nerg\u00e9tique, l\u2019impact de ces nouvelles technologies n\u2019est pas seulement \u00e9conomique, mais \u00e9galement soci\u00e9tal.<\/p>\n\n\n\n<h2 class=\"wp-block-heading\" id=\"h-vers-un-stockage-durable-et-intelligent\">Vers un stockage durable et intelligent<\/h2>\n\n\n\n<p>Au cours des dix prochaines ann\u00e9es, le stockage de l\u2019\u00e9nergie poursuivra son \u00e9volution au travers du d\u00e9veloppement de technologies de plus en plus vari\u00e9es et d\u2019interactions de plus en plus \u00e9troites avec d\u2019autres domaines d\u2019activit\u00e9, comme le chauffage, la mobilit\u00e9 ou l\u2019industrie. Les technologies de stockage ont un r\u00f4le majeur \u00e0 jouer pour \u00e9quilibrer la r\u00e9partition de l\u2019\u00e9nergie entre ces diff\u00e9rents domaines.<\/p>\n\n\n\n<p>\u00c0 court terme, les batteries lithium-ion devraient conserver leur statut de technologie dominante gr\u00e2ce \u00e0 leur capacit\u00e9 de production qui s\u2019est grandement am\u00e9lior\u00e9e et leur co\u00fbt consid\u00e9rablement r\u00e9duit, m\u00eame si de nouveaux types de batteries voient le jour \u00e0 l\u2019image des batteries sodium-ion.<\/p>\n\n\n\n<p>Dans le m\u00eame temps, le secteur du recyclage s\u00e9par\u00e9 pour le lithium, le nickel et le cobalt a fait son apparition, r\u00e9duisant la d\u00e9pendance aux mat\u00e9riaux critiques. Les concepts de seconde vie pour les batteries de v\u00e9hicules usag\u00e9es permettent d\u2019\u00e9tendre encore la dur\u00e9e de vie en service des syst\u00e8mes. En plus de ces retomb\u00e9es \u00e9conomiques, la durabilit\u00e9 devient de plus en plus incontournable, acc\u00e9l\u00e9rant la mont\u00e9e en puissance de ces nouveaux march\u00e9s. \u00c0 titre d\u2019exemple, <strong><a href=\"https:\/\/enertrag.com\/fr\/projets\/featured-projects\/battery-storage-projects\/stockage-de-batteries-tantow\" target=\"_blank\" rel=\"noreferrer noopener\">le parc de batteries de Tantow en Allemagne<\/a><\/strong>, pr\u00e9vu pour d\u00e9but 2026, permet de combiner batteries recyclables ou syst\u00e8mes thermiques durables avec des batteries lithium-ion pour un usage quotidien.<\/p>\n\n\n\n<p>Malgr\u00e9 ces progr\u00e8s, des obstacles restent\u202f: d\u00e9pendance aux mat\u00e9riaux critiques tels que le lithium, le cobalt ou le nickel, dur\u00e9e de vie en service limit\u00e9e de nombreuses batteries et faible efficacit\u00e9 des syst\u00e8mes de stockage de longue dur\u00e9e \u00e0 l\u2019heure actuelle. Sur le plan \u00e9conomique, les co\u00fbts d\u2019investissement \u00e9lev\u00e9s, la dur\u00e9e des retours sur investissement incertaine, l\u2019acc\u00e8s insuffisant aux march\u00e9s de l\u2019\u00e9nergie constituent des freins incontestables mais \u00e9galement des obstacles r\u00e9glementaires.<\/p>\n\n\n\n<p>L\u2019acceptation de ces innovations par la soci\u00e9t\u00e9 joue \u00e9galement un r\u00f4le vital. En effet, la r\u00e9ussite repose \u00e9galement sur l\u2019adh\u00e9sion sociale\u202f: concertation locale, partage des b\u00e9n\u00e9fices et implication des citoyens renforcent l\u2019acceptation des projets. <strong><a href=\"https:\/\/smartcore.nweurope.eu\/\" target=\"_blank\" rel=\"noreferrer noopener\">Le projet SmartCORE en Europe<\/a><\/strong> concr\u00e9tise cette strat\u00e9gie, associant coop\u00e9ratives et communaut\u00e9s dans cinq pays pour d\u00e9velopper l\u2019autoconsommation collective et la gestion intelligente \u00e0 l\u2019\u00e9chelle locale. Ce projet r\u00e9pond alors \u00e0 ces deux enjeux \u00e9conomiques et sociaux.<\/p>\n\n\n\n<p>Les technologies de stockage ouvrent n\u00e9anmoins de nombreux horizons. Les innovations r\u00e9centes, comme le sodium-ion ou les batteries tout-solide, devraient offrir des solutions plus durables, plus s\u00fbres et moins d\u00e9pendantes des mati\u00e8res premi\u00e8res, tandis que le power-to-gas ou le stockage thermique deviendront \u00e0 long terme des options pertinentes pour les applications trans-sectorielles. Le co\u00fbt r\u00e9duit des syst\u00e8mes, leur dur\u00e9e de vie en service allong\u00e9e et le recours \u00e0 des mati\u00e8res premi\u00e8res plus efficaces contribuent \u00e0 l\u2019attractivit\u00e9 \u00e9conomique du stockage \u00e9nerg\u00e9tique.<\/p>\n\n\n\n<figure class=\"wp-block-image size-large\"><img fetchpriority=\"high\" decoding=\"async\" width=\"1024\" height=\"571\" src=\"https:\/\/www.reichelt.com\/magazin\/wp-content\/uploads\/2026\/03\/adobestock-1895868235-1024x571.webp\" alt=\"Production d'hydrog\u00e8ne par \u00e9lectrolyse \u00e0 partir d'\u00e9nergies renouvelables\" class=\"wp-image-115641\" srcset=\"https:\/\/www.reichelt.com\/magazin\/wp-content\/uploads\/2026\/03\/adobestock-1895868235-1024x571.webp 1024w, https:\/\/www.reichelt.com\/magazin\/wp-content\/uploads\/2026\/03\/adobestock-1895868235-300x168.webp 300w, https:\/\/www.reichelt.com\/magazin\/wp-content\/uploads\/2026\/03\/adobestock-1895868235-768x429.webp 768w, https:\/\/www.reichelt.com\/magazin\/wp-content\/uploads\/2026\/03\/adobestock-1895868235-1536x857.webp 1536w, https:\/\/www.reichelt.com\/magazin\/wp-content\/uploads\/2026\/03\/adobestock-1895868235-2048x1143.webp 2048w, https:\/\/www.reichelt.com\/magazin\/wp-content\/uploads\/2026\/03\/adobestock-1895868235.webp 1200w\" sizes=\"(max-width: 1024px) 100vw, 1024px\" \/><figcaption class=\"wp-element-caption\">Production d&#8217;hydrog\u00e8ne par \u00e9lectrolyse \u00e0 partir d&#8217;\u00e9nergies renouvelables<\/figcaption><\/figure>\n\n\n\n<p>Dans le m\u00eame temps, la transformation num\u00e9rique et la gestion intelligente de l\u2019\u00e9nergie donnent naissance \u00e0 des mod\u00e8les commerciaux innovants, du contr\u00f4le respectueux des r\u00e9seaux \u00e9lectriques aux communaut\u00e9s \u00e9nerg\u00e9tiques, en passant par la gestion des pics de charge. Par cons\u00e9quent, les syst\u00e8mes de stockage \u00e9voluent non seulement pour servir d\u2019amortisseurs techniques, mais deviennent \u00e9galement un \u00e9l\u00e9ment strat\u00e9gique pour faciliter l\u2019av\u00e8nement de syst\u00e8mes \u00e9nerg\u00e9tiques r\u00e9silients et climatiquement neutres.<\/p>\n\n\n\n<p>Images : Adobe Stock<\/p>\n","protected":false},"excerpt":{"rendered":"<p>Avec le d\u00e9veloppement des \u00e9nergies renouvelables, le march\u00e9 du stockage d\u2019\u00e9nergie stationnaire est en plein boom\u00a0: de 75,66 milliards USD en 2023, il pourrait atteindre 231 milliards d\u2019ici 2032, avec une croissance annuelle de 12,45 %. Cette croissance est port\u00e9e par les \u00e9nergies renouvelables, dont la production variable complique l\u2019\u00e9quilibre entre offre et demande. Les [&hellip;]<\/p>\n","protected":false},"author":14,"featured_media":115677,"comment_status":"open","ping_status":"closed","sticky":false,"template":"","format":"standard","meta":{"footnotes":""},"categories":[6048],"tags":[12427,9711,12429,12425],"class_list":["post-115583","post","type-post","status-publish","format-standard","has-post-thumbnail","hentry","category-articles-techniques","tag-batteries-lithium-ion","tag-energies-renouvelables","tag-stockage-denergie","tag-transition-energetique"],"yoast_head":"<!-- This site is optimized with the Yoast SEO Premium plugin v27.4 (Yoast SEO v27.4) - https:\/\/yoast.com\/product\/yoast-seo-premium-wordpress\/ -->\n<title>Pilier cl\u00e9 des infrastructures \u00e9nerg\u00e9tiques de demain<\/title>\n<meta name=\"description\" content=\"Batteries, hydrog\u00e8ne ou pompage-turbinage : d\u00e9couvrez les technologies de stockage cl\u00e9s pour la transition \u00e9nerg\u00e9tique.\" \/>\n<meta name=\"robots\" content=\"index, follow, max-snippet:-1, max-image-preview:large, max-video-preview:-1\" \/>\n<link rel=\"canonical\" href=\"https:\/\/www.reichelt.com\/magazin\/fr\/articles-techniques\/pilier-invisible-mais-incontournable-des-infrastructures-energetiques-de-demain\/\" \/>\n<meta property=\"og:locale\" content=\"fr_FR\" \/>\n<meta property=\"og:type\" content=\"article\" \/>\n<meta property=\"og:title\" content=\"Pilier invisible mais incontournable des infrastructures \u00e9nerg\u00e9tiques de demain\" \/>\n<meta property=\"og:description\" content=\"Batteries, hydrog\u00e8ne ou pompage-turbinage : d\u00e9couvrez les technologies de stockage cl\u00e9s pour la transition \u00e9nerg\u00e9tique.\" \/>\n<meta property=\"og:url\" content=\"https:\/\/www.reichelt.com\/magazin\/fr\/articles-techniques\/pilier-invisible-mais-incontournable-des-infrastructures-energetiques-de-demain\/\" \/>\n<meta property=\"og:site_name\" content=\"reichelt Magazin\" \/>\n<meta property=\"article:published_time\" content=\"2026-03-10T06:30:00+00:00\" \/>\n<meta property=\"article:modified_time\" content=\"2026-03-10T09:38:08+00:00\" \/>\n<meta property=\"og:image\" content=\"https:\/\/www.reichelt.de\/magazin\/wp-content\/uploads\/2026\/03\/fachtitel-energiespeicher.png\" \/>\n\t<meta property=\"og:image:width\" content=\"895\" \/>\n\t<meta property=\"og:image:height\" content=\"400\" \/>\n\t<meta property=\"og:image:type\" content=\"image\/png\" \/>\n<meta name=\"author\" content=\"Claudia Gerdes\" \/>\n<meta name=\"twitter:card\" content=\"summary_large_image\" \/>\n<meta name=\"twitter:label1\" content=\"\u00c9crit par\" \/>\n\t<meta name=\"twitter:data1\" content=\"Claudia Gerdes\" \/>\n\t<meta name=\"twitter:label2\" content=\"Dur\u00e9e de lecture estim\u00e9e\" \/>\n\t<meta name=\"twitter:data2\" content=\"4 minutes\" \/>\n<script type=\"application\/ld+json\" class=\"yoast-schema-graph\">{\"@context\":\"https:\\\/\\\/schema.org\",\"@graph\":[{\"@type\":\"Article\",\"@id\":\"https:\\\/\\\/www.reichelt.com\\\/magazin\\\/fr\\\/articles-techniques\\\/pilier-invisible-mais-incontournable-des-infrastructures-energetiques-de-demain\\\/#article\",\"isPartOf\":{\"@id\":\"https:\\\/\\\/www.reichelt.com\\\/magazin\\\/fr\\\/articles-techniques\\\/pilier-invisible-mais-incontournable-des-infrastructures-energetiques-de-demain\\\/\"},\"author\":{\"name\":\"Claudia Gerdes\",\"@id\":\"https:\\\/\\\/www.reichelt.com\\\/magazin\\\/fr\\\/#\\\/schema\\\/person\\\/f73ea1f7e174a4ac8624b75e3c6405f0\"},\"headline\":\"Pilier invisible mais incontournable des infrastructures \u00e9nerg\u00e9tiques de demain\",\"datePublished\":\"2026-03-10T06:30:00+00:00\",\"dateModified\":\"2026-03-10T09:38:08+00:00\",\"mainEntityOfPage\":{\"@id\":\"https:\\\/\\\/www.reichelt.com\\\/magazin\\\/fr\\\/articles-techniques\\\/pilier-invisible-mais-incontournable-des-infrastructures-energetiques-de-demain\\\/\"},\"wordCount\":726,\"commentCount\":0,\"publisher\":{\"@id\":\"https:\\\/\\\/www.reichelt.com\\\/magazin\\\/fr\\\/#organization\"},\"image\":{\"@id\":\"https:\\\/\\\/www.reichelt.com\\\/magazin\\\/fr\\\/articles-techniques\\\/pilier-invisible-mais-incontournable-des-infrastructures-energetiques-de-demain\\\/#primaryimage\"},\"thumbnailUrl\":\"https:\\\/\\\/www.reichelt.com\\\/magazin\\\/wp-content\\\/uploads\\\/2026\\\/03\\\/fachtitel-energiespeicher.png\",\"keywords\":[\"batteries lithium-ion\",\"\u00e9nergies renouvelables\",\"stockage d\u2019\u00e9nergie\",\"transition \u00e9nerg\u00e9tique\"],\"articleSection\":[\"Articles techniques\"],\"inLanguage\":\"fr-FR\",\"potentialAction\":[{\"@type\":\"CommentAction\",\"name\":\"Comment\",\"target\":[\"https:\\\/\\\/www.reichelt.com\\\/magazin\\\/fr\\\/articles-techniques\\\/pilier-invisible-mais-incontournable-des-infrastructures-energetiques-de-demain\\\/#respond\"]}]},{\"@type\":\"WebPage\",\"@id\":\"https:\\\/\\\/www.reichelt.com\\\/magazin\\\/fr\\\/articles-techniques\\\/pilier-invisible-mais-incontournable-des-infrastructures-energetiques-de-demain\\\/\",\"url\":\"https:\\\/\\\/www.reichelt.com\\\/magazin\\\/fr\\\/articles-techniques\\\/pilier-invisible-mais-incontournable-des-infrastructures-energetiques-de-demain\\\/\",\"name\":\"Pilier cl\u00e9 des infrastructures \u00e9nerg\u00e9tiques de demain\",\"isPartOf\":{\"@id\":\"https:\\\/\\\/www.reichelt.com\\\/magazin\\\/fr\\\/#website\"},\"primaryImageOfPage\":{\"@id\":\"https:\\\/\\\/www.reichelt.com\\\/magazin\\\/fr\\\/articles-techniques\\\/pilier-invisible-mais-incontournable-des-infrastructures-energetiques-de-demain\\\/#primaryimage\"},\"image\":{\"@id\":\"https:\\\/\\\/www.reichelt.com\\\/magazin\\\/fr\\\/articles-techniques\\\/pilier-invisible-mais-incontournable-des-infrastructures-energetiques-de-demain\\\/#primaryimage\"},\"thumbnailUrl\":\"https:\\\/\\\/www.reichelt.com\\\/magazin\\\/wp-content\\\/uploads\\\/2026\\\/03\\\/fachtitel-energiespeicher.png\",\"datePublished\":\"2026-03-10T06:30:00+00:00\",\"dateModified\":\"2026-03-10T09:38:08+00:00\",\"description\":\"Batteries, hydrog\u00e8ne ou pompage-turbinage : d\u00e9couvrez les technologies de stockage cl\u00e9s pour la transition \u00e9nerg\u00e9tique.\",\"breadcrumb\":{\"@id\":\"https:\\\/\\\/www.reichelt.com\\\/magazin\\\/fr\\\/articles-techniques\\\/pilier-invisible-mais-incontournable-des-infrastructures-energetiques-de-demain\\\/#breadcrumb\"},\"inLanguage\":\"fr-FR\",\"potentialAction\":[{\"@type\":\"ReadAction\",\"target\":[\"https:\\\/\\\/www.reichelt.com\\\/magazin\\\/fr\\\/articles-techniques\\\/pilier-invisible-mais-incontournable-des-infrastructures-energetiques-de-demain\\\/\"]}]},{\"@type\":\"ImageObject\",\"inLanguage\":\"fr-FR\",\"@id\":\"https:\\\/\\\/www.reichelt.com\\\/magazin\\\/fr\\\/articles-techniques\\\/pilier-invisible-mais-incontournable-des-infrastructures-energetiques-de-demain\\\/#primaryimage\",\"url\":\"https:\\\/\\\/www.reichelt.com\\\/magazin\\\/wp-content\\\/uploads\\\/2026\\\/03\\\/fachtitel-energiespeicher.png\",\"contentUrl\":\"https:\\\/\\\/www.reichelt.com\\\/magazin\\\/wp-content\\\/uploads\\\/2026\\\/03\\\/fachtitel-energiespeicher.png\",\"width\":895,\"height\":400,\"caption\":\"Energiespeicher der Zukunft \u2013 Entwicklungen, Trends und Potenziale\"},{\"@type\":\"BreadcrumbList\",\"@id\":\"https:\\\/\\\/www.reichelt.com\\\/magazin\\\/fr\\\/articles-techniques\\\/pilier-invisible-mais-incontournable-des-infrastructures-energetiques-de-demain\\\/#breadcrumb\",\"itemListElement\":[{\"@type\":\"ListItem\",\"position\":1,\"name\":\"Home\",\"item\":\"https:\\\/\\\/www.reichelt.com\\\/magazin\\\/fr\\\/\"},{\"@type\":\"ListItem\",\"position\":2,\"name\":\"Pilier invisible mais incontournable des infrastructures \u00e9nerg\u00e9tiques de demain\"}]},{\"@type\":\"WebSite\",\"@id\":\"https:\\\/\\\/www.reichelt.com\\\/magazin\\\/fr\\\/#website\",\"url\":\"https:\\\/\\\/www.reichelt.com\\\/magazin\\\/fr\\\/\",\"name\":\"reichelt Magazin\",\"description\":\"Das Technik Magazin\",\"publisher\":{\"@id\":\"https:\\\/\\\/www.reichelt.com\\\/magazin\\\/fr\\\/#organization\"},\"potentialAction\":[{\"@type\":\"SearchAction\",\"target\":{\"@type\":\"EntryPoint\",\"urlTemplate\":\"https:\\\/\\\/www.reichelt.com\\\/magazin\\\/fr\\\/?s={search_term_string}\"},\"query-input\":{\"@type\":\"PropertyValueSpecification\",\"valueRequired\":true,\"valueName\":\"search_term_string\"}}],\"inLanguage\":\"fr-FR\"},{\"@type\":\"Organization\",\"@id\":\"https:\\\/\\\/www.reichelt.com\\\/magazin\\\/fr\\\/#organization\",\"name\":\"reichelt Magazin\",\"url\":\"https:\\\/\\\/www.reichelt.com\\\/magazin\\\/fr\\\/\",\"logo\":{\"@type\":\"ImageObject\",\"inLanguage\":\"fr-FR\",\"@id\":\"https:\\\/\\\/www.reichelt.com\\\/magazin\\\/fr\\\/#\\\/schema\\\/logo\\\/image\\\/\",\"url\":\"https:\\\/\\\/www.reichelt.com\\\/magazin\\\/wp-content\\\/uploads\\\/2021\\\/11\\\/reichelt_magazin_logo_de_nl-1.svg\",\"contentUrl\":\"https:\\\/\\\/www.reichelt.com\\\/magazin\\\/wp-content\\\/uploads\\\/2021\\\/11\\\/reichelt_magazin_logo_de_nl-1.svg\",\"width\":456,\"height\":149,\"caption\":\"reichelt Magazin\"},\"image\":{\"@id\":\"https:\\\/\\\/www.reichelt.com\\\/magazin\\\/fr\\\/#\\\/schema\\\/logo\\\/image\\\/\"}},{\"@type\":\"Person\",\"@id\":\"https:\\\/\\\/www.reichelt.com\\\/magazin\\\/fr\\\/#\\\/schema\\\/person\\\/f73ea1f7e174a4ac8624b75e3c6405f0\",\"name\":\"Claudia Gerdes\"}]}<\/script>\n<!-- \/ Yoast SEO Premium plugin. -->","yoast_head_json":{"title":"Pilier cl\u00e9 des infrastructures \u00e9nerg\u00e9tiques de demain","description":"Batteries, hydrog\u00e8ne ou pompage-turbinage : d\u00e9couvrez les technologies de stockage cl\u00e9s pour la transition \u00e9nerg\u00e9tique.","robots":{"index":"index","follow":"follow","max-snippet":"max-snippet:-1","max-image-preview":"max-image-preview:large","max-video-preview":"max-video-preview:-1"},"canonical":"https:\/\/www.reichelt.com\/magazin\/fr\/articles-techniques\/pilier-invisible-mais-incontournable-des-infrastructures-energetiques-de-demain\/","og_locale":"fr_FR","og_type":"article","og_title":"Pilier invisible mais incontournable des infrastructures \u00e9nerg\u00e9tiques de demain","og_description":"Batteries, hydrog\u00e8ne ou pompage-turbinage : d\u00e9couvrez les technologies de stockage cl\u00e9s pour la transition \u00e9nerg\u00e9tique.","og_url":"https:\/\/www.reichelt.com\/magazin\/fr\/articles-techniques\/pilier-invisible-mais-incontournable-des-infrastructures-energetiques-de-demain\/","og_site_name":"reichelt Magazin","article_published_time":"2026-03-10T06:30:00+00:00","article_modified_time":"2026-03-10T09:38:08+00:00","og_image":[{"width":895,"height":400,"url":"https:\/\/www.reichelt.de\/magazin\/wp-content\/uploads\/2026\/03\/fachtitel-energiespeicher.png","type":"image\/png"}],"author":"Claudia Gerdes","twitter_card":"summary_large_image","twitter_misc":{"\u00c9crit par":"Claudia Gerdes","Dur\u00e9e de lecture estim\u00e9e":"4 minutes"},"schema":{"@context":"https:\/\/schema.org","@graph":[{"@type":"Article","@id":"https:\/\/www.reichelt.com\/magazin\/fr\/articles-techniques\/pilier-invisible-mais-incontournable-des-infrastructures-energetiques-de-demain\/#article","isPartOf":{"@id":"https:\/\/www.reichelt.com\/magazin\/fr\/articles-techniques\/pilier-invisible-mais-incontournable-des-infrastructures-energetiques-de-demain\/"},"author":{"name":"Claudia Gerdes","@id":"https:\/\/www.reichelt.com\/magazin\/fr\/#\/schema\/person\/f73ea1f7e174a4ac8624b75e3c6405f0"},"headline":"Pilier invisible mais incontournable des infrastructures \u00e9nerg\u00e9tiques de demain","datePublished":"2026-03-10T06:30:00+00:00","dateModified":"2026-03-10T09:38:08+00:00","mainEntityOfPage":{"@id":"https:\/\/www.reichelt.com\/magazin\/fr\/articles-techniques\/pilier-invisible-mais-incontournable-des-infrastructures-energetiques-de-demain\/"},"wordCount":726,"commentCount":0,"publisher":{"@id":"https:\/\/www.reichelt.com\/magazin\/fr\/#organization"},"image":{"@id":"https:\/\/www.reichelt.com\/magazin\/fr\/articles-techniques\/pilier-invisible-mais-incontournable-des-infrastructures-energetiques-de-demain\/#primaryimage"},"thumbnailUrl":"https:\/\/www.reichelt.com\/magazin\/wp-content\/uploads\/2026\/03\/fachtitel-energiespeicher.png","keywords":["batteries lithium-ion","\u00e9nergies renouvelables","stockage d\u2019\u00e9nergie","transition \u00e9nerg\u00e9tique"],"articleSection":["Articles techniques"],"inLanguage":"fr-FR","potentialAction":[{"@type":"CommentAction","name":"Comment","target":["https:\/\/www.reichelt.com\/magazin\/fr\/articles-techniques\/pilier-invisible-mais-incontournable-des-infrastructures-energetiques-de-demain\/#respond"]}]},{"@type":"WebPage","@id":"https:\/\/www.reichelt.com\/magazin\/fr\/articles-techniques\/pilier-invisible-mais-incontournable-des-infrastructures-energetiques-de-demain\/","url":"https:\/\/www.reichelt.com\/magazin\/fr\/articles-techniques\/pilier-invisible-mais-incontournable-des-infrastructures-energetiques-de-demain\/","name":"Pilier cl\u00e9 des infrastructures \u00e9nerg\u00e9tiques de demain","isPartOf":{"@id":"https:\/\/www.reichelt.com\/magazin\/fr\/#website"},"primaryImageOfPage":{"@id":"https:\/\/www.reichelt.com\/magazin\/fr\/articles-techniques\/pilier-invisible-mais-incontournable-des-infrastructures-energetiques-de-demain\/#primaryimage"},"image":{"@id":"https:\/\/www.reichelt.com\/magazin\/fr\/articles-techniques\/pilier-invisible-mais-incontournable-des-infrastructures-energetiques-de-demain\/#primaryimage"},"thumbnailUrl":"https:\/\/www.reichelt.com\/magazin\/wp-content\/uploads\/2026\/03\/fachtitel-energiespeicher.png","datePublished":"2026-03-10T06:30:00+00:00","dateModified":"2026-03-10T09:38:08+00:00","description":"Batteries, hydrog\u00e8ne ou pompage-turbinage : d\u00e9couvrez les technologies de stockage cl\u00e9s pour la transition \u00e9nerg\u00e9tique.","breadcrumb":{"@id":"https:\/\/www.reichelt.com\/magazin\/fr\/articles-techniques\/pilier-invisible-mais-incontournable-des-infrastructures-energetiques-de-demain\/#breadcrumb"},"inLanguage":"fr-FR","potentialAction":[{"@type":"ReadAction","target":["https:\/\/www.reichelt.com\/magazin\/fr\/articles-techniques\/pilier-invisible-mais-incontournable-des-infrastructures-energetiques-de-demain\/"]}]},{"@type":"ImageObject","inLanguage":"fr-FR","@id":"https:\/\/www.reichelt.com\/magazin\/fr\/articles-techniques\/pilier-invisible-mais-incontournable-des-infrastructures-energetiques-de-demain\/#primaryimage","url":"https:\/\/www.reichelt.com\/magazin\/wp-content\/uploads\/2026\/03\/fachtitel-energiespeicher.png","contentUrl":"https:\/\/www.reichelt.com\/magazin\/wp-content\/uploads\/2026\/03\/fachtitel-energiespeicher.png","width":895,"height":400,"caption":"Energiespeicher der Zukunft \u2013 Entwicklungen, Trends und Potenziale"},{"@type":"BreadcrumbList","@id":"https:\/\/www.reichelt.com\/magazin\/fr\/articles-techniques\/pilier-invisible-mais-incontournable-des-infrastructures-energetiques-de-demain\/#breadcrumb","itemListElement":[{"@type":"ListItem","position":1,"name":"Home","item":"https:\/\/www.reichelt.com\/magazin\/fr\/"},{"@type":"ListItem","position":2,"name":"Pilier invisible mais incontournable des infrastructures \u00e9nerg\u00e9tiques de demain"}]},{"@type":"WebSite","@id":"https:\/\/www.reichelt.com\/magazin\/fr\/#website","url":"https:\/\/www.reichelt.com\/magazin\/fr\/","name":"reichelt Magazin","description":"Das Technik Magazin","publisher":{"@id":"https:\/\/www.reichelt.com\/magazin\/fr\/#organization"},"potentialAction":[{"@type":"SearchAction","target":{"@type":"EntryPoint","urlTemplate":"https:\/\/www.reichelt.com\/magazin\/fr\/?s={search_term_string}"},"query-input":{"@type":"PropertyValueSpecification","valueRequired":true,"valueName":"search_term_string"}}],"inLanguage":"fr-FR"},{"@type":"Organization","@id":"https:\/\/www.reichelt.com\/magazin\/fr\/#organization","name":"reichelt Magazin","url":"https:\/\/www.reichelt.com\/magazin\/fr\/","logo":{"@type":"ImageObject","inLanguage":"fr-FR","@id":"https:\/\/www.reichelt.com\/magazin\/fr\/#\/schema\/logo\/image\/","url":"https:\/\/www.reichelt.com\/magazin\/wp-content\/uploads\/2021\/11\/reichelt_magazin_logo_de_nl-1.svg","contentUrl":"https:\/\/www.reichelt.com\/magazin\/wp-content\/uploads\/2021\/11\/reichelt_magazin_logo_de_nl-1.svg","width":456,"height":149,"caption":"reichelt Magazin"},"image":{"@id":"https:\/\/www.reichelt.com\/magazin\/fr\/#\/schema\/logo\/image\/"}},{"@type":"Person","@id":"https:\/\/www.reichelt.com\/magazin\/fr\/#\/schema\/person\/f73ea1f7e174a4ac8624b75e3c6405f0","name":"Claudia Gerdes"}]}},"_links":{"self":[{"href":"https:\/\/www.reichelt.com\/magazin\/fr\/wp-json\/wp\/v2\/posts\/115583","targetHints":{"allow":["GET"]}}],"collection":[{"href":"https:\/\/www.reichelt.com\/magazin\/fr\/wp-json\/wp\/v2\/posts"}],"about":[{"href":"https:\/\/www.reichelt.com\/magazin\/fr\/wp-json\/wp\/v2\/types\/post"}],"author":[{"embeddable":true,"href":"https:\/\/www.reichelt.com\/magazin\/fr\/wp-json\/wp\/v2\/users\/14"}],"replies":[{"embeddable":true,"href":"https:\/\/www.reichelt.com\/magazin\/fr\/wp-json\/wp\/v2\/comments?post=115583"}],"version-history":[{"count":3,"href":"https:\/\/www.reichelt.com\/magazin\/fr\/wp-json\/wp\/v2\/posts\/115583\/revisions"}],"predecessor-version":[{"id":115649,"href":"https:\/\/www.reichelt.com\/magazin\/fr\/wp-json\/wp\/v2\/posts\/115583\/revisions\/115649"}],"wp:featuredmedia":[{"embeddable":true,"href":"https:\/\/www.reichelt.com\/magazin\/fr\/wp-json\/wp\/v2\/media\/115677"}],"wp:attachment":[{"href":"https:\/\/www.reichelt.com\/magazin\/fr\/wp-json\/wp\/v2\/media?parent=115583"}],"wp:term":[{"taxonomy":"category","embeddable":true,"href":"https:\/\/www.reichelt.com\/magazin\/fr\/wp-json\/wp\/v2\/categories?post=115583"},{"taxonomy":"post_tag","embeddable":true,"href":"https:\/\/www.reichelt.com\/magazin\/fr\/wp-json\/wp\/v2\/tags?post=115583"}],"curies":[{"name":"wp","href":"https:\/\/api.w.org\/{rel}","templated":true}]}}